{"id":132714,"date":"2025-10-30T15:22:04","date_gmt":"2025-10-30T15:22:04","guid":{"rendered":"https:\/\/www.europesays.com\/pt\/132714\/"},"modified":"2025-10-30T15:22:04","modified_gmt":"2025-10-30T15:22:04","slug":"perspetivas-ainda-sao-incertas-bce-deixa-taxas-diretoras-da-zona-euro-sem-alteracoes","status":"publish","type":"post","link":"https:\/\/www.europesays.com\/pt\/132714\/","title":{"rendered":"&#8220;Perspetivas ainda s\u00e3o incertas&#8221;. BCE deixa taxas diretoras da Zona Euro sem altera\u00e7\u00f5es"},"content":{"rendered":"<p>&#13;<br \/>\nEm <b><a href=\"https:\/\/www.ecb.europa.eu\/press\/pr\/date\/2025\/html\/ecb.mp251030~cf0540b5c0.pt.html\" target=\"_blank\" rel=\"nofollow noopener\">nota publicada no seu site<\/a><\/b>, o BCE indica que <b>as taxas relativas \u00e0 facilidade permanente de dep\u00f3sito, \u00e0s opera\u00e7\u00f5es principais de refinanciamento e \u00e0 facilidade permanente de ced\u00eancia de liquidez ficam em dois por cento, 2,15 e 2,40<\/b>, respetivamente.&#13;\n<\/p>\n<p>&#13;<br \/>\n<b>&#8220;A infla\u00e7\u00e3o permanece num n\u00edvel pr\u00f3ximo do objetivo de m\u00e9dio prazo de dois por cento e a avalia\u00e7\u00e3o das perspetivas de infla\u00e7\u00e3o efetuada pelo Conselho do BCE mant\u00e9m\u2011se, em geral, inalterada&#8221;<\/b>, l\u00ea-se no mesmo texto.A institui\u00e7\u00e3o presidida por Christine Lagarde assinala ainda que &#8220;a economia continuou a registar crescimento, n\u00e3o obstante a conjuntura mundial dif\u00edcil&#8221;. <br \/>&#13;\n<\/p>\n<p>&#8220;A robustez do mercado de trabalho, a solidez dos balan\u00e7os no setor privado e as anteriores redu\u00e7\u00f5es das taxas de juro decididas pelo Conselho do BCE permanecem importantes fontes de resili\u00eancia&#8221;.<\/p>\n<p>O Banco Central Europeu ressalva, todavia, que <b>&#8220;as perspetivas ainda s\u00e3o incertas, em particular devido \u00e0 continua\u00e7\u00e3o dos lit\u00edgios comerciais e das tens\u00f5es geopol\u00edticas a n\u00edvel mundial&#8221;<\/b>.<\/p>\n<p>&#8220;O Conselho do BCE est\u00e1 determinado a assegurar que a infla\u00e7\u00e3o estabiliza no seu objetivo de dois por cento a m\u00e9dio prazo. Seguir\u00e1 uma abordagem dependente dos dados e reuni\u00e3o a reuni\u00e3o para decidir a orienta\u00e7\u00e3o apropriada da pol\u00edtica monet\u00e1ria&#8221;.A pr\u00f3xima reuni\u00e3o do Conselho do BCE sobre pol\u00edtica monet\u00e1ria ter\u00e1 lugar a 17 e 18 de dezembro em Frankfurt. <\/p>\n<p>As decis\u00f5es relativas \u00e0s taxas de juro, frisa o BCE, &#8220;basear\u2011se\u2011\u00e3o na avalia\u00e7\u00e3o das perspetivas de infla\u00e7\u00e3o e dos riscos em torno das mesmas \u2013 \u00e0 luz dos dados econ\u00f3micos e financeiros que forem sendo disponibilizados \u2013, bem como da din\u00e2mica da infla\u00e7\u00e3o subjacente e da for\u00e7a da transmiss\u00e3o da pol\u00edtica monet\u00e1ria&#8221;. <\/p>\n<p><b>&#8220;O Conselho do BCE n\u00e3o se compromete previamente com uma trajet\u00f3ria de taxas espec\u00edfica&#8221;<\/b>, vinca-se na nota.<br \/>&#13;<\/p>\n","protected":false},"excerpt":{"rendered":"&#13; Em nota publicada no seu site, o BCE indica que as taxas relativas \u00e0 facilidade permanente de&hellip;\n","protected":false},"author":2,"featured_media":132715,"comment_status":"","ping_status":"","sticky":false,"template":"","format":"standard","meta":{"footnotes":""},"categories":[83],"tags":[99,1213,88,30068,89,90,18322,32,33,102,100],"class_list":{"0":"post-132714","1":"post","2":"type-post","3":"status-publish","4":"format-standard","5":"has-post-thumbnail","7":"category-empresas","8":"tag-banco-central-europeu","9":"tag-bce","10":"tag-business","11":"tag-diretoras","12":"tag-economy","13":"tag-empresas","14":"tag-juro","15":"tag-portugal","16":"tag-pt","17":"tag-referencia","18":"tag-taxas"},"share_on_mastodon":{"url":"","error":""},"_links":{"self":[{"href":"https:\/\/www.europesays.com\/pt\/wp-json\/wp\/v2\/posts\/132714","targetHints":{"allow":["GET"]}}],"collection":[{"href":"https:\/\/www.europesays.com\/pt\/wp-json\/wp\/v2\/posts"}],"about":[{"href":"https:\/\/www.europesays.com\/pt\/wp-json\/wp\/v2\/types\/post"}],"author":[{"embeddable":true,"href":"https:\/\/www.europesays.com\/pt\/wp-json\/wp\/v2\/users\/2"}],"replies":[{"embeddable":true,"href":"https:\/\/www.europesays.com\/pt\/wp-json\/wp\/v2\/comments?post=132714"}],"version-history":[{"count":0,"href":"https:\/\/www.europesays.com\/pt\/wp-json\/wp\/v2\/posts\/132714\/revisions"}],"wp:featuredmedia":[{"embeddable":true,"href":"https:\/\/www.europesays.com\/pt\/wp-json\/wp\/v2\/media\/132715"}],"wp:attachment":[{"href":"https:\/\/www.europesays.com\/pt\/wp-json\/wp\/v2\/media?parent=132714"}],"wp:term":[{"taxonomy":"category","embeddable":true,"href":"https:\/\/www.europesays.com\/pt\/wp-json\/wp\/v2\/categories?post=132714"},{"taxonomy":"post_tag","embeddable":true,"href":"https:\/\/www.europesays.com\/pt\/wp-json\/wp\/v2\/tags?post=132714"}],"curies":[{"name":"wp","href":"https:\/\/api.w.org\/{rel}","templated":true}]}}