{"id":132718,"date":"2025-10-30T15:24:27","date_gmt":"2025-10-30T15:24:27","guid":{"rendered":"https:\/\/www.europesays.com\/pt\/132718\/"},"modified":"2025-10-30T15:24:27","modified_gmt":"2025-10-30T15:24:27","slug":"leitao-amaro-responde-ao-chega-e-falso-falar-de-imigrantes-como-parasitas-do-estado-social","status":"publish","type":"post","link":"https:\/\/www.europesays.com\/pt\/132718\/","title":{"rendered":"Leit\u00e3o Amaro responde ao Chega: \u00e9 falso falar de imigrantes como &#8220;parasitas do Estado social&#8221;"},"content":{"rendered":"<p data-remotead-prev-elm=\"true\" data-remotead-elm-id=\"inread\">&#8220;A sua liga\u00e7\u00e3o [imigrantes] entre crime e imigra\u00e7\u00e3o \u00e9 falsa, a mesma coisa sobre o parasitar das presta\u00e7\u00f5es sociais&#8221;, disse Ant\u00f3nio Leit\u00e3o Amaro em resposta a deputados do Chega durante o debate no parlamento da especialidade da proposta do Governo para o Or\u00e7amento de Estado para 2026 (OE2026).<\/p>\n<blockquote data-type=\"articles\" data-id=\"related-article-18013824\"><p>\n              <strong>Leia tamb\u00e9m <\/strong><br \/>\n              <a href=\"https:\/\/www.jn.pt\/nacional\/artigo\/a-aima-falhou-completamente-em-tudo-menos-na-perseguicao-aos-imigrantes\/18013824\" rel=\"nofollow noopener\" target=\"_blank\">A AIMA &#8220;falhou completamente em tudo, menos na persegui\u00e7\u00e3o aos imigrantes&#8221;<\/a>\n            <\/p><\/blockquote>\n<p>O governante sustentou que n\u00e3o \u00e9 &#8220;justo falar das pessoas estrangeiras que vivem em Portugal como parasitas do Estado social, nem como criminosos&#8221;. &#8220;O crime n\u00e3o tem cor de pele, nacionalidade e religi\u00e3o nem na v\u00edtima, nem no autor, quem faz associa\u00e7\u00f5es que s\u00e3o desmentidas pelos n\u00fameros est\u00e1 a instrumentalizar e a querer criar uma mentira na sociedade portuguesa&#8221;, frisou.<\/p>\n<p>Leit\u00e3o Amaro referiu que &#8220;a imigra\u00e7\u00e3o irrespons\u00e1vel&#8221; quadruplicou em Portugal, &#8220;mas a taxa de criminalidade e os n\u00fameros da criminalidade n\u00e3o tiveram uma evolu\u00e7\u00e3o correlacional&#8221;. &#8220;Os imigrantes beneficiam de RSI [Rendimento Social de Inser\u00e7\u00e3o] menos do que a sua propor\u00e7\u00e3o na popula\u00e7\u00e3o portuguesa, a mesma coisa de apoios sociais, contribuem v\u00e1rias vezes mais do que recebem hoje. No futuro v\u00e3o receber, mas \u00e9 falso essa sua ideia de parasitar&#8221;, disse em resposta ao deputado do Chega Ricardo Reis.<\/p>\n","protected":false},"excerpt":{"rendered":"&#8220;A sua liga\u00e7\u00e3o [imigrantes] entre crime e imigra\u00e7\u00e3o \u00e9 falsa, a mesma coisa sobre o parasitar das presta\u00e7\u00f5es&hellip;\n","protected":false},"author":2,"featured_media":132719,"comment_status":"","ping_status":"","sticky":false,"template":"","format":"standard","meta":{"footnotes":""},"categories":[10],"tags":[14705,27,28,15,16,14,1481,1865,25,26,21,22,619,12,13,19,20,32,23,24,33,17,18,29,30,31],"class_list":{"0":"post-132718","1":"post","2":"type-post","3":"status-publish","4":"format-standard","5":"has-post-thumbnail","7":"category-portugal","8":"tag-antonio-leitao-amaro","9":"tag-breaking-news","10":"tag-breakingnews","11":"tag-featured-news","12":"tag-featurednews","13":"tag-headlines","14":"tag-imigracao","15":"tag-imigrantes","16":"tag-latest-news","17":"tag-latestnews","18":"tag-main-news","19":"tag-mainnews","20":"tag-nacional","21":"tag-news","22":"tag-noticias","23":"tag-noticias-principais","24":"tag-noticiasprincipais","25":"tag-portugal","26":"tag-principais-noticias","27":"tag-principaisnoticias","28":"tag-pt","29":"tag-top-stories","30":"tag-topstories","31":"tag-ultimas","32":"tag-ultimas-noticias","33":"tag-ultimasnoticias"},"share_on_mastodon":{"url":"https:\/\/pubeurope.com\/@pt\/115463812747627460","error":""},"_links":{"self":[{"href":"https:\/\/www.europesays.com\/pt\/wp-json\/wp\/v2\/posts\/132718","targetHints":{"allow":["GET"]}}],"collection":[{"href":"https:\/\/www.europesays.com\/pt\/wp-json\/wp\/v2\/posts"}],"about":[{"href":"https:\/\/www.europesays.com\/pt\/wp-json\/wp\/v2\/types\/post"}],"author":[{"embeddable":true,"href":"https:\/\/www.europesays.com\/pt\/wp-json\/wp\/v2\/users\/2"}],"replies":[{"embeddable":true,"href":"https:\/\/www.europesays.com\/pt\/wp-json\/wp\/v2\/comments?post=132718"}],"version-history":[{"count":0,"href":"https:\/\/www.europesays.com\/pt\/wp-json\/wp\/v2\/posts\/132718\/revisions"}],"wp:featuredmedia":[{"embeddable":true,"href":"https:\/\/www.europesays.com\/pt\/wp-json\/wp\/v2\/media\/132719"}],"wp:attachment":[{"href":"https:\/\/www.europesays.com\/pt\/wp-json\/wp\/v2\/media?parent=132718"}],"wp:term":[{"taxonomy":"category","embeddable":true,"href":"https:\/\/www.europesays.com\/pt\/wp-json\/wp\/v2\/categories?post=132718"},{"taxonomy":"post_tag","embeddable":true,"href":"https:\/\/www.europesays.com\/pt\/wp-json\/wp\/v2\/tags?post=132718"}],"curies":[{"name":"wp","href":"https:\/\/api.w.org\/{rel}","templated":true}]}}