{"id":132720,"date":"2025-10-30T15:26:16","date_gmt":"2025-10-30T15:26:16","guid":{"rendered":"https:\/\/www.europesays.com\/pt\/132720\/"},"modified":"2025-10-30T15:26:16","modified_gmt":"2025-10-30T15:26:16","slug":"a-minha-vida-nao-era-perfeita-marta-melro-emociona-se-com-momento-de-ternura-ao-lado-da-filha-novelas","status":"publish","type":"post","link":"https:\/\/www.europesays.com\/pt\/132720\/","title":{"rendered":"\u201cA minha vida n\u00e3o era perfeita\u201d: Marta Melro emociona-se com momento de ternura ao lado da filha &#8211; Novelas"},"content":{"rendered":"<p data-end=\"415\" data-start=\"75\"><a href=\"https:\/\/tvi.iol.pt\/novelas\/marta-melro\/paulo-vintem\/marta-melro-partilha-desabafo-emotivo-olhei-para-o-espelho-de-manha-e-senti-me-feiae\" rel=\"nofollow noopener\" target=\"_blank\"><strong data-end=\"90\" data-start=\"75\">Marta Melro<\/strong><\/a>, atriz que d\u00e1 vida a Sofia na novela \u00abA Fazenda\u00bb e m\u00e3e de <strong data-end=\"109\" data-start=\"99\">Aurora<\/strong>, de tr\u00eas anos, viveu na noite de <strong data-end=\"173\" data-start=\"143\">ter\u00e7a-feira, 28 de outubro<\/strong>, um <strong data-end=\"219\" data-start=\"178\">momento especial e repleto de ternura<\/strong>, que a fez olhar para a vida como algo \u201cmuito pr\u00f3ximo da perfei\u00e7\u00e3o\u201d. A atriz partilhou o epis\u00f3dio nas redes sociais, com um relato genu\u00edno e tocante que <strong data-end=\"412\" data-start=\"373\">emocionou f\u00e3s, admiradores e amigos<\/strong>.<\/p>\n<p data-end=\"512\" data-start=\"417\">Atrav\u00e9s da rede social <strong data-end=\"453\" data-start=\"440\">Instagram<\/strong>, Marta descreveu o instante de cumplicidade com a filha:<strong> \u201cA minha vida n\u00e3o \u00e9 perfeita, longe disso, mas hoje quando, antes de dormir, fiquei com a minha filha sentada ao p\u00e9 da janela, de olhos fechados, para ouvir melhor a chuva e com as nossas bochechas coladas uma na outra, pensei que se a minha vida n\u00e3o era perfeita, estava muito pr\u00f3xima disso.\u201d<\/strong><\/p>\n<p data-end=\"512\" data-start=\"417\"><img loading=\"lazy\" decoding=\"async\" alt=\"\" height=\"148\" src=\"https:\/\/www.europesays.com\/pt\/wp-content\/uploads\/2025\/10\/6902329bd34ee0c2fed1cfef.webp\" width=\"100\"\/><\/p>\n<p data-end=\"1346\" data-start=\"812\">O testemunho revela uma <strong data-end=\"874\" data-start=\"836\">liga\u00e7\u00e3o profunda entre m\u00e3e e filha<\/strong>, marcada pela <strong data-end=\"935\" data-start=\"889\">ternura, simplicidade e partilha emocional<\/strong>. Marta Melro tem vindo a mostrar, atrav\u00e9s das suas publica\u00e7\u00f5es, o <strong data-end=\"1038\" data-start=\"1002\">forte v\u00ednculo que a une a Aurora<\/strong>, uma rela\u00e7\u00e3o constru\u00edda com afeto, paci\u00eancia e presen\u00e7a constante. O momento descrito simboliza a <strong data-end=\"1185\" data-start=\"1137\">intimidade quotidiana e o amor incondicional<\/strong> que define o la\u00e7o entre ambas.<\/p>\n<p data-end=\"1346\" data-start=\"812\">Reveja aqui uma entrevista muito profunda sobre esta fase da maternidade:\u00a0<\/p>\n<p data-end=\"1091\" data-start=\"786\">Recorde-se ainda do contexto familiar da atriz, em que<strong data-end=\"866\" data-start=\"844\">\u00a0Paulo Vint\u00e9m<\/strong>, pai da pequena Aurora, <strong data-end=\"945\" data-start=\"891\">se separaram quando a menina tinha apenas 10 meses<\/strong>. O t\u00e9rmino da rela\u00e7\u00e3o foi <strong data-end=\"1002\" data-start=\"972\">anunciado em junho de 2023<\/strong>, tendo Marta explicado que a decis\u00e3o partiu do m\u00fasico, que integrou a banda <strong data-end=\"1088\" data-start=\"1079\">D\u2019ZRT<\/strong>.<\/p>\n<p data-end=\"1238\" data-is-last-node=\"\" data-is-only-node=\"\" data-start=\"1093\">Apesar da separa\u00e7\u00e3o, <strong data-end=\"1178\" data-start=\"1114\">Marta Melro e Paulo Vint\u00e9m mant\u00eam uma rela\u00e7\u00e3o de proximidade<\/strong>, com o objetivo comum de garantir o <strong data-end=\"1237\" data-start=\"1215\">bem-estar da filha<\/strong>.<\/p>\n<p data-end=\"1238\" data-is-last-node=\"\" data-is-only-node=\"\" data-start=\"1093\">Veja tamb\u00e9m:\u00a0<\/p>\n<p data-end=\"1238\" data-is-last-node=\"\" data-is-only-node=\"\" data-start=\"1093\"><a href=\"https:\/\/tvi.iol.pt\/novelas\/matilde-breyner\/tiago-felizardo\/matilde-breyner-mostra-novo-amor-e-tiago-felizardo-nao-resiste-estamos-numa-relacao-a-tres\" rel=\"nofollow noopener\" target=\"_blank\">Matilde Breyner mostra novo \u201camor\u201d e Tiago Felizardo n\u00e3o resiste: \u00abEstamos numa rela\u00e7\u00e3o a tr\u00eas? \u00bb &#8211; Novelas &#8211; TVI<\/a><\/p>\n<p data-end=\"1238\" data-is-last-node=\"\" data-is-only-node=\"\" data-start=\"1093\"><a href=\"https:\/\/tvi.iol.pt\/novelas\/catarina-siqueira\/maternidade\/estou-farta-desta-gravidez-catarina-siqueira-responde-as-criticas-e-fala-sem-filtros\" rel=\"nofollow noopener\" target=\"_blank\">\u00abEstou farta desta gravidez\u00bb: Catarina Siqueira responde \u00e0s cr\u00edticas e fala sem filtros &#8211; Novelas &#8211; TVI<\/a><\/p>\n","protected":false},"excerpt":{"rendered":"Marta Melro, atriz que d\u00e1 vida a Sofia na novela \u00abA Fazenda\u00bb e m\u00e3e de Aurora, de tr\u00eas&hellip;\n","protected":false},"author":2,"featured_media":132721,"comment_status":"","ping_status":"","sticky":false,"template":"","format":"standard","meta":{"footnotes":""},"categories":[145],"tags":[2642,160,11853,211,210,166,114,115,157,167,164,18577,2558,161,158,165,159,32,33,156,163,162],"class_list":{"0":"post-132720","1":"post","2":"type-post","3":"status-publish","4":"format-standard","5":"has-post-thumbnail","7":"category-celebridades","8":"tag-amor","9":"tag-ana-guiomar","10":"tag-aurora","11":"tag-celebridades","12":"tag-celebrities","13":"tag-cristina-ferreira","14":"tag-entertainment","15":"tag-entretenimento","16":"tag-festa-e-festa","17":"tag-ficcao","18":"tag-jose-fidalgo","19":"tag-marta-melro","20":"tag-maternidade","21":"tag-novelas","22":"tag-para-sempre","23":"tag-pedro-sousa","24":"tag-pedro-teixeira","25":"tag-portugal","26":"tag-pt","27":"tag-queridos-papas","28":"tag-tiago-teotonio-pereira","29":"tag-tvi"},"share_on_mastodon":{"url":"https:\/\/pubeurope.com\/@pt\/115463820782978149","error":""},"_links":{"self":[{"href":"https:\/\/www.europesays.com\/pt\/wp-json\/wp\/v2\/posts\/132720","targetHints":{"allow":["GET"]}}],"collection":[{"href":"https:\/\/www.europesays.com\/pt\/wp-json\/wp\/v2\/posts"}],"about":[{"href":"https:\/\/www.europesays.com\/pt\/wp-json\/wp\/v2\/types\/post"}],"author":[{"embeddable":true,"href":"https:\/\/www.europesays.com\/pt\/wp-json\/wp\/v2\/users\/2"}],"replies":[{"embeddable":true,"href":"https:\/\/www.europesays.com\/pt\/wp-json\/wp\/v2\/comments?post=132720"}],"version-history":[{"count":0,"href":"https:\/\/www.europesays.com\/pt\/wp-json\/wp\/v2\/posts\/132720\/revisions"}],"wp:featuredmedia":[{"embeddable":true,"href":"https:\/\/www.europesays.com\/pt\/wp-json\/wp\/v2\/media\/132721"}],"wp:attachment":[{"href":"https:\/\/www.europesays.com\/pt\/wp-json\/wp\/v2\/media?parent=132720"}],"wp:term":[{"taxonomy":"category","embeddable":true,"href":"https:\/\/www.europesays.com\/pt\/wp-json\/wp\/v2\/categories?post=132720"},{"taxonomy":"post_tag","embeddable":true,"href":"https:\/\/www.europesays.com\/pt\/wp-json\/wp\/v2\/tags?post=132720"}],"curies":[{"name":"wp","href":"https:\/\/api.w.org\/{rel}","templated":true}]}}