{"id":132722,"date":"2025-10-30T15:29:10","date_gmt":"2025-10-30T15:29:10","guid":{"rendered":"https:\/\/www.europesays.com\/pt\/132722\/"},"modified":"2025-10-30T15:29:10","modified_gmt":"2025-10-30T15:29:10","slug":"apos-uma-semana-desaparecida-barbara-parada-quebra-o-silencio-ainda-me-custa-bastante-secret-story","status":"publish","type":"post","link":"https:\/\/www.europesays.com\/pt\/132722\/","title":{"rendered":"Ap\u00f3s \u00abuma semana desaparecida\u00bb, B\u00e1rbara Parada quebra o sil\u00eancio: \u00abAinda me custa bastante\u00bb &#8211; Secret Story"},"content":{"rendered":"<p>B\u00e1rbara Parada quebrou o sil\u00eancio e regressou \u00e0s redes sociais ap\u00f3s ter estado ausente uma semana devido <a href=\"https:\/\/tvi.iol.pt\/secretstory\/barbara-parada\/francisco-monteiro\/barbara-parada-esta-de-luto-e-a-despedida-e-arrepiante-obrigada-por-me-amares\" rel=\"nofollow noopener\" target=\"_blank\">\u00e0 morte da cadela que tinha h\u00e1 muitos anos.\u00a0<\/a><\/p>\n<p>\u00abAntes de voltar aqui ap\u00f3s uma semana desaparecida, n\u00e3o queria faz\u00ea-lo sem antes agradecer \u00e0s milhares e digo mesmo, milhares de mensagens que recebi sobre a Kika. N\u00e3o podia voltar e &#8216;ignorar-vos&#8217;. Foram todas lindas e senti mesmo o vosso carinho\u00bb, come\u00e7ou por escrever.\u00a0<\/p>\n<p><img loading=\"lazy\" decoding=\"async\" alt=\"\" height=\"889\" src=\"https:\/\/www.europesays.com\/pt\/wp-content\/uploads\/2025\/10\/69033e20d34e3caad84ab5a1.webp\" width=\"500\"\/><\/p>\n<p>A ex-concorrente do Big Brother acrescentou: \u00abN\u00e3o respondi a ningu\u00e9m nem estive muito presente, porque ainda me custa bastante falar do assunto. Passei os dias praticamente todos a jogar padel, s\u00f3 para tentar ocupar a cabe\u00e7a e distrair-me um bocadinho\u00bb.\u00a0<\/p>\n<p>\u00abA Kika fazia parte de tudo c\u00e1 em casa e a falta que faz \u00e9 enorme. Mas foi uma cadela super especial, muito amada e vai ser lembrada sempre com muito carinho\u00bb, sublinhou a jovem de 24 anos.\u00a0<\/p>\n<p>B\u00e1rbara rematou: \u00abPara o meu bem, quero mesmo encerrar este assunto nas redes sociais, pelo menos para j\u00e1. Obrigada, de cora\u00e7\u00e3o, por todas as mensagens e por todo o apoio. Gosto muito de voc\u00eas\u00bb.\u00a0<\/p>\n","protected":false},"excerpt":{"rendered":"B\u00e1rbara Parada quebrou o sil\u00eancio e regressou \u00e0s redes sociais ap\u00f3s ter estado ausente uma semana devido \u00e0&hellip;\n","protected":false},"author":2,"featured_media":132723,"comment_status":"","ping_status":"","sticky":false,"template":"","format":"standard","meta":{"footnotes":""},"categories":[142],"tags":[2151,18706,114,115,18705,32,33,151,18704],"class_list":{"0":"post-132722","1":"post","2":"type-post","3":"status-publish","4":"format-standard","5":"has-post-thumbnail","7":"category-tv","8":"tag-barbara-parada","9":"tag-bastidores-secret-story","10":"tag-entertainment","11":"tag-entretenimento","12":"tag-entrevistas-concorrentes-tvi","13":"tag-portugal","14":"tag-pt","15":"tag-tv","16":"tag-vida-fora-da-casa"},"share_on_mastodon":{"url":"https:\/\/pubeurope.com\/@pt\/115463832625391365","error":""},"_links":{"self":[{"href":"https:\/\/www.europesays.com\/pt\/wp-json\/wp\/v2\/posts\/132722","targetHints":{"allow":["GET"]}}],"collection":[{"href":"https:\/\/www.europesays.com\/pt\/wp-json\/wp\/v2\/posts"}],"about":[{"href":"https:\/\/www.europesays.com\/pt\/wp-json\/wp\/v2\/types\/post"}],"author":[{"embeddable":true,"href":"https:\/\/www.europesays.com\/pt\/wp-json\/wp\/v2\/users\/2"}],"replies":[{"embeddable":true,"href":"https:\/\/www.europesays.com\/pt\/wp-json\/wp\/v2\/comments?post=132722"}],"version-history":[{"count":0,"href":"https:\/\/www.europesays.com\/pt\/wp-json\/wp\/v2\/posts\/132722\/revisions"}],"wp:featuredmedia":[{"embeddable":true,"href":"https:\/\/www.europesays.com\/pt\/wp-json\/wp\/v2\/media\/132723"}],"wp:attachment":[{"href":"https:\/\/www.europesays.com\/pt\/wp-json\/wp\/v2\/media?parent=132722"}],"wp:term":[{"taxonomy":"category","embeddable":true,"href":"https:\/\/www.europesays.com\/pt\/wp-json\/wp\/v2\/categories?post=132722"},{"taxonomy":"post_tag","embeddable":true,"href":"https:\/\/www.europesays.com\/pt\/wp-json\/wp\/v2\/tags?post=132722"}],"curies":[{"name":"wp","href":"https:\/\/api.w.org\/{rel}","templated":true}]}}