{"id":132730,"date":"2025-10-30T15:34:10","date_gmt":"2025-10-30T15:34:10","guid":{"rendered":"https:\/\/www.europesays.com\/pt\/132730\/"},"modified":"2025-10-30T15:34:10","modified_gmt":"2025-10-30T15:34:10","slug":"todos-pelo-coliseu-que-30-anos-depois-ainda-e-nosso","status":"publish","type":"post","link":"https:\/\/www.europesays.com\/pt\/132730\/","title":{"rendered":"Todos pelo Coliseu, que 30 anos depois ainda \u00e9 nosso"},"content":{"rendered":"<p data-remotead-prev-elm=\"true\" data-remotead-elm-id=\"inread\">Porto &#8220;Isto foi um trabalho insano, construir um livro de 300 p\u00e1ginas quase a partir do zero absoluto&#8221;, conta o jornalista Valdemar Cruz sobre &#8220;O Coliseu \u00e9 nosso&#8221;, volume em que faz &#8220;a reconstru\u00e7\u00e3o do passado atrav\u00e9s das hist\u00f3rias orais e de documenta\u00e7\u00e3o&#8221;. O livro, que \u00e9 lan\u00e7ado hoje, regista e celebra uma convuls\u00e3o: o per\u00edodo de 1995 e 1996, com a megamanifesta\u00e7\u00e3o e os atos que permitiram salvar o Coliseu do Porto de uma venda \u00e0 Igreja Universal do Reino de Deus (IURD), atrav\u00e9s de uma mobiliza\u00e7\u00e3o civil \u00edmpar. Agora contada em livro, a hist\u00f3ria \u00e9 um documento de preserva\u00e7\u00e3o da mem\u00f3ria coletiva da cidade, no qual Valdemar Cruz ouviu os protagonistas e vasculhou os arquivos de jornais &#8211; &#8220;que foram essenciais no processo&#8221;.<\/p>\n","protected":false},"excerpt":{"rendered":"Porto &#8220;Isto foi um trabalho insano, construir um livro de 300 p\u00e1ginas quase a partir do zero absoluto&#8221;,&hellip;\n","protected":false},"author":2,"featured_media":132731,"comment_status":"","ping_status":"","sticky":false,"template":"","format":"standard","meta":{"footnotes":""},"categories":[85],"tags":[1753,30069,30070,114,115,32,33],"class_list":{"0":"post-132730","1":"post","2":"type-post","3":"status-publish","4":"format-standard","5":"has-post-thumbnail","7":"category-entretenimento","8":"tag-artes","9":"tag-associacao-amigos-do-coliseu","10":"tag-coliseu-do-porto","11":"tag-entertainment","12":"tag-entretenimento","13":"tag-portugal","14":"tag-pt"},"share_on_mastodon":{"url":"","error":""},"_links":{"self":[{"href":"https:\/\/www.europesays.com\/pt\/wp-json\/wp\/v2\/posts\/132730","targetHints":{"allow":["GET"]}}],"collection":[{"href":"https:\/\/www.europesays.com\/pt\/wp-json\/wp\/v2\/posts"}],"about":[{"href":"https:\/\/www.europesays.com\/pt\/wp-json\/wp\/v2\/types\/post"}],"author":[{"embeddable":true,"href":"https:\/\/www.europesays.com\/pt\/wp-json\/wp\/v2\/users\/2"}],"replies":[{"embeddable":true,"href":"https:\/\/www.europesays.com\/pt\/wp-json\/wp\/v2\/comments?post=132730"}],"version-history":[{"count":0,"href":"https:\/\/www.europesays.com\/pt\/wp-json\/wp\/v2\/posts\/132730\/revisions"}],"wp:featuredmedia":[{"embeddable":true,"href":"https:\/\/www.europesays.com\/pt\/wp-json\/wp\/v2\/media\/132731"}],"wp:attachment":[{"href":"https:\/\/www.europesays.com\/pt\/wp-json\/wp\/v2\/media?parent=132730"}],"wp:term":[{"taxonomy":"category","embeddable":true,"href":"https:\/\/www.europesays.com\/pt\/wp-json\/wp\/v2\/categories?post=132730"},{"taxonomy":"post_tag","embeddable":true,"href":"https:\/\/www.europesays.com\/pt\/wp-json\/wp\/v2\/tags?post=132730"}],"curies":[{"name":"wp","href":"https:\/\/api.w.org\/{rel}","templated":true}]}}