{"id":132734,"date":"2025-10-30T15:36:08","date_gmt":"2025-10-30T15:36:08","guid":{"rendered":"https:\/\/www.europesays.com\/pt\/132734\/"},"modified":"2025-10-30T15:36:08","modified_gmt":"2025-10-30T15:36:08","slug":"autoeuropa-falta-de-chips-pode-forcar-paragem","status":"publish","type":"post","link":"https:\/\/www.europesays.com\/pt\/132734\/","title":{"rendered":"Autoeuropa. Falta de &#8220;chips&#8221; pode for\u00e7ar paragem"},"content":{"rendered":"<p>                Depois dos oito dias, e sem semicondutores, a <b>produ\u00e7\u00e3o na Autoeuropa vai ser obrigada a parar<\/b>, afetando 19 empresas e cerca de dez mil trabalhadores do parque industrial.<\/p>\n<p>O receio foi assumido por Daniel Bernardino, porta-voz da coordenadora das comiss\u00f5es de trabalhadores do parque industrial Volkswagen Autoeuropa.<\/p>\n<p>          <img decoding=\"async\" itemprop=\"image\" class=\"img-fluid\"   src=\"https:\/\/www.europesays.com\/pt\/wp-content\/uploads\/2025\/10\/1761838568_401_bg_playeraudio_3.jpg\"\/><\/p>\n<p><b>A coordenadora vai pedir reuni\u00f5es com o ministro da Economia, os grupos parlamentares e com a Comiss\u00e3o do Trabalho na Assembleia da Rep\u00fablica<\/b>.<\/p>\n<p>&#13;<br \/>\nNa Alemanha, esta quinta-feira, o administrador financeiro (CFO) do grupo Volkswagen admitiu preocupa\u00e7\u00e3o porque pode haver efeitos negativos da falta de semicondutores.Em causa est\u00e1 um problema com o fornecimento dos chips pela empresa holandesa Nexperia.&#13;<br \/>\n&#13;\n<\/p>\n<p>Este \u00e9 um problema que n\u00e3o afeta apenas Portugal e o administrador financeiro do grupo Volkswagen reconheceu que as decis\u00f5es sobre a produ\u00e7\u00e3o de autom\u00f3veis est\u00e3o a ser tomadas semana a semana.<\/p>\n","protected":false},"excerpt":{"rendered":"Depois dos oito dias, e sem semicondutores, a produ\u00e7\u00e3o na Autoeuropa vai ser obrigada a parar, afetando 19&hellip;\n","protected":false},"author":2,"featured_media":132735,"comment_status":"","ping_status":"","sticky":false,"template":"","format":"standard","meta":{"footnotes":""},"categories":[83],"tags":[11293,2298,88,359,89,90,30071,18717,32,33,18565,505],"class_list":{"0":"post-132734","1":"post","2":"type-post","3":"status-publish","4":"format-standard","5":"has-post-thumbnail","7":"category-empresas","8":"tag-autoeuropa","9":"tag-automoveis","10":"tag-business","11":"tag-chips","12":"tag-economy","13":"tag-empresas","14":"tag-industrial","15":"tag-parque","16":"tag-portugal","17":"tag-pt","18":"tag-trabalhadores","19":"tag-volkswagen"},"share_on_mastodon":{"url":"https:\/\/pubeurope.com\/@pt\/115463860209532965","error":""},"_links":{"self":[{"href":"https:\/\/www.europesays.com\/pt\/wp-json\/wp\/v2\/posts\/132734","targetHints":{"allow":["GET"]}}],"collection":[{"href":"https:\/\/www.europesays.com\/pt\/wp-json\/wp\/v2\/posts"}],"about":[{"href":"https:\/\/www.europesays.com\/pt\/wp-json\/wp\/v2\/types\/post"}],"author":[{"embeddable":true,"href":"https:\/\/www.europesays.com\/pt\/wp-json\/wp\/v2\/users\/2"}],"replies":[{"embeddable":true,"href":"https:\/\/www.europesays.com\/pt\/wp-json\/wp\/v2\/comments?post=132734"}],"version-history":[{"count":0,"href":"https:\/\/www.europesays.com\/pt\/wp-json\/wp\/v2\/posts\/132734\/revisions"}],"wp:featuredmedia":[{"embeddable":true,"href":"https:\/\/www.europesays.com\/pt\/wp-json\/wp\/v2\/media\/132735"}],"wp:attachment":[{"href":"https:\/\/www.europesays.com\/pt\/wp-json\/wp\/v2\/media?parent=132734"}],"wp:term":[{"taxonomy":"category","embeddable":true,"href":"https:\/\/www.europesays.com\/pt\/wp-json\/wp\/v2\/categories?post=132734"},{"taxonomy":"post_tag","embeddable":true,"href":"https:\/\/www.europesays.com\/pt\/wp-json\/wp\/v2\/tags?post=132734"}],"curies":[{"name":"wp","href":"https:\/\/api.w.org\/{rel}","templated":true}]}}