{"id":132740,"date":"2025-10-30T15:39:08","date_gmt":"2025-10-30T15:39:08","guid":{"rendered":"https:\/\/www.europesays.com\/pt\/132740\/"},"modified":"2025-10-30T15:39:08","modified_gmt":"2025-10-30T15:39:08","slug":"lisboa-madrid-ligacao-ferroviaria-em-cinco-horas-avanca-ate-2030-e-alta-velocidade-ate-2034","status":"publish","type":"post","link":"https:\/\/www.europesays.com\/pt\/132740\/","title":{"rendered":"Lisboa-Madrid. Liga\u00e7\u00e3o ferrovi\u00e1ria em cinco horas avan\u00e7a at\u00e9 2030 e alta velocidade at\u00e9 2034"},"content":{"rendered":"<p>&#13;<br \/>\n&#8220;<b>Portugal e Espanha deram um passo decisivo<\/b> <b>para aproximar ainda mais as capitais ib\u00e9ricas<\/b>, com a defini\u00e7\u00e3o de <b>um conjunto de a\u00e7\u00f5es concretas que permitir\u00e3o estabelecer liga\u00e7\u00f5es ferrovi\u00e1rias entre Lisboa e Madrid at\u00e9 2030, com tempo de viagem de cerca de cinco horas<\/b>, e uma liga\u00e7\u00e3o de alta velocidade &#8211; cerca de tr\u00eas horas &#8211; at\u00e9 2034&#8243;, indicou esta quinta-feira, em comunicado, o Minist\u00e9rio das Infraestruturas e Habita\u00e7\u00e3o.&#13;\n<\/p>\n<p>&#13;<br \/>\nA denominada <b><a href=\"https:\/\/transport.ec.europa.eu\/news-events\/news\/commission-adopts-plan-complete-madrid-lisbon-high-speed-connection-2034-2025-10-30_en\" target=\"_blank\" rel=\"nofollow noopener\">&#8220;estrat\u00e9gia ib\u00e9rica&#8221;<\/a><\/b> fixa como metas, at\u00e9 2030, a liga\u00e7\u00e3o direta entre as duas capitais da Pen\u00ednsula Ib\u00e9rica, a conclus\u00e3o das obras, at\u00e9 2025, na nova linha de alta velocidade entre \u00c9vora e Caia e a entrada em opera\u00e7\u00e3o em 2026, a entrada em opera\u00e7\u00e3o do tro\u00e7o Plasencia-Talayuela (C\u00e1ceres) at\u00e9 2028, o in\u00edcio da constru\u00e7\u00e3o da segunda via entre Poceir\u00e3o (Palmela) e Bombel (Vendas Novas), em 2026, com conclus\u00e3o at\u00e9 2029 e opera\u00e7\u00e3o em 2030, e, por \u00faltimo, a conclus\u00e3o dos estudos para a nova linha entre Lisboa e \u00c9vora, incluindo a Terceira Travessia sobre o Tejo at\u00e9 2027.O arranque da liga\u00e7\u00e3o em alta velocidade entre Lisboa e Madrid, com um tempo de viagem de cerca de tr\u00eas horas, fica ent\u00e3o previsto at\u00e9 2034, tal como a constru\u00e7\u00e3o da linha de alta velocidade entre Lisboa e \u00c9vora, incluindo a Terceira Travessia do Tejo e a duplica\u00e7\u00e3o da linha \u00c9vora-Caia, &#8220;caso se justifique a necessidade&#8221;.&#13;<br \/>\n&#13;\n<\/p>\n<p>&#13;<br \/>\nEst\u00e1 tamb\u00e9m prevista a implementa\u00e7\u00e3o do sistema europeu de gest\u00e3o de tr\u00e1fego ferrovi\u00e1rio (European Rail Traffic Management System &#8211; ERTMS) em diferentes trechos entre as capitais de Portugal e Espanha.<\/p>\n<p>A estrat\u00e9gia passa pela elabora\u00e7\u00e3o de estudos e pela eventual constru\u00e7\u00e3o do novo tro\u00e7o de alta velocidade entre Caia e Badajoz e da Esta\u00e7\u00e3o Ferrovi\u00e1ria Internacional Elvas-Badajoz, na fronteira.&#8221;Migra\u00e7\u00e3o de bitola&#8221;&#13;\n<\/p>\n<p>&#13;<br \/>\n<b>Os governos de Portugal e Espanha prop\u00f5em-se calcular custos e benef\u00edcios da migra\u00e7\u00e3o para a bitola europeia at\u00e9 2027<\/b>: &#8220;No caso de avalia\u00e7\u00e3o favor\u00e1vel, os dois pa\u00edses apresentar\u00e3o um plano devidamente coordenado&#8221;.<\/p>\n<p>          <img decoding=\"async\" itemprop=\"image\" class=\"img-fluid\"   src=\"https:\/\/www.europesays.com\/pt\/wp-content\/uploads\/2025\/10\/be1baefda71766be466817dd5dc9c69e\"\/><\/p>\n<p>Alexandra Sofia Costa &#8211; Antena 1<\/p>\n<p>O gabinete de Miguel Pinto Luz sublinha que estes planos est\u00e3o integrados na estrat\u00e9gia europeia de mobilidade sustent\u00e1vel e interliga\u00e7\u00e3o ferrovi\u00e1ria transfronteiri\u00e7a, <b>&#8220;envolvendo investimentos estruturantes em infraestrutura, moderniza\u00e7\u00e3o tecnol\u00f3gica e interoperabilidade ferrovi\u00e1ria&#8221;<\/b>.<\/p>\n<p>&#8220;O desenvolvimento da rede ferrovi\u00e1ria de alta velocidade \u00e9 <b>essencial para promover uma mobilidade mais sustent\u00e1vel, eficiente e ambientalmente respons\u00e1vel<\/b> sobretudo nas viagens internacionais mais curtas&#8221;, argumenta a tutela.<\/p>\n<p>c\/ Lusa&#13;<\/p>\n","protected":false},"excerpt":{"rendered":"&#13; &#8220;Portugal e Espanha deram um passo decisivo para aproximar ainda mais as capitais ib\u00e9ricas, com a defini\u00e7\u00e3o&hellip;\n","protected":false},"author":2,"featured_media":132741,"comment_status":"","ping_status":"","sticky":false,"template":"","format":"standard","meta":{"footnotes":""},"categories":[8],"tags":[27,28,30074,15,16,30075,14,25,26,6312,21,22,12,13,19,20,30072,30073,32,23,24,33,17,18,29,30,31],"class_list":{"0":"post-132740","1":"post","2":"type-post","3":"status-publish","4":"format-standard","5":"has-post-thumbnail","7":"category-principais-noticias","8":"tag-breaking-news","9":"tag-breakingnews","10":"tag-caia","11":"tag-featured-news","12":"tag-featurednews","13":"tag-ferroviaria","14":"tag-headlines","15":"tag-latest-news","16":"tag-latestnews","17":"tag-madrid","18":"tag-main-news","19":"tag-mainnews","20":"tag-news","21":"tag-noticias","22":"tag-noticias-principais","23":"tag-noticiasprincipais","24":"tag-plasencia-talayuela-caceres","25":"tag-poceirao-palmela","26":"tag-portugal","27":"tag-principais-noticias","28":"tag-principaisnoticias","29":"tag-pt","30":"tag-top-stories","31":"tag-topstories","32":"tag-ultimas","33":"tag-ultimas-noticias","34":"tag-ultimasnoticias"},"share_on_mastodon":{"url":"https:\/\/pubeurope.com\/@pt\/115463871988374509","error":""},"_links":{"self":[{"href":"https:\/\/www.europesays.com\/pt\/wp-json\/wp\/v2\/posts\/132740","targetHints":{"allow":["GET"]}}],"collection":[{"href":"https:\/\/www.europesays.com\/pt\/wp-json\/wp\/v2\/posts"}],"about":[{"href":"https:\/\/www.europesays.com\/pt\/wp-json\/wp\/v2\/types\/post"}],"author":[{"embeddable":true,"href":"https:\/\/www.europesays.com\/pt\/wp-json\/wp\/v2\/users\/2"}],"replies":[{"embeddable":true,"href":"https:\/\/www.europesays.com\/pt\/wp-json\/wp\/v2\/comments?post=132740"}],"version-history":[{"count":0,"href":"https:\/\/www.europesays.com\/pt\/wp-json\/wp\/v2\/posts\/132740\/revisions"}],"wp:featuredmedia":[{"embeddable":true,"href":"https:\/\/www.europesays.com\/pt\/wp-json\/wp\/v2\/media\/132741"}],"wp:attachment":[{"href":"https:\/\/www.europesays.com\/pt\/wp-json\/wp\/v2\/media?parent=132740"}],"wp:term":[{"taxonomy":"category","embeddable":true,"href":"https:\/\/www.europesays.com\/pt\/wp-json\/wp\/v2\/categories?post=132740"},{"taxonomy":"post_tag","embeddable":true,"href":"https:\/\/www.europesays.com\/pt\/wp-json\/wp\/v2\/tags?post=132740"}],"curies":[{"name":"wp","href":"https:\/\/api.w.org\/{rel}","templated":true}]}}