{"id":132746,"date":"2025-10-30T15:43:10","date_gmt":"2025-10-30T15:43:10","guid":{"rendered":"https:\/\/www.europesays.com\/pt\/132746\/"},"modified":"2025-10-30T15:43:10","modified_gmt":"2025-10-30T15:43:10","slug":"liliana-para-fabio-foste-um-erro-aqui-secret-story","status":"publish","type":"post","link":"https:\/\/www.europesays.com\/pt\/132746\/","title":{"rendered":"Liliana para F\u00e1bio: \u00abFoste um erro aqui\u00bb &#8211; Secret Story"},"content":{"rendered":"<p>No <strong>Secret Story 9<\/strong>, a Voz d\u00e1 uma miss\u00e3o engra\u00e7ada a todos os concorrentes, para ignorarem F\u00e1bio, mas tudo foi por um mau caminho. O concorrente acabou em discuss\u00e3o com Liliana na casa de banho, em que esta lhe diz:\u00a0\u00a0\u00abFoste um erro aqui\u00bb.<\/p>\n<p><strong>H\u00e1 seis concorrentes em risco de expuls\u00e3o no pr\u00f3ximo domingo:<\/strong><\/p>\n<p><strong>ANA \u2013 761 20 20 01<br \/>BRUNO \u2013 761 20 20 04<br \/>MARIANA \u2013 761 20 20 15<br \/>MARISA \u2013 761 20 20 16<br \/>MARISA SUSANA \u2013 761 20 20 17<br \/>PEDRO \u2013 761 20 20 18<\/strong><\/p>\n<p><a href=\"https:\/\/tvi.iol.pt\/secretstory\/aominuto\" rel=\"nofollow noopener\" target=\"_blank\">Acompanhe aqui tudo o que se passa na casa ao minuto!<\/a><\/p>\n","protected":false},"excerpt":{"rendered":"No Secret Story 9, a Voz d\u00e1 uma miss\u00e3o engra\u00e7ada a todos os concorrentes, para ignorarem F\u00e1bio, mas&hellip;\n","protected":false},"author":2,"featured_media":132747,"comment_status":"","ping_status":"","sticky":false,"template":"","format":"standard","meta":{"footnotes":""},"categories":[142],"tags":[114,115,19082,19033,19016,19034,32,33,151,19032],"class_list":{"0":"post-132746","1":"post","2":"type-post","3":"status-publish","4":"format-standard","5":"has-post-thumbnail","7":"category-tv","8":"tag-entertainment","9":"tag-entretenimento","10":"tag-fabio","11":"tag-galas-em-video","12":"tag-liliana","13":"tag-melhores-momentos-casa-dos-segredos","14":"tag-portugal","15":"tag-pt","16":"tag-tv","17":"tag-videos-secret-story-tvi"},"share_on_mastodon":{"url":"https:\/\/pubeurope.com\/@pt\/115463887481063757","error":""},"_links":{"self":[{"href":"https:\/\/www.europesays.com\/pt\/wp-json\/wp\/v2\/posts\/132746","targetHints":{"allow":["GET"]}}],"collection":[{"href":"https:\/\/www.europesays.com\/pt\/wp-json\/wp\/v2\/posts"}],"about":[{"href":"https:\/\/www.europesays.com\/pt\/wp-json\/wp\/v2\/types\/post"}],"author":[{"embeddable":true,"href":"https:\/\/www.europesays.com\/pt\/wp-json\/wp\/v2\/users\/2"}],"replies":[{"embeddable":true,"href":"https:\/\/www.europesays.com\/pt\/wp-json\/wp\/v2\/comments?post=132746"}],"version-history":[{"count":0,"href":"https:\/\/www.europesays.com\/pt\/wp-json\/wp\/v2\/posts\/132746\/revisions"}],"wp:featuredmedia":[{"embeddable":true,"href":"https:\/\/www.europesays.com\/pt\/wp-json\/wp\/v2\/media\/132747"}],"wp:attachment":[{"href":"https:\/\/www.europesays.com\/pt\/wp-json\/wp\/v2\/media?parent=132746"}],"wp:term":[{"taxonomy":"category","embeddable":true,"href":"https:\/\/www.europesays.com\/pt\/wp-json\/wp\/v2\/categories?post=132746"},{"taxonomy":"post_tag","embeddable":true,"href":"https:\/\/www.europesays.com\/pt\/wp-json\/wp\/v2\/tags?post=132746"}],"curies":[{"name":"wp","href":"https:\/\/api.w.org\/{rel}","templated":true}]}}