{"id":132749,"date":"2025-10-30T15:47:08","date_gmt":"2025-10-30T15:47:08","guid":{"rendered":"https:\/\/www.europesays.com\/pt\/132749\/"},"modified":"2025-10-30T15:47:08","modified_gmt":"2025-10-30T15:47:08","slug":"hsvp-faz-blitz-para-conscientizacao-e-prevencao-ao-avc","status":"publish","type":"post","link":"https:\/\/www.europesays.com\/pt\/132749\/","title":{"rendered":"HSVP faz blitz para conscientiza\u00e7\u00e3o e preven\u00e7\u00e3o ao AVC"},"content":{"rendered":"<p>Em alus\u00e3o ao <strong>Dia Mundial do Acidente Vascular Cerebral (AVC)<\/strong>, celebrado na quarta-feira (29), o Hospital S\u00e3o Vicente de Paulo de <strong>Passo Fundo<\/strong> promove nesta quinta (30) uma blitz para conscientiza\u00e7\u00e3o e diagn\u00f3stico dos sintomas da doen\u00e7a.\u00a0<\/p>\n<p><strong>At\u00e9 as 15h<\/strong> a comunidade pode tirar d\u00favidas e receber orienta\u00e7\u00f5es de cuidado \u00e0 sa\u00fade em um <strong>estande montado em frente ao Hospital<\/strong>, na esquina entre as Ruas Uruguai e Teixeira Soares.<\/p>\n<p>\u2014 O AVC \u00e9 a segunda maior causa de morte no Brasil e a principal causa de incapacidade no mundo, e o <strong>seu reconhecimento precoce salva vidas<\/strong>. O quanto antes o paciente reconhecer os sintomas e chegar na emerg\u00eancia, conseguimos salvar o c\u00e9rebro \u2014 resume a \u00a0m\u00e9dica neurologista do\u00a0HSVP, Thaise Dal Moro.<\/p>\n<p>Quem passou pelo local aprovou a iniciativa. O vendedor Alceu de Quadros disse que n\u00e3o tem hist\u00f3rico familiar da doen\u00e7a, mas <strong>aprendeu a identificar<\/strong>:<\/p>\n<p>\u2014 Bem legal esse trabalho porque a gente fica por dentro dos sintomas e pode procurar o m\u00e9dico mais r\u00e1pido caso aconte\u00e7a com a gente.\u00a0<\/p>\n<p><strong>Como identificar o AVC<\/strong><\/p>\n<p>Saber identificar os sintomas precocemente pode salvar vidas. A m\u00e9dica Thaise Dal Moro ensina uma regrinha que pode ajudar na identifica\u00e7\u00e3o:\u00a0<\/p>\n<p>\u2014 Siga a sigla <strong>Samu<\/strong>: o &#8220;S&#8221; de sorriso, observe se o paciente n\u00e3o consegue sorrir; o &#8220;a&#8221; de abra\u00e7o, caso ele tenha dificuldade de movimento, o &#8220;m&#8221; de m\u00fasica, se ele n\u00e3o conseguir falar ou cantar uma m\u00fasica, e o &#8220;u&#8221; de urg\u00eancia, caso todos esses sintomas apare\u00e7am.<\/p>\n<p>Principais sintomas do AVC<\/p>\n<ul>\n<li class=\"unordered-list-item\">Fraqueza ou dorm\u00eancia em um dos lados do corpo (rosto, bra\u00e7o ou perna)<\/li>\n<li class=\"unordered-list-item\">Dificuldade para falar ou entender o que as pessoas dizem<\/li>\n<li class=\"unordered-list-item\">Altera\u00e7\u00f5es na vis\u00e3o (vis\u00e3o dupla, turva ou perda visual)<\/li>\n<li class=\"unordered-list-item\">Tontura, perda de equil\u00edbrio ou coordena\u00e7\u00e3o<\/li>\n<li class=\"unordered-list-item\">Dor de cabe\u00e7a intensa e repentina, sem causa aparente.<\/li>\n<\/ul>\n<p><strong>Formas de prevenir a condi\u00e7\u00e3o<\/strong><\/p>\n<p>O foco est\u00e1 na <strong>preven\u00e7\u00e3o<\/strong>. H\u00e1bitos de sa\u00fade, exerc\u00edcios regulares, alimenta\u00e7\u00e3o saud\u00e1vel e n\u00e3o fumar, s\u00e3o os principais cuidados.\u00a0<\/p>\n<p>\u2014 Sabemos que <strong>80% dos casos de AVC podem ser prevenidos<\/strong>. Trate a press\u00e3o arterial, n\u00e3o fume, fa\u00e7a atividade f\u00edsica 5 vezes por semana. Isto porque a gordura, o colesterol ruim tamb\u00e9m pode causar AVC \u2014 indica a m\u00e9dica.\u00a0<\/p>\n","protected":false},"excerpt":{"rendered":"Em alus\u00e3o ao Dia Mundial do Acidente Vascular Cerebral (AVC), celebrado na quarta-feira (29), o Hospital S\u00e3o Vicente&hellip;\n","protected":false},"author":2,"featured_media":132750,"comment_status":"","ping_status":"","sticky":false,"template":"","format":"standard","meta":{"footnotes":""},"categories":[86],"tags":[1493,116,1497,32,33,117],"class_list":{"0":"post-132749","1":"post","2":"type-post","3":"status-publish","4":"format-standard","5":"has-post-thumbnail","7":"category-saude","8":"tag-avc","9":"tag-health","10":"tag-norte-do-rs","11":"tag-portugal","12":"tag-pt","13":"tag-saude"},"share_on_mastodon":{"url":"https:\/\/pubeurope.com\/@pt\/115463903299530671","error":""},"_links":{"self":[{"href":"https:\/\/www.europesays.com\/pt\/wp-json\/wp\/v2\/posts\/132749","targetHints":{"allow":["GET"]}}],"collection":[{"href":"https:\/\/www.europesays.com\/pt\/wp-json\/wp\/v2\/posts"}],"about":[{"href":"https:\/\/www.europesays.com\/pt\/wp-json\/wp\/v2\/types\/post"}],"author":[{"embeddable":true,"href":"https:\/\/www.europesays.com\/pt\/wp-json\/wp\/v2\/users\/2"}],"replies":[{"embeddable":true,"href":"https:\/\/www.europesays.com\/pt\/wp-json\/wp\/v2\/comments?post=132749"}],"version-history":[{"count":0,"href":"https:\/\/www.europesays.com\/pt\/wp-json\/wp\/v2\/posts\/132749\/revisions"}],"wp:featuredmedia":[{"embeddable":true,"href":"https:\/\/www.europesays.com\/pt\/wp-json\/wp\/v2\/media\/132750"}],"wp:attachment":[{"href":"https:\/\/www.europesays.com\/pt\/wp-json\/wp\/v2\/media?parent=132749"}],"wp:term":[{"taxonomy":"category","embeddable":true,"href":"https:\/\/www.europesays.com\/pt\/wp-json\/wp\/v2\/categories?post=132749"},{"taxonomy":"post_tag","embeddable":true,"href":"https:\/\/www.europesays.com\/pt\/wp-json\/wp\/v2\/tags?post=132749"}],"curies":[{"name":"wp","href":"https:\/\/api.w.org\/{rel}","templated":true}]}}