{"id":132755,"date":"2025-10-30T15:50:47","date_gmt":"2025-10-30T15:50:47","guid":{"rendered":"https:\/\/www.europesays.com\/pt\/132755\/"},"modified":"2025-10-30T15:50:47","modified_gmt":"2025-10-30T15:50:47","slug":"nomeado-por-trump-desiste-por-ligacoes-ao-kremlin-observador","status":"publish","type":"post","link":"https:\/\/www.europesays.com\/pt\/132755\/","title":{"rendered":"Nomeado por Trump desiste por liga\u00e7\u00f5es ao Kremlin \u2013 Observador"},"content":{"rendered":"<p>Bryce McFerran, antigo nomeado pelo Presidente Donald Trump para assumir o Export-Import Bank, ag\u00eancia oficial de cr\u00e9dito \u00e0 exporta\u00e7\u00e3o dos EUA, retirou a sua candidatura ap\u00f3s um escrut\u00ednio ao facto de ter trabalhado durante nove anos para uma subsidi\u00e1ria su\u00ed\u00e7a da empresa metal\u00fargica russa Evraz, da propriedade do oligarca russo-portugu\u00eas e antigo dono do Chelsea, Roman Abramovich.<\/p>\n<p>Estas liga\u00e7\u00f5es n\u00e3o tinham sido referidas no comunicado que anunciou a sua nomea\u00e7\u00e3o nem na sua declara\u00e7\u00e3o de rendimentos, <a href=\"https:\/\/www.washingtonpost.com\/world\/2025\/10\/29\/trump-nominee-export-bank-russia\/\" rel=\"nofollow noopener\" target=\"_blank\">avan\u00e7ou o Washington Post<\/a>. Nessa declara\u00e7\u00e3o, estava indicado que trabalhava s\u00f3 para a East Metals, nome da subsidi\u00e1ria russa, sem mencionar que era parte da Evraz.<\/p>\n<p>O Washington Post\u00a0referiu ainda que McFerran casou em 2008 com Elena Shatirova, filha de Sergei Shatirov, ex-senador russo que tem agora uma \u201c<strong>posi\u00e7\u00e3o s\u00e9nior<\/strong>\u201d num <strong>fundo de investimento apoiado pelo Kremlin e \u00e9 assessor de um conselheiro de Vladimir Putin<\/strong>. O irm\u00e3o, Alexander, tamb\u00e9m trabalha numa alta posi\u00e7\u00e3o desse mesmo fundo. Poucos anos depois do casamento com Shatirova, o antigo nomeado passou de trabalhar na Morgan Stanley a vender ativos russos numa empresa sediada no Dubai, l\u00ea-se.<\/p>\n<p>O porta-voz Kush Desai respondeu ao jornal que \u201cMcFerran e os seus interesses comerciais anteriores foram totalmente <strong>pesquisados, avaliados e aprovados pelo Gabinete de \u00c9tica Governamental<\/strong>, uma entidade apartid\u00e1ria\u201d, sem explicar o porqu\u00ea desta candidatura ter sido silenciosamente retirada, nem esclarecendo o que acontece \u00e0 sess\u00e3o de confirma\u00e7\u00e3o no Senado dos EUA que estava marcada para esta quinta-feira.<\/p>\n<p>McFerran vai continuar a liderar a ag\u00eancia enquanto um nomeado substituto n\u00e3o for escolhido para o cargo, algo que deve acontecer \u201c<strong>nas pr\u00f3ximas semanas<\/strong>\u201c.<\/p>\n<p><strong>[Chegou\u00a0<\/strong><b>o hist\u00f3rico debate entre Soares e Freitas. E o socialista j\u00e1 conseguiu o voto dos\u00a0<\/b><b>comunistas sem \u201colhar para\u00a0o retrato\u201d dele<\/b>.\u00a0<strong>A\u00a0<a href=\"https:\/\/observador.pt\/programas\/a-eleio-mais-louca-de-sempre\/episodio-5-uma-armadilha-em-direto\/\" rel=\"nofollow noopener\" target=\"_blank\">\u201cElei\u00e7\u00e3o Mais Louca de Sempre\u201d<\/a>\u00a0\u00e9 o novo Podcast Plus do Observador sobre as Presidenciais de 1986. Uma s\u00e9rie narrada pelo ator Gon\u00e7alo Waddington, com banda sonora original de Samuel \u00daria. Pode ouvir\u00a0<a href=\"https:\/\/observador.pt\/programas\/a-eleio-mais-louca-de-sempre\/episodio-5-uma-armadilha-em-direto\/\" rel=\"nofollow noopener\" target=\"_blank\">aqui<\/a>, no\u00a0Observador, e tamb\u00e9m na\u00a0<a href=\"https:\/\/podcasts.apple.com\/pt\/podcast\/epis%C3%B3dio-5-uma-armadilha-em-direto\/id1841273464?i=1000733759807\" rel=\"nofollow noopener\" target=\"_blank\">Apple Podcasts<\/a>, no\u00a0<a href=\"https:\/\/open.spotify.com\/episode\/28mDVafMTtrt5QAwWYdye2?si=c6e9dabb29734f15\" rel=\"nofollow noopener\" target=\"_blank\">Spotify<\/a>\u00a0e no\u00a0<a href=\"https:\/\/music.youtube.com\/watch?v=78x1Dlhn7v4&amp;si=O1yv2xMDjId6CreQ\" rel=\"nofollow noopener\" target=\"_blank\">Youtube Music<\/a>. E pode ouvir o primeiro epis\u00f3dio\u00a0<a href=\"https:\/\/observador.pt\/programas\/a-eleio-mais-louca-de-sempre\/estreia-a-eleicao-mais-louca-de-sempre-episodio-1-apostamos-no-cavalo-errado\/\" target=\"_blank\" rel=\"noopener nofollow\">aqui<\/a>,\u00a0o segundo\u00a0<a href=\"https:\/\/observador.pt\/programas\/a-eleio-mais-louca-de-sempre\/episodio-2-uma-traicao-inesperada\/\" target=\"_blank\" rel=\"noopener nofollow\">aqui<\/a>,\u00a0o terceiro\u00a0<a href=\"https:\/\/observador.pt\/programas\/a-eleio-mais-louca-de-sempre\/episodio-3-ele-nao-e-meu-irmao\/\" rel=\"nofollow noopener\" target=\"_blank\">aqui<\/a>\u00a0e o\u00a0<a href=\"https:\/\/observador.pt\/programas\/a-eleio-mais-louca-de-sempre\/episodio-4-portugal-nao-e-moscovo\/\" rel=\"nofollow noopener\" target=\"_blank\">quarto<\/a>\u00a0aqui]<\/strong><\/p>\n<p><a href=\"https:\/\/observador.pt\/programas\/a-eleio-mais-louca-de-sempre\/episodio-5-uma-armadilha-em-direto\/\" target=\"_blank\" rel=\"noopener nofollow\"><\/p>\n<p>        <img src=\"https:\/\/www.europesays.com\/pt\/wp-content\/uploads\/2025\/10\/770-a-eleicao-mais-louca-de-sempre-playicon.png\" alt=\"\" loading=\"lazy\" decoding=\"async\" class=\"gmail-CToWUd alignnone\" onload=\"this.parentElement.classList.remove('spinner')\" onerror=\"this.parentElement.classList.remove('spinner')\" width=\"770\" height=\"433\"\/>    <\/p>\n<p><\/a><\/p>\n","protected":false},"excerpt":{"rendered":"Bryce McFerran, antigo nomeado pelo Presidente Donald Trump para assumir o Export-Import Bank, ag\u00eancia oficial de cr\u00e9dito \u00e0&hellip;\n","protected":false},"author":2,"featured_media":132756,"comment_status":"","ping_status":"","sticky":false,"template":"","format":"standard","meta":{"footnotes":""},"categories":[83],"tags":[624,88,5914,89,90,623,445,1123,62,32,33,1124],"class_list":{"0":"post-132755","1":"post","2":"type-post","3":"status-publish","4":"format-standard","5":"has-post-thumbnail","7":"category-empresas","8":"tag-amu00e9rica","9":"tag-business","10":"tag-casa-branca","11":"tag-economy","12":"tag-empresas","13":"tag-estados-unidos-da-amu00e9rica","14":"tag-europa","15":"tag-guerra-na-ucru00e2nia","16":"tag-mundo","17":"tag-portugal","18":"tag-pt","19":"tag-ucru00e2nia"},"share_on_mastodon":{"url":"https:\/\/pubeurope.com\/@pt\/115463919202087268","error":""},"_links":{"self":[{"href":"https:\/\/www.europesays.com\/pt\/wp-json\/wp\/v2\/posts\/132755","targetHints":{"allow":["GET"]}}],"collection":[{"href":"https:\/\/www.europesays.com\/pt\/wp-json\/wp\/v2\/posts"}],"about":[{"href":"https:\/\/www.europesays.com\/pt\/wp-json\/wp\/v2\/types\/post"}],"author":[{"embeddable":true,"href":"https:\/\/www.europesays.com\/pt\/wp-json\/wp\/v2\/users\/2"}],"replies":[{"embeddable":true,"href":"https:\/\/www.europesays.com\/pt\/wp-json\/wp\/v2\/comments?post=132755"}],"version-history":[{"count":0,"href":"https:\/\/www.europesays.com\/pt\/wp-json\/wp\/v2\/posts\/132755\/revisions"}],"wp:featuredmedia":[{"embeddable":true,"href":"https:\/\/www.europesays.com\/pt\/wp-json\/wp\/v2\/media\/132756"}],"wp:attachment":[{"href":"https:\/\/www.europesays.com\/pt\/wp-json\/wp\/v2\/media?parent=132755"}],"wp:term":[{"taxonomy":"category","embeddable":true,"href":"https:\/\/www.europesays.com\/pt\/wp-json\/wp\/v2\/categories?post=132755"},{"taxonomy":"post_tag","embeddable":true,"href":"https:\/\/www.europesays.com\/pt\/wp-json\/wp\/v2\/tags?post=132755"}],"curies":[{"name":"wp","href":"https:\/\/api.w.org\/{rel}","templated":true}]}}