{"id":132759,"date":"2025-10-30T15:56:57","date_gmt":"2025-10-30T15:56:57","guid":{"rendered":"https:\/\/www.europesays.com\/pt\/132759\/"},"modified":"2025-10-30T15:56:57","modified_gmt":"2025-10-30T15:56:57","slug":"dois-anos-a-procura-de-um-rumo-e-de-como-comunicar-com-os-imigrantes","status":"publish","type":"post","link":"https:\/\/www.europesays.com\/pt\/132759\/","title":{"rendered":"dois anos \u00e0 procura de um rumo e de como comunicar com os imigrantes"},"content":{"rendered":"<p>Para Manuela Niza Ribeiro, funcion\u00e1ria do ent\u00e3o SEF desde 2007 e presidente do Sindicato dos T\u00e9cnicos de Migra\u00e7\u00e3o, ironiza que pode haver uma teoria da conspira\u00e7\u00e3o por tr\u00e1s de tudo. <strong>\u201cSe eu fosse adepta da teoria da conspira\u00e7\u00e3o, diria que a AIMA, quando foi criada, foi criada para n\u00e3o funcionar\u201d, come\u00e7a por dizer.<\/strong><\/p>\n<p>Segundo a profissional, estes dois anos precisam ser divididos em duas etapas: o primeiro e o segundo conselho diretivo. \u201cEu penso que o primeiro conselho diretivo foi desafortunado, porque n\u00e3o teve tempo. N\u00e3o \u00e9 poss\u00edvel para um conselho diretivo pegar uma organiza\u00e7\u00e3o com todas as quest\u00f5es que estiveram na base da sua g\u00e9nese e, num ano, poder desenvolver seja que trabalho for\u201d. <\/p>\n<p>Ao mesmo tempo, reconhece que havia uma linha de trabalho para ser seguida. \u201cIsto \u00e9 importante que se diga, ter havido naquele ano o delinear de linhas muito concretas e de objetivos que se queriam para a organiza\u00e7\u00e3o\u201d, avalia. O segundo momento \u00e9 o segundo conselho, no ver\u00e3o passado, <strong><a aria-label=\"content\" target=\"_blank\" href=\"https:\/\/www.dn.pt\/sociedade\/aima-tera-novo-presidente-goes-pinheiro-vai-liderar-estrutura-de-missao\" rel=\"nofollow noopener\">quando saiu Lu\u00eds Goes Pinheiro para coordenar a Estrutura de Miss\u00e3o e entrou Pedro Portugal Gaspar<\/a>,<\/strong> com algumas \u201cbaixas\u201d pelo caminho. <\/p>\n<p><strong>Tr\u00eas vogais decidiram sair antes de terminar o mandato e apenas duas destas vagas foram substitu\u00eddas recentemente.<\/strong> \u201cO conselho come\u00e7ou a desfazer-se e isto preocupa muito, porque significa que algo vai mal\u201d, analisa. <strong>A sindicalista afirma que n\u00e3o consegue avaliar a dire\u00e7\u00e3o da AIMA, porque \u201cainda n\u00e3o viu trabalho para ser avaliado\u201d.<\/strong> O sindicato teve apenas uma reuni\u00e3o com Pedro Portugal Gaspar. \u201cE n\u00e3o pedimos mais, sinceramente vimos que n\u00e3o levaria a lado nenhum\u201d, explica. <\/p>\n<p>Por outro lado, o sindicato j\u00e1 reuniu-se tr\u00eas vezes com Rui Armindo Freitas, secret\u00e1rio de Estado das Migra\u00e7\u00f5es. \u201cCom o senhor secret\u00e1rio de Estado, <strong>as nossas reuni\u00f5es foram sempre muito mais frut\u00edferas<\/strong>. Tenho algumas coisas que discordo, mas dou a m\u00e3o \u00e0 palmat\u00f3ria, <strong>\u00e9 uma pessoa que se pode conversar e est\u00e1 disposto a resolver.<\/strong> E vem do setor privado, algo que, para mim, desde logo, faz toda a diferen\u00e7a e quer ver as coisas a funcionar\u201d, destaca a presidente do sindicato.<\/p>\n<p>Manuela Niza Ribeiro tamb\u00e9m <strong>reflete que consegue ver na pasta um rumo para a ag\u00eancia definido pelo atual Governo, concordando ou n\u00e3o com algumas medidas.<\/strong> O fim das manifesta\u00e7\u00f5es de interesse e a cria\u00e7\u00e3o da Estrutura de Miss\u00e3o s\u00e3o algumas das a\u00e7\u00f5es do minist\u00e9rio de Ant\u00f3nio de Leit\u00e3o Amaro que a sindicalista elogia.<\/p>\n<p>Outro funcion\u00e1rio, hoje em cargo de chefia e que prefere manter o anonimato, concorda que <strong>\u201ctudo come\u00e7ou mal, sem estrutura humana e tecnologia\u201d, apesar dos avisos p\u00fablicos e privados aos respons\u00e1veis na altura.<\/strong> Depois, elenca a queda do Governo logo que a ag\u00eancia come\u00e7ou fun\u00e7\u00f5es, <strong>a \u201cadapta\u00e7\u00e3o dos sistemas\u201d, a \u201clentid\u00e3o da contrata\u00e7\u00e3o p\u00fablica\u201d que o \u201cestado n\u00e3o fala a mesma l\u00edngua\u201d<\/strong> como situa\u00e7\u00f5es que prejudicam o funcionamento da AIMA mesmo com dois anos de atividades. A alta rotatividade dos funcion\u00e1rios, que demoram a ser treinados, tamb\u00e9m contribui para este cen\u00e1rio, fator que Manuela Niza tamb\u00e9m elenca, culpando as sa\u00eddas pelas condi\u00e7\u00f5es de trabalho e baixos ordenados. <\/p>\n<p><strong>Nestes dois anos, a ag\u00eancia ainda n\u00e3o conseguiu uniformizar procedimentos, cada balc\u00e3o ou cada funcion\u00e1rio com um entendimento diferente sobre os processos.<\/strong> Os resultados, apontados com frequ\u00eancia por advogados, s\u00e3o indeferimentos e a lentid\u00e3o, porque o imigrante precisa voltar com um papel que estava em falta &#8211; muitas vezes que n\u00e3o est\u00e1 na lei. \u00c9 o que os imigrantes chamam de \u201clei do atendente\u201d e que este funcion\u00e1rio da AIMA em fun\u00e7\u00e3o de chefia concorda existir. <\/p>\n<p>E como combater este problema? <strong>\u201cCom forma\u00e7\u00e3o, forma\u00e7\u00e3o e forma\u00e7\u00e3o\u201d, que garante estar em marcha.<\/strong> Outras medidas tamb\u00e9m foram implementadas, como uma assistente virtual para sanar as d\u00favidas em tempo real e um documento \u201c\u00fanico\u201d com todos os procedimentos a serem adotados e reuni\u00f5es semanais com os diretores das lojas.<\/p>\n<p>2026 \u00e9 o ano da esperan\u00e7a<\/p>\n<p>\u201cN\u00e3o pode n\u00e3o dar certo a AIMA em 2026\u201d, afirma este funcion\u00e1rio da AIMA. Manuela Niza Ribeiro tamb\u00e9m tem \u201cesperan\u00e7a\u201d que o pr\u00f3ximo ano seja melhor. Outros profissionais com quem o DN conversou tamb\u00e9m acreditam que 2026 ser\u00e1 \u201cfinalmente o ano\u201d. <strong><a aria-label=\"content\" target=\"_blank\" href=\"https:\/\/www.dn.pt\/economia\/oe2026-com-74-milhes-de-euros-governo-compromete-se-a-transformar-a-aima-em-entidade-funcional-e-eficiente\" rel=\"nofollow noopener\">Ali\u00e1s, este compromisso est\u00e1 assinalado no Or\u00e7amento de Estado 2026<\/a>,<\/strong> <strong>\u201cO Governo compromete-se a transformar a Ag\u00eancia para a Integra\u00e7\u00e3o, Migra\u00e7\u00f5es e Asilo (AIMA) numa entidade funcional e eficiente\u201d.<\/strong><\/p>\n<p>Rui Armindo Freitas, secret\u00e1rio de Estado das Migra\u00e7\u00f5es, explica ao DN que \u201ceste primeiro ano deste conselho diretivo foi focado em conjunto com Estrutura de Miss\u00e3o a resolver os problemas graves que traz\u00edamos de tr\u00e1s, um ano que foi dedicado a ultrapassar as centenas de milhares de depend\u00eancias que traz\u00edamos de tr\u00e1s\u201d, <strong>citando a <a aria-label=\"content\" target=\"_blank\" href=\"https:\/\/dnbrasil.dn.pt\/mutiro-da-aima-emitiu-38-dos-ttulos-cplp-e-acelera-renovaes\" rel=\"nofollow noopener\">Estrutura de Miss\u00e3o<\/a>. Sem estas pend\u00eancias, \u201ca ag\u00eancia a continuar a investir em tecnologia\u201d, conta.<\/strong><\/p>\n","protected":false},"excerpt":{"rendered":"Para Manuela Niza Ribeiro, funcion\u00e1ria do ent\u00e3o SEF desde 2007 e presidente do Sindicato dos T\u00e9cnicos de Migra\u00e7\u00e3o,&hellip;\n","protected":false},"author":2,"featured_media":132760,"comment_status":"","ping_status":"","sticky":false,"template":"","format":"standard","meta":{"footnotes":""},"categories":[8],"tags":[1964,2843,27,28,306,15,16,14,1481,1865,25,26,21,22,12,13,19,20,32,23,24,33,30076,17,18,29,30,31],"class_list":{"0":"post-132759","1":"post","2":"type-post","3":"status-publish","4":"format-standard","5":"has-post-thumbnail","7":"category-principais-noticias","8":"tag-aima","9":"tag-brasileiros-em-portugal","10":"tag-breaking-news","11":"tag-breakingnews","12":"tag-edicao-impressa","13":"tag-featured-news","14":"tag-featurednews","15":"tag-headlines","16":"tag-imigracao","17":"tag-imigrantes","18":"tag-latest-news","19":"tag-latestnews","20":"tag-main-news","21":"tag-mainnews","22":"tag-news","23":"tag-noticias","24":"tag-noticias-principais","25":"tag-noticiasprincipais","26":"tag-portugal","27":"tag-principais-noticias","28":"tag-principaisnoticias","29":"tag-pt","30":"tag-sef","31":"tag-top-stories","32":"tag-topstories","33":"tag-ultimas","34":"tag-ultimas-noticias","35":"tag-ultimasnoticias"},"share_on_mastodon":{"url":"https:\/\/pubeurope.com\/@pt\/115463942496643834","error":""},"_links":{"self":[{"href":"https:\/\/www.europesays.com\/pt\/wp-json\/wp\/v2\/posts\/132759","targetHints":{"allow":["GET"]}}],"collection":[{"href":"https:\/\/www.europesays.com\/pt\/wp-json\/wp\/v2\/posts"}],"about":[{"href":"https:\/\/www.europesays.com\/pt\/wp-json\/wp\/v2\/types\/post"}],"author":[{"embeddable":true,"href":"https:\/\/www.europesays.com\/pt\/wp-json\/wp\/v2\/users\/2"}],"replies":[{"embeddable":true,"href":"https:\/\/www.europesays.com\/pt\/wp-json\/wp\/v2\/comments?post=132759"}],"version-history":[{"count":0,"href":"https:\/\/www.europesays.com\/pt\/wp-json\/wp\/v2\/posts\/132759\/revisions"}],"wp:featuredmedia":[{"embeddable":true,"href":"https:\/\/www.europesays.com\/pt\/wp-json\/wp\/v2\/media\/132760"}],"wp:attachment":[{"href":"https:\/\/www.europesays.com\/pt\/wp-json\/wp\/v2\/media?parent=132759"}],"wp:term":[{"taxonomy":"category","embeddable":true,"href":"https:\/\/www.europesays.com\/pt\/wp-json\/wp\/v2\/categories?post=132759"},{"taxonomy":"post_tag","embeddable":true,"href":"https:\/\/www.europesays.com\/pt\/wp-json\/wp\/v2\/tags?post=132759"}],"curies":[{"name":"wp","href":"https:\/\/api.w.org\/{rel}","templated":true}]}}