{"id":132762,"date":"2025-10-30T16:00:11","date_gmt":"2025-10-30T16:00:11","guid":{"rendered":"https:\/\/www.europesays.com\/pt\/132762\/"},"modified":"2025-10-30T16:00:11","modified_gmt":"2025-10-30T16:00:11","slug":"quadrilha-tenta-vender-obra-falsa-de-rembrandt-mas-tela-esta-exposta-em-museu","status":"publish","type":"post","link":"https:\/\/www.europesays.com\/pt\/132762\/","title":{"rendered":"Quadrilha tenta vender obra falsa de Rembrandt; mas tela est\u00e1 exposta em museu"},"content":{"rendered":"<p>Recentemente, autoridades alem\u00e3s desmantelaram uma sofisticada rede internacional dedicada \u00e0 venda de falsifica\u00e7\u00f5es de renomados artistas como <strong>Rembrandt van Rijn<\/strong>, <strong>Peter Paul Rubens<\/strong>, <strong>Pablo Picasso<\/strong> e <strong>Frida Kahlo<\/strong>, entre outros. As obras, que poderiam ter sido comercializadas por milh\u00f5es de d\u00f3lares, foram alvo de uma opera\u00e7\u00e3o que se estendeu por diversos pa\u00edses da Europa, incluindo Su\u00ed\u00e7a e Liechtenstein.<\/p>\n<p>A investiga\u00e7\u00e3o teve in\u00edcio com a pris\u00e3o de um homem de 77 anos, natural da Baviera, que liderava o grupo criminoso composto por dez c\u00famplices. Segundo <a href=\"https:\/\/www.polizei.bayern.de\/aktuelles\/pressemitteilungen\/092727\/index.html\" rel=\"nofollow noopener\" target=\"_blank\">comunicado<\/a> divulgado pela pol\u00edcia local, a descoberta da trama ocorreu ap\u00f3s tentativas do principal suspeito em vender duas falsifica\u00e7\u00f5es atribu\u00eddas a <strong>Picasso<\/strong>, incluindo um retrato de Dora Maar, uma das musas mais ic\u00f4nicas do pintor espanhol. Para contextualizar o valor do mercado, uma pintura original de <strong>Picasso<\/strong> representando Maar foi leiloada recentemente por cerca de 37 milh\u00f5es de d\u00f3lares.<\/p>\n<p>O inspetor chefe <strong>Patrick Haggenm\u00fcller<\/strong> comentou \u00e0 Reuters TV sobre as circunst\u00e2ncias que levaram ao desmantelamento da rede: \u201cUm potencial comprador nos procurou porque as negocia\u00e7\u00f5es n\u00e3o estavam sendo o que se esperaria para pinturas dessa qualidade\u201d. O modo peculiar de opera\u00e7\u00e3o dos criminosos tamb\u00e9m chamou aten\u00e7\u00e3o: eles ofereciam as pinturas diretamente do porta-malas de seus ve\u00edculos.<\/p>\n<p>Entre os itens <a href=\"https:\/\/aventurasnahistoria.com.br\/noticias\/historia-hoje\/quadrilha-que-falsificava-picasso-da-vinci-presa-espanha.phtml\" rel=\"nofollow noopener\" target=\"_blank\">falsificados<\/a> estava uma c\u00f3pia enganosa da famosa obra \u2018Os s\u00edndicos da guilda dos fabricantes de tecidos\u2019 de <strong>Rembrandt<\/strong>, que estava sendo ofertada por cerca de 150 milh\u00f5es de d\u00f3lares. O original desta pintura est\u00e1 em exibi\u00e7\u00e3o permanente no Rijksmuseum, em Amsterd\u00e3.<\/p>\n<p>Conforme repercute a Smithsonian Magazine, os membros da rede alegavam que o <a href=\"https:\/\/aventurasnahistoria.com.br\/noticias\/reportagem\/da-vinci-rembrandt-e-van-gogh-veja-5-roubos-de-museus-iconicos-da-historia.phtml\" rel=\"nofollow noopener\" target=\"_blank\">museu<\/a> possu\u00eda uma c\u00f3pia da obra, e que a falsifica\u00e7\u00e3o era um <a href=\"https:\/\/aventurasnahistoria.com.br\/noticias\/historia-hoje\/pintura-atribuida-rembrandt-encontrada-em-sotao-e-vendida-por-valor-milionario.phtml\" rel=\"nofollow noopener\" target=\"_blank\">original perdido<\/a> h\u00e1 muito tempo. Contudo, especialistas que examinaram a pe\u00e7a conclu\u00edram com clareza que se tratava de uma imita\u00e7\u00e3o datada provavelmente do s\u00e9culo 20.<\/p>\n<p>Uma mulher su\u00ed\u00e7a de 84 anos, propriet\u00e1ria da suposta obra de <a href=\"https:\/\/aventurasnahistoria.com.br\/noticias\/historia-hoje\/misterio-de-380-anos-envolvendo-quadro-de-rembrandt-e-finalmente-resolvido.phtml\" rel=\"nofollow noopener\" target=\"_blank\">Rembrandt<\/a>, tamb\u00e9m \u00e9 investigada como poss\u00edvel c\u00famplice. Al\u00e9m dela, um homem alem\u00e3o de 74 anos foi identificado como o respons\u00e1vel pela falsifica\u00e7\u00e3o dos documentos que atestavam a autenticidade das obras.<\/p>\n<p>No dia 15 de outubro, durante uma s\u00e9rie coordenada de opera\u00e7\u00f5es policiais realizadas ao amanhecer em mais de doze locais na Europa Central, a pol\u00edcia confiscou a falsifica\u00e7\u00e3o atribu\u00edda a Rembrandt. As a\u00e7\u00f5es resultaram na apreens\u00e3o de documentos, celulares e diversas outras obras suspeitas.<\/p>\n<p>As pinturas confiscadas imitavam estilos e t\u00e9cnicas de artistas como <strong>Anthony van Dyck<\/strong>, <strong>Juan Mir\u00f3<\/strong> e <strong>Amedeo Modigliani<\/strong>, com valores entre 465 mil e 16 milh\u00f5es de d\u00f3lares. A investiga\u00e7\u00e3o segue em andamento, com especialistas e avaliadores analisando detalhadamente todas as obras apreendidas nas pr\u00f3ximas semanas.<\/p>\n<p>\u00c9 importante ressaltar que esse caso ocorre em um contexto mais amplo; em 2024, uma investiga\u00e7\u00e3o conjunta entre policiais espanh\u00f3is e franceses resultou na pris\u00e3o de um suspeito por tentar vender uma falsifica\u00e7\u00e3o atribu\u00edda a <strong>Leonardo da Vinci<\/strong> por quase 1,5 milh\u00e3o de d\u00f3lares. Al\u00e9m disso, no ano passado, a pol\u00edcia espanhola desarticulou outra rede dedicada \u00e0 comercializa\u00e7\u00e3o de falsifica\u00e7\u00f5es do artista <strong>Banksy<\/strong>.<\/p>\n<p>        <a href=\"https:\/\/aventurasnahistoria.com.br\/noticias\/author\/eric-moreira\" rel=\"nofollow noopener\" target=\"_blank\">&#13;<br \/>\n          <img loading=\"lazy\" decoding=\"async\" alt=\"\u00c9ric Moreira\" src=\"https:\/\/www.europesays.com\/pt\/wp-content\/uploads\/2025\/09\/WhatsApp-Image-2021-09-24-at-18.30.11-150x150.jpeg\" class=\"avatar avatar-115 photo rounded-circle\" height=\"115\" width=\"115\"\/>        <\/a><\/p>\n<p>\u00c9ric Moreira \u00e9 jornalista, formado pelo Centro Universit\u00e1rio Belas Artes de S\u00e3o Paulo. Passa a maior parte do tempo vendo filmes e s\u00e9ries, interessado em jornalismo cultural e grande amante de Arte e Hist\u00f3ria.<\/p>\n","protected":false},"excerpt":{"rendered":"Recentemente, autoridades alem\u00e3s desmantelaram uma sofisticada rede internacional dedicada \u00e0 venda de falsifica\u00e7\u00f5es de renomados artistas como Rembrandt&hellip;\n","protected":false},"author":2,"featured_media":132763,"comment_status":"","ping_status":"","sticky":false,"template":"","format":"standard","meta":{"footnotes":""},"categories":[144],"tags":[1305,207,205,206,203,201,202,3471,204,114,115,30077,62,13,32,33,21004],"class_list":{"0":"post-132762","1":"post","2":"type-post","3":"status-publish","4":"format-standard","5":"has-post-thumbnail","7":"category-arte-e-design","8":"tag-alemanha","9":"tag-arte","10":"tag-arte-e-design","11":"tag-artedesign","12":"tag-arts","13":"tag-arts-and-design","14":"tag-artsanddesign","15":"tag-curiosidades","16":"tag-design","17":"tag-entertainment","18":"tag-entretenimento","19":"tag-falsificacao","20":"tag-mundo","21":"tag-noticias","22":"tag-portugal","23":"tag-pt","24":"tag-rembrandt"},"share_on_mastodon":{"url":"https:\/\/pubeurope.com\/@pt\/115463954425351310","error":""},"_links":{"self":[{"href":"https:\/\/www.europesays.com\/pt\/wp-json\/wp\/v2\/posts\/132762","targetHints":{"allow":["GET"]}}],"collection":[{"href":"https:\/\/www.europesays.com\/pt\/wp-json\/wp\/v2\/posts"}],"about":[{"href":"https:\/\/www.europesays.com\/pt\/wp-json\/wp\/v2\/types\/post"}],"author":[{"embeddable":true,"href":"https:\/\/www.europesays.com\/pt\/wp-json\/wp\/v2\/users\/2"}],"replies":[{"embeddable":true,"href":"https:\/\/www.europesays.com\/pt\/wp-json\/wp\/v2\/comments?post=132762"}],"version-history":[{"count":0,"href":"https:\/\/www.europesays.com\/pt\/wp-json\/wp\/v2\/posts\/132762\/revisions"}],"wp:featuredmedia":[{"embeddable":true,"href":"https:\/\/www.europesays.com\/pt\/wp-json\/wp\/v2\/media\/132763"}],"wp:attachment":[{"href":"https:\/\/www.europesays.com\/pt\/wp-json\/wp\/v2\/media?parent=132762"}],"wp:term":[{"taxonomy":"category","embeddable":true,"href":"https:\/\/www.europesays.com\/pt\/wp-json\/wp\/v2\/categories?post=132762"},{"taxonomy":"post_tag","embeddable":true,"href":"https:\/\/www.europesays.com\/pt\/wp-json\/wp\/v2\/tags?post=132762"}],"curies":[{"name":"wp","href":"https:\/\/api.w.org\/{rel}","templated":true}]}}