{"id":132795,"date":"2025-10-30T16:32:08","date_gmt":"2025-10-30T16:32:08","guid":{"rendered":"https:\/\/www.europesays.com\/pt\/132795\/"},"modified":"2025-10-30T16:32:08","modified_gmt":"2025-10-30T16:32:08","slug":"ele-quer-construir-10-cidades-para-resolver-o-problema-da-habitacao-e-esta-a-caminho-de-se-tornar-primeiro-ministro-aos-38-anos","status":"publish","type":"post","link":"https:\/\/www.europesays.com\/pt\/132795\/","title":{"rendered":"Ele quer construir 10 cidades para resolver o problema da habita\u00e7\u00e3o &#8211; e est\u00e1 a caminho de se tornar primeiro-ministro aos 38 anos"},"content":{"rendered":"<p>\t                Rob Jetten, 38 anos, lidera um partido centrista que se descreve como progressista e socialmente liberal. Est\u00e1 a caminho de derrotar a extrema-direita nas elei\u00e7\u00f5es nos Pa\u00edses Baixos<\/p>\n<p>Rob Jetten conquistou a lideran\u00e7a da pol\u00edtica neerlandesa em menos de dois anos, elevando o partido liberal-social D66 da quinta posi\u00e7\u00e3o para o topo. Aos 38 anos, Jetten emerge <a href=\"https:\/\/cnnportugal.iol.pt\/geert-wilders\/d66\/partidos-de-extrema-direita-e-centro-dos-paises-baixos-empatados-nas-eleicoes-gerais\/20251030\/690328fcd34e2bd5c6d36cc6\" target=\"_blank\" rel=\"nofollow noopener\">como poss\u00edvel primeiro-ministro, depois das elei\u00e7\u00f5es gerais<\/a> que podem dar ao seu partido\u00a027 lugares, superando por pouco a extrema-direita, que pode descer para 25 assentos. A confirmar-se, o resultado representa uma derrota para os partidos de extrema-direita no pa\u00eds, que vinham a ganhar terreno nas \u00faltimas elei\u00e7\u00f5es.<\/p>\n<p>O D66 j\u00e1 celebrou a vit\u00f3ria e poder\u00e1 agora fazer hist\u00f3ria com a escolha de Rob Jetten, de 38 anos, como o primeiro-ministro mais jovem de sempre dos Pa\u00edses Baixos e o primeiro abertamente gay a liderar o governo neerland\u00eas.<\/p>\n<p>Durante a campanha, Jetten dominou os ecr\u00e3s de televis\u00e3o, aproveitando todas as oportunidades medi\u00e1ticas e transmitindo uma mensagem positiva resumida no lema \u201cHet kan wel\u201d (\u201cSim, \u00e9 poss\u00edvel\u201d). Uma abordagem que contrastou com a ret\u00f3rica do populista Geert Wilders e fez com que\u00a0ganhasse simpatia entre os eleitores.<\/p>\n<p>Natural da prov\u00edncia de Brabant, Jetten revelou-se cedo como entusiasta da pol\u00edtica e tem agora como noivo o jogador de h\u00f3quei argentino Nicol\u00e1s Keenan, com casamento previsto para o pr\u00f3ximo ano.<\/p>\n<p>Apesar da sua vida privada se ter tornado um tema, Jetten garante que n\u00e3o faz dela parte da sua identidade pol\u00edtica. H\u00e1 cinco anos publicou um v\u00eddeo em que lia uma longa lista de mensagens homof\u00f3bicas que recebeu, para provar a import\u00e2ncia de um dia internacional contra a homofobia.<\/p>\n<p><a href=\"https:\/\/www.bbc.com\/news\/articles\/cr7m0n890npo\" target=\"_blank\" rel=\"nofollow noopener\">Segundo a BBC<\/a>, Jetten foi um dos\u00a0primeiros apoiantes do partido centrista D66 &#8211; um partido que se descreve como progressista e socialmente liberal.<\/p>\n<p>Pol\u00edtico pragm\u00e1tico, Jetten j\u00e1 exerceu fun\u00e7\u00f5es como deputado e como ministro do Clima no governo de Mark Rutte, mas enfrentou desafios, incluindo cr\u00edticas por ambi\u00e7\u00e3o excessiva e uma campanha desastrosa em 2023. A compara\u00e7\u00e3o com Rutte, agora secret\u00e1rio-geral da NATO, \u00e9 frequente, destacando-se pela abordagem calma e positiva.<\/p>\n<p>Al\u00e9m disso, Jetten liderou a campanha do D66 em 2023, ano em que o resultado foi desastroso:\u00a0 o partido obteve apenas nove lugares, dois anos depois de a sua antecessora Sigrid Kaag ter conseguido o segundo lugar a seguir a Rutte.<\/p>\n<p>Entre os grandes desafios que enfrentar\u00e1, Jetten aponta a crise habitacional, propondo a constru\u00e7\u00e3o de 10 novas cidades para colmatar a falta de cerca de 400 mil habita\u00e7\u00f5es.\u00a0<\/p>\n","protected":false},"excerpt":{"rendered":"Rob Jetten, 38 anos, lidera um partido centrista que se descreve como progressista e socialmente liberal. Est\u00e1 a&hellip;\n","protected":false},"author":2,"featured_media":132796,"comment_status":"","ping_status":"","sticky":false,"template":"","format":"standard","meta":{"footnotes":""},"categories":[8],"tags":[609,836,611,27,28,607,608,333,832,604,135,610,476,2258,15,16,301,830,14,603,25,26,570,21,22,831,833,62,834,12,13,19,20,835,602,3914,52,32,3610,23,24,33,30099,17,18,29,30,31],"class_list":{"0":"post-132795","1":"post","2":"type-post","3":"status-publish","4":"format-standard","5":"has-post-thumbnail","7":"category-principais-noticias","8":"tag-alerta","9":"tag-analise","10":"tag-ao-minuto","11":"tag-breaking-news","12":"tag-breakingnews","13":"tag-cnn","14":"tag-cnn-portugal","15":"tag-comentadores","16":"tag-costa","17":"tag-crime","18":"tag-desporto","19":"tag-direto","20":"tag-economia","21":"tag-eleicoes","22":"tag-featured-news","23":"tag-featurednews","24":"tag-governo","25":"tag-guerra","26":"tag-headlines","27":"tag-justica","28":"tag-latest-news","29":"tag-latestnews","30":"tag-live","31":"tag-main-news","32":"tag-mainnews","33":"tag-mais-vistas","34":"tag-marcelo","35":"tag-mundo","36":"tag-negocios","37":"tag-news","38":"tag-noticias","39":"tag-noticias-principais","40":"tag-noticiasprincipais","41":"tag-opiniao","42":"tag-pais","43":"tag-paises-baixos","44":"tag-politica","45":"tag-portugal","46":"tag-primeiro-ministro","47":"tag-principais-noticias","48":"tag-principaisnoticias","49":"tag-pt","50":"tag-rob-jetten","51":"tag-top-stories","52":"tag-topstories","53":"tag-ultimas","54":"tag-ultimas-noticias","55":"tag-ultimasnoticias"},"share_on_mastodon":{"url":"","error":"Validation failed: Text character limit of 500 exceeded"},"_links":{"self":[{"href":"https:\/\/www.europesays.com\/pt\/wp-json\/wp\/v2\/posts\/132795","targetHints":{"allow":["GET"]}}],"collection":[{"href":"https:\/\/www.europesays.com\/pt\/wp-json\/wp\/v2\/posts"}],"about":[{"href":"https:\/\/www.europesays.com\/pt\/wp-json\/wp\/v2\/types\/post"}],"author":[{"embeddable":true,"href":"https:\/\/www.europesays.com\/pt\/wp-json\/wp\/v2\/users\/2"}],"replies":[{"embeddable":true,"href":"https:\/\/www.europesays.com\/pt\/wp-json\/wp\/v2\/comments?post=132795"}],"version-history":[{"count":0,"href":"https:\/\/www.europesays.com\/pt\/wp-json\/wp\/v2\/posts\/132795\/revisions"}],"wp:featuredmedia":[{"embeddable":true,"href":"https:\/\/www.europesays.com\/pt\/wp-json\/wp\/v2\/media\/132796"}],"wp:attachment":[{"href":"https:\/\/www.europesays.com\/pt\/wp-json\/wp\/v2\/media?parent=132795"}],"wp:term":[{"taxonomy":"category","embeddable":true,"href":"https:\/\/www.europesays.com\/pt\/wp-json\/wp\/v2\/categories?post=132795"},{"taxonomy":"post_tag","embeddable":true,"href":"https:\/\/www.europesays.com\/pt\/wp-json\/wp\/v2\/tags?post=132795"}],"curies":[{"name":"wp","href":"https:\/\/api.w.org\/{rel}","templated":true}]}}