{"id":13280,"date":"2025-08-02T18:45:17","date_gmt":"2025-08-02T18:45:17","guid":{"rendered":"https:\/\/www.europesays.com\/pt\/13280\/"},"modified":"2025-08-02T18:45:17","modified_gmt":"2025-08-02T18:45:17","slug":"india-ignora-trump-e-vai-continuar-a-comprar-petroleo-russo-observador","status":"publish","type":"post","link":"https:\/\/www.europesays.com\/pt\/13280\/","title":{"rendered":"\u00cdndia ignora Trump e vai continuar a comprar petr\u00f3leo russo \u2013 Observador"},"content":{"rendered":"<p>O Presidente norte-americano, Donald Trump, tem amea\u00e7ado impor san\u00e7\u00f5es secund\u00e1rias \u00e0 R\u00fassia, procurando que alguns pa\u00edses deixem de comprar recursos e bens russos.<strong> A \u00cdndia \u00e9 uma das principais compradoras de petr\u00f3leo russo<\/strong> \u2014 e dever\u00e1 continuar a s\u00ea-lo, apesar das amea\u00e7as dos Estados Unidos.<\/p>\n<p>Este s\u00e1bado, o governo da \u00cdndia classificou a importa\u00e7\u00e3o de petr\u00f3leo da R\u00fassia como uma decis\u00e3o de \u201cinteresse nacional\u201d, que contribuiu para a estabilidade energ\u00e9tica global.<\/p>\n<p>\u201cSe a \u00cdndia n\u00e3o tivesse absorvido o crude russo com desconto [\u2026], os pre\u00e7os globais do petr\u00f3leo poderiam ter disparado acima do pico de 137 d\u00f3lares por barril em mar\u00e7o de 2022\u201d, justificou o Governo indiano, citado pela ag\u00eancia ANI.<\/p>\n<p>A \u00cdndia \u00e9 o terceiro maior importador de petr\u00f3leo bruto e as suas compras \u00e0 R\u00fassia representam agora mais de um ter\u00e7o do total, acima dos 2% importados antes da guerra entre a R\u00fassia e a Ucr\u00e2nia. Moscovo \u00e9 agora o seu principal fornecedor, oferecendo pre\u00e7os com desconto.<\/p>\n<p>Por sua vez, Washington tem vindo a criticar a \u00cdndia, argumentando que o pa\u00eds est\u00e1 a financiar a m\u00e1quina de guerra do Kremlin. A administra\u00e7\u00e3o de Donald Trump imp\u00f4s uma tarifa rec\u00edproca de 25% sobre os principais produtos indianos.<\/p>\n<p>Oficialmente, o porta-voz do Minist\u00e9rio dos Neg\u00f3cios Estrangeiros indiano, Randhir Jaiswal, afirmou tamb\u00e9m que as rela\u00e7\u00f5es bilaterais entre a \u00cdndia e os Estados Unidos n\u00e3o devem ser analisadas \u201c\u00e0 luz de um pa\u00eds terceiro\u201d.<\/p>\n<p><strong>\u201cA \u00cdndia e a R\u00fassia t\u00eam uma parceria duradoura e forte\u201d,<\/strong> assinalou Randhir Jaiswal.<\/p>\n","protected":false},"excerpt":{"rendered":"O Presidente norte-americano, Donald Trump, tem amea\u00e7ado impor san\u00e7\u00f5es secund\u00e1rias \u00e0 R\u00fassia, procurando que alguns pa\u00edses deixem de&hellip;\n","protected":false},"author":2,"featured_media":13281,"comment_status":"","ping_status":"","sticky":false,"template":"","format":"standard","meta":{"footnotes":""},"categories":[50],"tags":[624,27,28,623,445,15,16,1123,14,25,26,21,22,62,12,13,19,20,4497,23,24,3879,17,18,3546,4498,1124,29,30,31,63,64,65],"class_list":{"0":"post-13280","1":"post","2":"type-post","3":"status-publish","4":"format-standard","5":"has-post-thumbnail","7":"category-mundo","8":"tag-amu00e9rica","9":"tag-breaking-news","10":"tag-breakingnews","11":"tag-estados-unidos-da-amu00e9rica","12":"tag-europa","13":"tag-featured-news","14":"tag-featurednews","15":"tag-guerra-na-ucru00e2nia","16":"tag-headlines","17":"tag-latest-news","18":"tag-latestnews","19":"tag-main-news","20":"tag-mainnews","21":"tag-mundo","22":"tag-news","23":"tag-noticias","24":"tag-noticias-principais","25":"tag-noticiasprincipais","26":"tag-presidente-trump","27":"tag-principais-noticias","28":"tag-principaisnoticias","29":"tag-ru00fassia","30":"tag-top-stories","31":"tag-topstories","32":"tag-u00c1sia","33":"tag-u00cdndia","34":"tag-ucru00e2nia","35":"tag-ultimas","36":"tag-ultimas-noticias","37":"tag-ultimasnoticias","38":"tag-world","39":"tag-world-news","40":"tag-worldnews"},"share_on_mastodon":{"url":"","error":""},"_links":{"self":[{"href":"https:\/\/www.europesays.com\/pt\/wp-json\/wp\/v2\/posts\/13280","targetHints":{"allow":["GET"]}}],"collection":[{"href":"https:\/\/www.europesays.com\/pt\/wp-json\/wp\/v2\/posts"}],"about":[{"href":"https:\/\/www.europesays.com\/pt\/wp-json\/wp\/v2\/types\/post"}],"author":[{"embeddable":true,"href":"https:\/\/www.europesays.com\/pt\/wp-json\/wp\/v2\/users\/2"}],"replies":[{"embeddable":true,"href":"https:\/\/www.europesays.com\/pt\/wp-json\/wp\/v2\/comments?post=13280"}],"version-history":[{"count":0,"href":"https:\/\/www.europesays.com\/pt\/wp-json\/wp\/v2\/posts\/13280\/revisions"}],"wp:featuredmedia":[{"embeddable":true,"href":"https:\/\/www.europesays.com\/pt\/wp-json\/wp\/v2\/media\/13281"}],"wp:attachment":[{"href":"https:\/\/www.europesays.com\/pt\/wp-json\/wp\/v2\/media?parent=13280"}],"wp:term":[{"taxonomy":"category","embeddable":true,"href":"https:\/\/www.europesays.com\/pt\/wp-json\/wp\/v2\/categories?post=13280"},{"taxonomy":"post_tag","embeddable":true,"href":"https:\/\/www.europesays.com\/pt\/wp-json\/wp\/v2\/tags?post=13280"}],"curies":[{"name":"wp","href":"https:\/\/api.w.org\/{rel}","templated":true}]}}