{"id":132806,"date":"2025-10-30T16:40:07","date_gmt":"2025-10-30T16:40:07","guid":{"rendered":"https:\/\/www.europesays.com\/pt\/132806\/"},"modified":"2025-10-30T16:40:07","modified_gmt":"2025-10-30T16:40:07","slug":"calcas-de-ganga-de-cintura-subida-podem-colocar-a-saude-das-mulheres-em-risco-alertam-especialistas-noticias-de-hoje","status":"publish","type":"post","link":"https:\/\/www.europesays.com\/pt\/132806\/","title":{"rendered":"Cal\u00e7as de ganga de cintura subida podem colocar a sa\u00fade das mulheres em risco, alertam especialistas &#8211; Not\u00edcias de hoje"},"content":{"rendered":"<p>A moda nem sempre anda de m\u00e3os dadas com o conforto e, por vezes, pode at\u00e9 p\u00f4r a sa\u00fade em risco. Entre as tend\u00eancias que resistem ao tempo, h\u00e1 uma pe\u00e7a que continua a ser presen\u00e7a constante no guarda-roupa de muitas mulheres: as <strong>cal\u00e7as\u00a0de cintura subida<\/strong>. Elegantes e considerados modeladores da silhueta, podem, contudo, estar a provocar <strong>problemas digestivos e desconforto abdominal<\/strong>, alertam especialistas.<\/p>\n<p>De acordo com o site <a href=\"https:\/\/www.ma-grande-taille.com\/\" target=\"_blank\" rel=\"nofollow noopener\">The Body Optimist<\/a>, apesar de serem consideradas elegantes e de real\u00e7arem a silhueta, estas cal\u00e7as podem provocar <strong>problemas digestivos e desconforto abdominal<\/strong>, segundo a terapeuta nutricional <strong>Anna Mapson<\/strong>. \u201cAs cinturas muito apertadas comprimem o abd\u00f3men e podem afetar a digest\u00e3o, causando gases, incha\u00e7o e c\u00f3licas\u201d, explicou a especialista.<\/p>\n<p>Ao apertarem a zona abdominal, estas cal\u00e7as dificultam o trabalho natural dos \u00f3rg\u00e3os internos, podendo originar <strong>azia, refluxo \u00e1cido e at\u00e9 dificuldades respirat\u00f3rias<\/strong>. Para al\u00e9m disso, a compress\u00e3o cont\u00ednua pode reduzir a circula\u00e7\u00e3o sangu\u00ednea e contribuir para uma sensa\u00e7\u00e3o geral de fadiga e mal-estar.<\/p>\n<p>Os m\u00e9dicos e terapeutas aconselham a privilegiar o <strong>conforto e a sa\u00fade<\/strong> na escolha da roupa do dia-a-dia. Cal\u00e7as largas, modelos com cintura el\u00e1stica ou tecidos mais leves s\u00e3o boas alternativas.<\/p>\n<p>\u00a0<\/p>\n","protected":false},"excerpt":{"rendered":"A moda nem sempre anda de m\u00e3os dadas com o conforto e, por vezes, pode at\u00e9 p\u00f4r a&hellip;\n","protected":false},"author":2,"featured_media":132807,"comment_status":"","ping_status":"","sticky":false,"template":"","format":"standard","meta":{"footnotes":""},"categories":[86],"tags":[30101,116,488,4166,13,32,33,117],"class_list":{"0":"post-132806","1":"post","2":"type-post","3":"status-publish","4":"format-standard","5":"has-post-thumbnail","7":"category-saude","8":"tag-calcas-cintura-subida","9":"tag-health","10":"tag-iol","11":"tag-jeans","12":"tag-noticias","13":"tag-portugal","14":"tag-pt","15":"tag-saude"},"share_on_mastodon":{"url":"https:\/\/pubeurope.com\/@pt\/115464111666525500","error":""},"_links":{"self":[{"href":"https:\/\/www.europesays.com\/pt\/wp-json\/wp\/v2\/posts\/132806","targetHints":{"allow":["GET"]}}],"collection":[{"href":"https:\/\/www.europesays.com\/pt\/wp-json\/wp\/v2\/posts"}],"about":[{"href":"https:\/\/www.europesays.com\/pt\/wp-json\/wp\/v2\/types\/post"}],"author":[{"embeddable":true,"href":"https:\/\/www.europesays.com\/pt\/wp-json\/wp\/v2\/users\/2"}],"replies":[{"embeddable":true,"href":"https:\/\/www.europesays.com\/pt\/wp-json\/wp\/v2\/comments?post=132806"}],"version-history":[{"count":0,"href":"https:\/\/www.europesays.com\/pt\/wp-json\/wp\/v2\/posts\/132806\/revisions"}],"wp:featuredmedia":[{"embeddable":true,"href":"https:\/\/www.europesays.com\/pt\/wp-json\/wp\/v2\/media\/132807"}],"wp:attachment":[{"href":"https:\/\/www.europesays.com\/pt\/wp-json\/wp\/v2\/media?parent=132806"}],"wp:term":[{"taxonomy":"category","embeddable":true,"href":"https:\/\/www.europesays.com\/pt\/wp-json\/wp\/v2\/categories?post=132806"},{"taxonomy":"post_tag","embeddable":true,"href":"https:\/\/www.europesays.com\/pt\/wp-json\/wp\/v2\/tags?post=132806"}],"curies":[{"name":"wp","href":"https:\/\/api.w.org\/{rel}","templated":true}]}}