{"id":132920,"date":"2025-10-30T18:24:14","date_gmt":"2025-10-30T18:24:14","guid":{"rendered":"https:\/\/www.europesays.com\/pt\/132920\/"},"modified":"2025-10-30T18:24:14","modified_gmt":"2025-10-30T18:24:14","slug":"recurso-do-chega-rejeitado-mesa-recontada-na-proxima-semana-observador","status":"publish","type":"post","link":"https:\/\/www.europesays.com\/pt\/132920\/","title":{"rendered":"Recurso do Chega rejeitado, mesa recontada na pr\u00f3xima semana \u2013 Observador"},"content":{"rendered":"<p>O Tribunal Constitucional n\u00e3o admitiu o <strong><a href=\"https:\/\/observador.pt\/2025\/10\/27\/chega-recorre-de-decisao-do-tc-que-deixou-cdu-a-apenas-um-voto-na-eleicao-para-a-camara-de-lisboa\/\" rel=\"nofollow noopener\" target=\"_blank\">recurso apresentado pelo Chega<\/a><\/strong> que procurava uma invers\u00e3o da <strong><a href=\"https:\/\/observador.pt\/2025\/10\/24\/decisao-do-tc-deixa-cdu-a-apenas-um-voto-do-chega-e-ordena-recontagem-de-uma-seccao-de-voto\/\" rel=\"nofollow noopener\" target=\"_blank\">decis\u00e3o do mesmo tribunal<\/a> <\/strong>que deixou o partido com apenas mais um voto do que a CDU nas elei\u00e7\u00f5es para a C\u00e2mara de Lisboa. Os ju\u00edzes do Pal\u00e1cio de Ratton nem sequer avaliaram a validade da argumenta\u00e7\u00e3o do Chega por considerarem que o recurso \u201cn\u00e3o preenche os requisitos legais\u201d do artigo invocado, sendo assim \u201clegalmente inadmiss\u00edvel\u201d, segundo se pode ler no ac\u00f3rd\u00e3o da decis\u00e3o ao qual o Observador teve acesso. Esta decis\u00e3o do TC permitiu a nova <strong>convoca\u00e7\u00e3o da<\/strong> <strong>recontagem<\/strong> de uma mesa de voto de S\u00e3o Domingos de Benfica, que foi marcada para a pr\u00f3xima quinta-feira.<\/p>\n<p>O problema identificado na argumenta\u00e7\u00e3o do Chega foi ter defendido o recurso com um pedido de \u201cuniformiza\u00e7\u00e3o de jurisprud\u00eancia\u201d. Ou seja, o partido procurava uniformizar a decis\u00e3o do TC, pedido a todos os seus ju\u00edzes para se pronunciarem sobre a mesma. No entanto, os recursos de contencioso eleitoral j\u00e1 s\u00e3o avaliados em plen\u00e1rio, que inclui todos os ju\u00edzes do tribunal. Assim, como j\u00e1 tinha sido o plen\u00e1rio do TC a pronunciar-se sobre o recurso da CDU, consideram que a pretens\u00e3o do Chega era \u201c<strong>manifestamente infundada<\/strong>\u201d.<\/p>\n<p>Com esta decis\u00e3o do TC, a candidatura do Chega \u00e0 C\u00e2mara de Lisboa continua com apenas <strong>um voto de vantagem<\/strong> em rela\u00e7\u00e3o \u00e0 CDU. As contas ainda n\u00e3o est\u00e3o fechadas, porque falta ser recontada a mesa de voto n\u00ba 28 da freguesia de S\u00e3o Domingos de Benfica, ap\u00f3s pedido dos comunistas aceite pelo TC. O Observador apurou junto de fonte pr\u00f3xima do processo que j\u00e1 foram convocados os membros da mesa da assembleia de apuramento geral que proceder\u00e1 \u00e0 recontagem, com data de in\u00edcio marcada para dia 6 de novembro, \u00e0s 9 horas.<\/p>\n<p>A recontagem dessa mesa mant\u00e9m viva a esperan\u00e7a entre os comunistas em rela\u00e7\u00e3o \u00e0 reelei\u00e7\u00e3o a vereadora Ana Jara que tinha perdido o lugar no executivo municipal para o segundo vereador eleito pelo Chega. Isto porque a candidatura encabe\u00e7ada por Bruno Mascarenhas ficou um voto \u00e0 frente dos comunistas num universo de mais de 265 mil eleitores, ap\u00f3s o apuramento final dos votos. Nas contas atuais \u2014 e que, para j\u00e1, valem \u2014 o Chega teve 26.754 votos em todo o munic\u00edpio, enquanto a CDU teve 26.753.<\/p>\n<blockquote class=\"wp-embedded-content\" data-secret=\"c2125dLzry\">\n<p><a href=\"https:\/\/observador.pt\/2025\/10\/27\/chega-recorre-de-decisao-do-tc-que-deixou-cdu-a-apenas-um-voto-na-eleicao-para-a-camara-de-lisboa\/\" rel=\"nofollow noopener\" target=\"_blank\">Chega recorre de decis\u00e3o do TC que deixou CDU a apenas um voto na elei\u00e7\u00e3o para a C\u00e2mara de Lisboa<\/a><\/p>\n<\/blockquote>\n<p><strong>[Chegou\u00a0<\/strong><b>o hist\u00f3rico debate entre Soares e Freitas. E o socialista j\u00e1 conseguiu o voto dos\u00a0<\/b><b>comunistas sem \u201colhar para\u00a0o retrato\u201d dele<\/b>.\u00a0<strong>A\u00a0<a href=\"https:\/\/observador.pt\/programas\/a-eleio-mais-louca-de-sempre\/episodio-5-uma-armadilha-em-direto\/\" rel=\"nofollow noopener\" target=\"_blank\">\u201cElei\u00e7\u00e3o Mais Louca de Sempre\u201d<\/a>\u00a0\u00e9 o novo Podcast Plus do Observador sobre as Presidenciais de 1986. Uma s\u00e9rie narrada pelo ator Gon\u00e7alo Waddington, com banda sonora original de Samuel \u00daria. Pode ouvir\u00a0<a href=\"https:\/\/observador.pt\/programas\/a-eleio-mais-louca-de-sempre\/episodio-5-uma-armadilha-em-direto\/\" rel=\"nofollow noopener\" target=\"_blank\">aqui<\/a>, no\u00a0Observador, e tamb\u00e9m na\u00a0<a href=\"https:\/\/podcasts.apple.com\/pt\/podcast\/epis%C3%B3dio-5-uma-armadilha-em-direto\/id1841273464?i=1000733759807\" rel=\"nofollow noopener\" target=\"_blank\">Apple Podcasts<\/a>, no\u00a0<a href=\"https:\/\/open.spotify.com\/episode\/28mDVafMTtrt5QAwWYdye2?si=c6e9dabb29734f15\" rel=\"nofollow noopener\" target=\"_blank\">Spotify<\/a>\u00a0e no\u00a0<a href=\"https:\/\/music.youtube.com\/watch?v=78x1Dlhn7v4&amp;si=O1yv2xMDjId6CreQ\" rel=\"nofollow noopener\" target=\"_blank\">Youtube Music<\/a>. E pode ouvir o primeiro epis\u00f3dio\u00a0<a href=\"https:\/\/observador.pt\/programas\/a-eleio-mais-louca-de-sempre\/estreia-a-eleicao-mais-louca-de-sempre-episodio-1-apostamos-no-cavalo-errado\/\" target=\"_blank\" rel=\"noopener nofollow\">aqui<\/a>,\u00a0o segundo\u00a0<a href=\"https:\/\/observador.pt\/programas\/a-eleio-mais-louca-de-sempre\/episodio-2-uma-traicao-inesperada\/\" target=\"_blank\" rel=\"noopener nofollow\">aqui<\/a>,\u00a0o terceiro\u00a0<a href=\"https:\/\/observador.pt\/programas\/a-eleio-mais-louca-de-sempre\/episodio-3-ele-nao-e-meu-irmao\/\" rel=\"nofollow noopener\" target=\"_blank\">aqui<\/a>\u00a0e o\u00a0<a href=\"https:\/\/observador.pt\/programas\/a-eleio-mais-louca-de-sempre\/episodio-4-portugal-nao-e-moscovo\/\" rel=\"nofollow noopener\" target=\"_blank\">quarto<\/a>\u00a0aqui]<\/strong><\/p>\n<p><a href=\"https:\/\/observador.pt\/programas\/a-eleio-mais-louca-de-sempre\/episodio-5-uma-armadilha-em-direto\/\" target=\"_blank\" rel=\"noopener nofollow\"><\/p>\n<p>        <img src=\"https:\/\/www.europesays.com\/pt\/wp-content\/uploads\/2025\/10\/770-a-eleicao-mais-louca-de-sempre-playicon.png\" alt=\"\" loading=\"lazy\" decoding=\"async\" class=\"gmail-CToWUd alignnone\" onload=\"this.parentElement.classList.remove('spinner')\" onerror=\"this.parentElement.classList.remove('spinner')\" width=\"770\" height=\"433\"\/>    <\/p>\n<p><\/a><\/p>\n","protected":false},"excerpt":{"rendered":"O Tribunal Constitucional n\u00e3o admitiu o recurso apresentado pelo Chega que procurava uma invers\u00e3o da decis\u00e3o do mesmo&hellip;\n","protected":false},"author":2,"featured_media":132921,"comment_status":"","ping_status":"","sticky":false,"template":"","format":"standard","meta":{"footnotes":""},"categories":[10],"tags":[2163,27,28,6171,1077,15,16,14,25,26,797,21,22,12,13,19,20,57,302,32,23,24,33,58,17,18,29,30,31],"class_list":{"0":"post-132920","1":"post","2":"type-post","3":"status-publish","4":"format-standard","5":"has-post-thumbnail","7":"category-portugal","8":"tag-autu00e1rquicas-2025","9":"tag-breaking-news","10":"tag-breakingnews","11":"tag-cu00e2mara-municipal-lisboa","12":"tag-eleiu00e7u00f5es","13":"tag-featured-news","14":"tag-featurednews","15":"tag-headlines","16":"tag-latest-news","17":"tag-latestnews","18":"tag-lisboa","19":"tag-main-news","20":"tag-mainnews","21":"tag-news","22":"tag-noticias","23":"tag-noticias-principais","24":"tag-noticiasprincipais","25":"tag-pau00eds","26":"tag-polu00edtica","27":"tag-portugal","28":"tag-principais-noticias","29":"tag-principaisnoticias","30":"tag-pt","31":"tag-sociedade","32":"tag-top-stories","33":"tag-topstories","34":"tag-ultimas","35":"tag-ultimas-noticias","36":"tag-ultimasnoticias"},"share_on_mastodon":{"url":"https:\/\/pubeurope.com\/@pt\/115464520991838075","error":""},"_links":{"self":[{"href":"https:\/\/www.europesays.com\/pt\/wp-json\/wp\/v2\/posts\/132920","targetHints":{"allow":["GET"]}}],"collection":[{"href":"https:\/\/www.europesays.com\/pt\/wp-json\/wp\/v2\/posts"}],"about":[{"href":"https:\/\/www.europesays.com\/pt\/wp-json\/wp\/v2\/types\/post"}],"author":[{"embeddable":true,"href":"https:\/\/www.europesays.com\/pt\/wp-json\/wp\/v2\/users\/2"}],"replies":[{"embeddable":true,"href":"https:\/\/www.europesays.com\/pt\/wp-json\/wp\/v2\/comments?post=132920"}],"version-history":[{"count":0,"href":"https:\/\/www.europesays.com\/pt\/wp-json\/wp\/v2\/posts\/132920\/revisions"}],"wp:featuredmedia":[{"embeddable":true,"href":"https:\/\/www.europesays.com\/pt\/wp-json\/wp\/v2\/media\/132921"}],"wp:attachment":[{"href":"https:\/\/www.europesays.com\/pt\/wp-json\/wp\/v2\/media?parent=132920"}],"wp:term":[{"taxonomy":"category","embeddable":true,"href":"https:\/\/www.europesays.com\/pt\/wp-json\/wp\/v2\/categories?post=132920"},{"taxonomy":"post_tag","embeddable":true,"href":"https:\/\/www.europesays.com\/pt\/wp-json\/wp\/v2\/tags?post=132920"}],"curies":[{"name":"wp","href":"https:\/\/api.w.org\/{rel}","templated":true}]}}