{"id":132936,"date":"2025-10-30T18:36:09","date_gmt":"2025-10-30T18:36:09","guid":{"rendered":"https:\/\/www.europesays.com\/pt\/132936\/"},"modified":"2025-10-30T18:36:09","modified_gmt":"2025-10-30T18:36:09","slug":"bosch-braga-entra-em-lay-off-mas-ministro-da-economia-fala-em-tranquilidade","status":"publish","type":"post","link":"https:\/\/www.europesays.com\/pt\/132936\/","title":{"rendered":"Bosch Braga entra em &#8220;lay-off&#8221; mas ministro da Economia fala em tranquilidade"},"content":{"rendered":"<p>                O ministro Castro Almeida diz existir na Bosch Braga uma &#8220;relativa tranquilidade&#8221; quanto ao futuro da empresa, apesar do &#8220;lay-off&#8221; agora decidido: &#8220;Na Bosch h\u00e1 uma leitura de relativa tranquilidade sobre futuro da empresa&#8221;.<\/p>\n<p>Numa declara\u00e7\u00e3o a partir da Assembleia da Rep\u00fablica, o respons\u00e1vel pela pasta da Economia diz que &#8220;h\u00e1 um problema circunstancial que n\u00e3o vai colocar em causa o futuro de uma empresa muit\u00edssimo importante para a regi\u00e3o e para o pa\u00eds&#8221;.<\/p>\n<p>&#13;<br \/>\n&#13;<br \/>\nO &#8216;lay-off&#8217; consiste na redu\u00e7\u00e3o tempor\u00e1ria dos per\u00edodos normais de trabalho ou suspens\u00e3o dos contratos de trabalho efetuada por iniciativa das empresas, durante um determinado tempo, devido a motivos de mercado, motivos estruturais ou tecnol\u00f3gicos ou cat\u00e1strofes ou outras ocorr\u00eancias que tenham afetado gravemente a atividade normal da empresa.<br \/>&#13;\n<\/p>\n<p>Um problema de escassez no fornecimento de componentes levou a empresa a decidir colocar os trabalhadores em &#8220;lay-off&#8221;.<\/p>\n<p>O &#8216;lay-off&#8217; dever\u00e1 come\u00e7ar em novembro at\u00e9 abril de 2026. Medida vai atingir 2.500 trabalhadores, parados devido \u00e0 escassez de componentes para pe\u00e7as eletr\u00f3nicas, anunciou a empresa.  <\/p>\n<p>O titular das pastas da Economia e da Coes\u00e3o Territorial sublinhou que n\u00e3o existe uma quebra de mercado, uma vez que n\u00e3o faltam clientes, trabalho ou competitividade \u00e0 Bosch.<\/p>\n<p>Aos deputados das comiss\u00f5es de Agricultura e Or\u00e7amento, Castro Almeida comunicou a garantia da empresa ao executivo de que seriam respeitados os direitos dos trabalhadores.<\/p>\n<p>Cerca de 2.500 colaboradores ser\u00e3o afetados pela suspens\u00e3o dos contratos de trabalho e\/ou redu\u00e7\u00e3o de horas.&#13;\n<\/p>\n<p>          <img decoding=\"async\" itemprop=\"image\" class=\"img-fluid\"   src=\"https:\/\/www.europesays.com\/pt\/wp-content\/uploads\/2025\/10\/1761849369_151_bg_playeraudio_1.jpg\"\/><\/p>\n<p>&#13;<br \/>\nc\/ Lusa&#13;<\/p>\n","protected":false},"excerpt":{"rendered":"O ministro Castro Almeida diz existir na Bosch Braga uma &#8220;relativa tranquilidade&#8221; quanto ao futuro da empresa, apesar&hellip;\n","protected":false},"author":2,"featured_media":132937,"comment_status":"","ping_status":"","sticky":false,"template":"","format":"standard","meta":{"footnotes":""},"categories":[83],"tags":[88,89,90,13,32,33,420,421],"class_list":{"0":"post-132936","1":"post","2":"type-post","3":"status-publish","4":"format-standard","5":"has-post-thumbnail","7":"category-empresas","8":"tag-business","9":"tag-economy","10":"tag-empresas","11":"tag-noticias","12":"tag-portugal","13":"tag-pt","14":"tag-rtp","15":"tag-rtp-noticias"},"share_on_mastodon":{"url":"https:\/\/pubeurope.com\/@pt\/115464568024000373","error":""},"_links":{"self":[{"href":"https:\/\/www.europesays.com\/pt\/wp-json\/wp\/v2\/posts\/132936","targetHints":{"allow":["GET"]}}],"collection":[{"href":"https:\/\/www.europesays.com\/pt\/wp-json\/wp\/v2\/posts"}],"about":[{"href":"https:\/\/www.europesays.com\/pt\/wp-json\/wp\/v2\/types\/post"}],"author":[{"embeddable":true,"href":"https:\/\/www.europesays.com\/pt\/wp-json\/wp\/v2\/users\/2"}],"replies":[{"embeddable":true,"href":"https:\/\/www.europesays.com\/pt\/wp-json\/wp\/v2\/comments?post=132936"}],"version-history":[{"count":0,"href":"https:\/\/www.europesays.com\/pt\/wp-json\/wp\/v2\/posts\/132936\/revisions"}],"wp:featuredmedia":[{"embeddable":true,"href":"https:\/\/www.europesays.com\/pt\/wp-json\/wp\/v2\/media\/132937"}],"wp:attachment":[{"href":"https:\/\/www.europesays.com\/pt\/wp-json\/wp\/v2\/media?parent=132936"}],"wp:term":[{"taxonomy":"category","embeddable":true,"href":"https:\/\/www.europesays.com\/pt\/wp-json\/wp\/v2\/categories?post=132936"},{"taxonomy":"post_tag","embeddable":true,"href":"https:\/\/www.europesays.com\/pt\/wp-json\/wp\/v2\/tags?post=132936"}],"curies":[{"name":"wp","href":"https:\/\/api.w.org\/{rel}","templated":true}]}}