{"id":132980,"date":"2025-10-30T19:06:32","date_gmt":"2025-10-30T19:06:32","guid":{"rendered":"https:\/\/www.europesays.com\/pt\/132980\/"},"modified":"2025-10-30T19:06:32","modified_gmt":"2025-10-30T19:06:32","slug":"tribunal-notifica-ordem-sobre-advogado-de-socrates","status":"publish","type":"post","link":"https:\/\/www.europesays.com\/pt\/132980\/","title":{"rendered":"Tribunal Notifica Ordem sobre Advogado de S\u00f3crates"},"content":{"rendered":"<p>O tribunal que est\u00e1 a julgar Jos\u00e9 S\u00f3crates ordenou a participa\u00e7\u00e3o \u00e0 Ordem dos Advogados da conduta do advogado do antigo primeiro-ministro, por considerar que esta foi, esta quinta-feira, 30 de outubro, ofensiva dos deveres deontol\u00f3gicos daqueles profissionais.<\/p>\n<p><strong>Em causa est\u00e1 o facto de Pedro Delille ter presumido que a sess\u00e3o iria come\u00e7ar mais tarde do que o agendado e ter chegado atrasado ao julgamento, tendo Jos\u00e9 S\u00f3crates sido representado, durante cerca de meia hora, por uma advogada oficiosa na audi\u00eancia.<\/strong><\/p>\n<p><strong>Para as 09:30 desta quinta-feira estava marcada a inquiri\u00e7\u00e3o, enquanto testemunha, da m\u00e3e do antigo primeiro-ministro, que n\u00e3o compareceu, depois de, na quarta-feira \u00e0 tarde, Pedro Delille ter apresentado um atestado m\u00e9dico no qual \u00e9 referido que o estado de sa\u00fade da idosa, de 94 anos, n\u00e3o permite que esta se desloque a tribunal.<\/strong><\/p>\n","protected":false},"excerpt":{"rendered":"O tribunal que est\u00e1 a julgar Jos\u00e9 S\u00f3crates ordenou a participa\u00e7\u00e3o \u00e0 Ordem dos Advogados da conduta do&hellip;\n","protected":false},"author":2,"featured_media":132981,"comment_status":"","ping_status":"","sticky":false,"template":"","format":"standard","meta":{"footnotes":""},"categories":[10],"tags":[27,28,15,16,14,16189,603,25,26,21,22,12,13,19,20,16190,30115,32,23,24,33,17,18,29,30,31],"class_list":{"0":"post-132980","1":"post","2":"type-post","3":"status-publish","4":"format-standard","5":"has-post-thumbnail","7":"category-portugal","8":"tag-breaking-news","9":"tag-breakingnews","10":"tag-featured-news","11":"tag-featurednews","12":"tag-headlines","13":"tag-jose-socrates","14":"tag-justica","15":"tag-latest-news","16":"tag-latestnews","17":"tag-main-news","18":"tag-mainnews","19":"tag-news","20":"tag-noticias","21":"tag-noticias-principais","22":"tag-noticiasprincipais","23":"tag-operacao-marques","24":"tag-pedro-delille","25":"tag-portugal","26":"tag-principais-noticias","27":"tag-principaisnoticias","28":"tag-pt","29":"tag-top-stories","30":"tag-topstories","31":"tag-ultimas","32":"tag-ultimas-noticias","33":"tag-ultimasnoticias"},"share_on_mastodon":{"url":"https:\/\/pubeurope.com\/@pt\/115464685814873637","error":""},"_links":{"self":[{"href":"https:\/\/www.europesays.com\/pt\/wp-json\/wp\/v2\/posts\/132980","targetHints":{"allow":["GET"]}}],"collection":[{"href":"https:\/\/www.europesays.com\/pt\/wp-json\/wp\/v2\/posts"}],"about":[{"href":"https:\/\/www.europesays.com\/pt\/wp-json\/wp\/v2\/types\/post"}],"author":[{"embeddable":true,"href":"https:\/\/www.europesays.com\/pt\/wp-json\/wp\/v2\/users\/2"}],"replies":[{"embeddable":true,"href":"https:\/\/www.europesays.com\/pt\/wp-json\/wp\/v2\/comments?post=132980"}],"version-history":[{"count":0,"href":"https:\/\/www.europesays.com\/pt\/wp-json\/wp\/v2\/posts\/132980\/revisions"}],"wp:featuredmedia":[{"embeddable":true,"href":"https:\/\/www.europesays.com\/pt\/wp-json\/wp\/v2\/media\/132981"}],"wp:attachment":[{"href":"https:\/\/www.europesays.com\/pt\/wp-json\/wp\/v2\/media?parent=132980"}],"wp:term":[{"taxonomy":"category","embeddable":true,"href":"https:\/\/www.europesays.com\/pt\/wp-json\/wp\/v2\/categories?post=132980"},{"taxonomy":"post_tag","embeddable":true,"href":"https:\/\/www.europesays.com\/pt\/wp-json\/wp\/v2\/tags?post=132980"}],"curies":[{"name":"wp","href":"https:\/\/api.w.org\/{rel}","templated":true}]}}