{"id":133009,"date":"2025-10-30T19:28:13","date_gmt":"2025-10-30T19:28:13","guid":{"rendered":"https:\/\/www.europesays.com\/pt\/133009\/"},"modified":"2025-10-30T19:28:13","modified_gmt":"2025-10-30T19:28:13","slug":"video-presidente-de-clube-da-romenia-regressa-aos-relvados-para-jogar-aos-61-anos","status":"publish","type":"post","link":"https:\/\/www.europesays.com\/pt\/133009\/","title":{"rendered":"V\u00cdDEO: presidente de clube da Rom\u00e9nia regressa aos relvados para jogar aos 61 anos"},"content":{"rendered":"<p data-end=\"597\" data-start=\"238\">O futebol romeno viveu um momento ins\u00f3lito esta quarta-feira, no Est\u00e1dio Ion Oblemenco, em Craiova. Aurelian Ghisa, propriet\u00e1rio, presidente e m\u00e9dico veterin\u00e1rio de profiss\u00e3o, entrou em campo aos 61 anos para representar o seu CS Sanatatea Cluj, da terceira divis\u00e3o, frente ao Universitatea Craiova, na Ta\u00e7a da Rom\u00e9nia.<\/p>\n<p data-end=\"817\" data-start=\"599\">Ghisa foi lan\u00e7ado aos 89 minutos, tornando-se o jogador mais velho da hist\u00f3ria das tr\u00eas principais divis\u00f5es romenas a disputar um encontro oficial.<\/p>\n<p data-end=\"817\" data-start=\"599\">\u00abFoi fant\u00e1stico. Sempre quis estar com os rapazes, apoi\u00e1-los e sentir o jogo l\u00e1 dentro. Talvez lhes tenha transmitido um pouco de confian\u00e7a\u00bb, disse o dirigente, que treina regularmente com o plantel.<\/p>\n<p data-end=\"1281\" data-start=\"1027\">O dono do Sanatatea Cluj \u00e9 presen\u00e7a habitual nos treinos e j\u00e1 tinha estado inscrito noutros jogos, mas sem sair do banco. O regresso aos relvados acabou por acontecer em Craiova, um gesto de reconhecimento do treinador Vasile Miriuta, que o tinha prometido.<\/p>\n<p data-end=\"1281\" data-start=\"1027\">\u00abVou coloc\u00e1-lo no fim. Pelo que faz por este clube, ele merece\u00bb, afirmou Miriuta na confer\u00eancia de imprensa antes do encontro.<\/p>\n<p data-end=\"1281\" data-start=\"1027\">Um regresso porque\u00a0o dirigente j\u00e1 tinha feito parte de um encontro da Ta\u00e7a da Rom\u00e9nia, quando o Sanatatea Cluj foi goleado pelo Steaua de Bucareste (4-0) em 2011.<\/p>\n<p data-end=\"1701\" data-start=\"1401\">No duelo desta quarta-feira, o Sanatatea at\u00e9 come\u00e7ou por surpreender, chegando ao intervalo em vantagem gra\u00e7as a um autogolo do guarda-redes Nikola Stevanovic, mas acabou por ceder na segunda parte. O Universitatea Craiova\u00a0venceu por 4-1, com golos de Basceanu, Etim e Cic\u00e2ldau.<\/p>\n<p data-end=\"1768\" data-start=\"1703\">Apesar da derrota, Ghisa saiu de campo orgulhoso da presta\u00e7\u00e3o e da estreia na sua equipa.<\/p>\n<p data-end=\"1768\" data-start=\"1703\">\u00abA minha motiva\u00e7\u00e3o vem da paix\u00e3o pelo futebol e da vontade de n\u00e3o desistir. Treino uma ou duas vezes por semana com os jogadores. A idade n\u00e3o me atrapalha, talvez seja um pouco mais lento, mas n\u00e3o vejo nisso um problema\u00bb, confessou \u00e0 Radio Cluj no final da partida.<\/p>\n","protected":false},"excerpt":{"rendered":"O futebol romeno viveu um momento ins\u00f3lito esta quarta-feira, no Est\u00e1dio Ion Oblemenco, em Craiova. Aurelian Ghisa, propriet\u00e1rio,&hellip;\n","protected":false},"author":2,"featured_media":133010,"comment_status":"","ping_status":"","sticky":false,"template":"","format":"standard","meta":{"footnotes":""},"categories":[87],"tags":[30122,135,4238,82,46,32,33,47,17690,30121,134],"class_list":{"0":"post-133009","1":"post","2":"type-post","3":"status-publish","4":"format-standard","5":"has-post-thumbnail","7":"category-desporto","8":"tag-aurelian-ghisa","9":"tag-desporto","10":"tag-incrivel","11":"tag-internacional","12":"tag-maisfutebol","13":"tag-portugal","14":"tag-pt","15":"tag-pura-paixao","16":"tag-romenia","17":"tag-sanatatea-cluj","18":"tag-sports"},"share_on_mastodon":{"url":"https:\/\/pubeurope.com\/@pt\/115464772444627816","error":""},"_links":{"self":[{"href":"https:\/\/www.europesays.com\/pt\/wp-json\/wp\/v2\/posts\/133009","targetHints":{"allow":["GET"]}}],"collection":[{"href":"https:\/\/www.europesays.com\/pt\/wp-json\/wp\/v2\/posts"}],"about":[{"href":"https:\/\/www.europesays.com\/pt\/wp-json\/wp\/v2\/types\/post"}],"author":[{"embeddable":true,"href":"https:\/\/www.europesays.com\/pt\/wp-json\/wp\/v2\/users\/2"}],"replies":[{"embeddable":true,"href":"https:\/\/www.europesays.com\/pt\/wp-json\/wp\/v2\/comments?post=133009"}],"version-history":[{"count":0,"href":"https:\/\/www.europesays.com\/pt\/wp-json\/wp\/v2\/posts\/133009\/revisions"}],"wp:featuredmedia":[{"embeddable":true,"href":"https:\/\/www.europesays.com\/pt\/wp-json\/wp\/v2\/media\/133010"}],"wp:attachment":[{"href":"https:\/\/www.europesays.com\/pt\/wp-json\/wp\/v2\/media?parent=133009"}],"wp:term":[{"taxonomy":"category","embeddable":true,"href":"https:\/\/www.europesays.com\/pt\/wp-json\/wp\/v2\/categories?post=133009"},{"taxonomy":"post_tag","embeddable":true,"href":"https:\/\/www.europesays.com\/pt\/wp-json\/wp\/v2\/tags?post=133009"}],"curies":[{"name":"wp","href":"https:\/\/api.w.org\/{rel}","templated":true}]}}