{"id":133011,"date":"2025-10-30T19:29:08","date_gmt":"2025-10-30T19:29:08","guid":{"rendered":"https:\/\/www.europesays.com\/pt\/133011\/"},"modified":"2025-10-30T19:29:08","modified_gmt":"2025-10-30T19:29:08","slug":"himaba-realiza-2o-simposio-de-prematuridade-e-reforca-metodo-canguru-no-cuidado-neonatal","status":"publish","type":"post","link":"https:\/\/www.europesays.com\/pt\/133011\/","title":{"rendered":"Himaba realiza 2\u00ba Simp\u00f3sio de Prematuridade e refor\u00e7a \u2018M\u00e9todo Canguru\u2019 no cuidado neonatal"},"content":{"rendered":"<p>O Hospital Infantil e Maternidade Alzir Bernardino Alves (HIMABA), localizado em Vila Velha, realiza, no pr\u00f3ximo dia 14 de novembro, a 2\u00aa edi\u00e7\u00e3o do Simp\u00f3sio de Prematuridade, no audit\u00f3rio do Instituto Federal de Educa\u00e7\u00e3o, Ci\u00eancia e Tecnologia do Esp\u00edrito Santo (Ifes), campus Vila Velha, a partir das 8h. O evento tem como objetivo conscientizar e atualizar os profissionais de sa\u00fade sobre o M\u00e9todo M\u00e3e Canguru (MMC), t\u00e9cnica humanizada voltada ao cuidado de rec\u00e9m-nascidos prematuros e de baixo peso.<\/p>\n<p>As inscri\u00e7\u00f5es s\u00e3o gratuitas e podem ser realizadas de forma on-line neste <a href=\"https:\/\/docs.google.com\/forms\/d\/e\/1FAIpQLSdHhFe_iY2gTwV_vrExPDwan_3mmVHl0rVGwUaAqGD3v1q3Rw\/viewform\" rel=\"nofollow noopener\" target=\"_blank\">link<\/a>\u00a0at\u00e9 o dia 10 de novembro ou at\u00e9 o limite de vagas.<\/p>\n<p>A respons\u00e1vel t\u00e9cnica pelo Banco de Leite Humano do Himaba e coordenadora estadual do \u2018M\u00e9todo Canguru\u2019, Ang\u00e9lica Carvalho, ressaltou a import\u00e2ncia da capacita\u00e7\u00e3o das equipes de sa\u00fade.<\/p>\n<p>\u201cO m\u00e9todo canguru \u00e9 um trabalho de interdisciplinaridade. \u00c9 fundamental nos mantermos atualizados para proteger a sa\u00fade do nen\u00e9m e amparar a fam\u00edlia no delicado momento do nascimento de uma crian\u00e7a prematura\u201d, destacou a m\u00e9dica.<\/p>\n<p>Segundo o Minist\u00e9rio da Sa\u00fade, o \u2018M\u00e9todo Canguru\u2019 \u00e9 considerado a abordagem mais adequada para aten\u00e7\u00e3o ao rec\u00e9m-nascido (RN) pr\u00e9-termo ou de baixo peso, especialmente para aqueles que necessitam de interna\u00e7\u00e3o em Unidade Neonatal. O m\u00e9todo engloba um conjunto de a\u00e7\u00f5es destinadas \u00e0 qualifica\u00e7\u00e3o do cuidado ao rec\u00e9m-nascido e sua fam\u00edlia.<\/p>\n<p>Refer\u00eancia estadual na aplica\u00e7\u00e3o do m\u00e9todo, o Himaba \u00e9 atualmente o \u00fanico hospital capixaba aprovado para receber o selo nacional \u201cIniciativa Hospital Amigo da Crian\u00e7a (IHAC)\u201d, que avalia boas pr\u00e1ticas hospitalares, entre elas destacam-se o incentivo ao contato pele a pele e o apoio ao aleitamento materno, preconizados no \u2018M\u00e9todo Canguru\u2019.<\/p>\n<p>\u00a0<\/p>\n<p><strong>M\u00eas da prematuridade<\/strong><\/p>\n<p>Em novembro, o calend\u00e1rio da sa\u00fade ganha uma nova cor: o roxo. A Lei n\u00ba 15.198\/2025 instituiu o Novembro Roxo, m\u00eas de conscientiza\u00e7\u00e3o sobre a prematuridade em todo o pa\u00eds. Em Vila Velha, o Himaba abra\u00e7a essa causa h\u00e1 mais de uma d\u00e9cada, promovendo o v\u00ednculo afetivo entre m\u00e3es e beb\u00eas e incentivando a amamenta\u00e7\u00e3o, pilares fundamentais do cuidado neonatal humanizado.<\/p>\n<p>Em 2024, 127 beb\u00eas prematuros nascidos na unidade foram assistidos pelo \u2018M\u00e9todo Canguru\u2019. At\u00e9 outubro deste ano, outros 97 beb\u00eas e fam\u00edlias j\u00e1 haviam sido acompanhados na pr\u00e1tica.<\/p>\n<p><strong>Benef\u00edcios a curto e a longo prazo<\/strong><\/p>\n<p>Revis\u00e3o cient\u00edfica publicada pela\u00a0Cochrane Library\u00a0apurou que a aplica\u00e7\u00e3o da posi\u00e7\u00e3o canguru est\u00e1 associada \u00e0 redu\u00e7\u00e3o do risco de mortalidade, infec\u00e7\u00e3o hospitalar ou sepse, hipotermia e tempo de interna\u00e7\u00e3o.<\/p>\n<p>Outro estudo, publicado em 2017 e conduzido na Col\u00f4mbia, revelou que, aos 20 anos, jovens que foram beb\u00eas prematuros participantes do \u2018M\u00e9todo Canguru\u2019 demonstraram menos agressividade, impulsividade e comportamentos antissociais. O levantamento sugere que o contato pele a pele pode favorecer o desenvolvimento cerebral, ajudando na matura\u00e7\u00e3o de estruturas afetadas pela prematuridade, como o n\u00facleo caudado.<\/p>\n<p>Outro resultado observado nesse\u00a0follow-up\u00a0de 20 anos foi o maior envolvimento materno nos cuidados com a crian\u00e7a e a redu\u00e7\u00e3o da evas\u00e3o escolar. O envolvimento paterno tamb\u00e9m aumenta, influenciando positivamente o desenvolvimento cognitivo e emocional da crian\u00e7a.<\/p>\n<p>\u00a0<\/p>\n<p><strong>Programa\u00e7\u00e3o do 2\u00ba Simp\u00f3sio de Prematuridade do HIMABA<\/strong><\/p>\n<p>8h \u2013 Credenciamento e coffee break<\/p>\n<p>8h30 \u2013 Abertura<\/p>\n<p>9h \u2013 Colostroterapia<\/p>\n<p>9h30 \u2013 Posicionamento e M\u00e9todo Canguru<\/p>\n<p>10h \u2013 Bicos, dispositivos e estimula\u00e7\u00e3o precoce<\/p>\n<p>10h30 \u2013 Lei n\u00ba 15.918: Lei da Prematuridade<\/p>\n<p>11h \u2013 Agradecimento e encerramento<\/p>\n<p>\u00a0<\/p>\n<p><strong>Servi\u00e7o:<\/strong><\/p>\n<p>2\u00ba Simp\u00f3sio de Prematuridade do HIMABA<\/p>\n<p>Data: 14 de novembro (sexta-feira)<\/p>\n<p>Hor\u00e1rio: a partir das 8h<\/p>\n<p>Local: audit\u00f3rio do Instituto Federal do Esp\u00edrito Santo (IFES), campus Vila Velha<\/p>\n<p>Inscri\u00e7\u00f5es s\u00e3o gratuitas e podem ser feitas at\u00e9 dia 10 de novembro ou at\u00e9 o limite de vagas, por meio deste <a href=\"https:\/\/docs.google.com\/forms\/d\/e\/1FAIpQLSdHhFe_iY2gTwV_vrExPDwan_3mmVHl0rVGwUaAqGD3v1q3Rw\/viewform\" rel=\"nofollow noopener\" target=\"_blank\">link<\/a>.\u00a0<\/p>\n<p>\u00a0<\/p>\n<p><strong>Informa\u00e7\u00f5es \u00e0 Imprensa:<\/strong><\/p>\n<p>Assessoria de Comunica\u00e7\u00e3o da Sesa<\/p>\n<p>Syria Luppi \/ Luciana Almeida \/ Danielly Campos \/ Tha\u00edsa C\u00f4rtes \/ Ana Cl\u00e1udia dos Santos<\/p>\n<p><a href=\"https:\/\/saude.es.gov.br\/Not%C3%ADcia\/mailto:imprensa@saude.es.gov.br\" rel=\"nofollow noopener\" target=\"_blank\">imprensa@saude.es.gov.br<\/a><\/p>\n<p>\u00a0<\/p>\n<p>Assessoria de Comunica\u00e7\u00e3o &#8211; Hospital Estadual Infantil e Maternidade Alzir Bernardino Alves (Himaba)<\/p>\n<p>Daniely Borges<\/p>\n<p><a href=\"https:\/\/saude.es.gov.br\/Not%C3%ADcia\/mailto:daniely.borges@institutoacqua.org.br\" rel=\"nofollow noopener\" target=\"_blank\">daniely.borges@institutoacqua.org.br<\/a><\/p>\n<p>\u00a0<\/p>\n","protected":false},"excerpt":{"rendered":"O Hospital Infantil e Maternidade Alzir Bernardino Alves (HIMABA), localizado em Vila Velha, realiza, no pr\u00f3ximo dia 14&hellip;\n","protected":false},"author":2,"featured_media":133012,"comment_status":"","ping_status":"","sticky":false,"template":"","format":"standard","meta":{"footnotes":""},"categories":[86],"tags":[924,116,32,33,117,10254],"class_list":{"0":"post-133011","1":"post","2":"type-post","3":"status-publish","4":"format-standard","5":"has-post-thumbnail","7":"category-saude","8":"tag-governo-do-estado-do-espirito-santo","9":"tag-health","10":"tag-portugal","11":"tag-pt","12":"tag-saude","13":"tag-sesa"},"share_on_mastodon":{"url":"https:\/\/pubeurope.com\/@pt\/115464776303236086","error":""},"_links":{"self":[{"href":"https:\/\/www.europesays.com\/pt\/wp-json\/wp\/v2\/posts\/133011","targetHints":{"allow":["GET"]}}],"collection":[{"href":"https:\/\/www.europesays.com\/pt\/wp-json\/wp\/v2\/posts"}],"about":[{"href":"https:\/\/www.europesays.com\/pt\/wp-json\/wp\/v2\/types\/post"}],"author":[{"embeddable":true,"href":"https:\/\/www.europesays.com\/pt\/wp-json\/wp\/v2\/users\/2"}],"replies":[{"embeddable":true,"href":"https:\/\/www.europesays.com\/pt\/wp-json\/wp\/v2\/comments?post=133011"}],"version-history":[{"count":0,"href":"https:\/\/www.europesays.com\/pt\/wp-json\/wp\/v2\/posts\/133011\/revisions"}],"wp:featuredmedia":[{"embeddable":true,"href":"https:\/\/www.europesays.com\/pt\/wp-json\/wp\/v2\/media\/133012"}],"wp:attachment":[{"href":"https:\/\/www.europesays.com\/pt\/wp-json\/wp\/v2\/media?parent=133011"}],"wp:term":[{"taxonomy":"category","embeddable":true,"href":"https:\/\/www.europesays.com\/pt\/wp-json\/wp\/v2\/categories?post=133011"},{"taxonomy":"post_tag","embeddable":true,"href":"https:\/\/www.europesays.com\/pt\/wp-json\/wp\/v2\/tags?post=133011"}],"curies":[{"name":"wp","href":"https:\/\/api.w.org\/{rel}","templated":true}]}}