{"id":133063,"date":"2025-10-30T20:06:13","date_gmt":"2025-10-30T20:06:13","guid":{"rendered":"https:\/\/www.europesays.com\/pt\/133063\/"},"modified":"2025-10-30T20:06:13","modified_gmt":"2025-10-30T20:06:13","slug":"israel-reafirmou-compromisso-com-cessar-fogo-mas-voltou-a-atacar-gaza","status":"publish","type":"post","link":"https:\/\/www.europesays.com\/pt\/133063\/","title":{"rendered":"Israel reafirmou compromisso com cessar-fogo mas voltou a atacar Gaza"},"content":{"rendered":"<p>                <b>Fontes palestinianas, mencionadas pela Reuters, afirmam que perto de Khan Younis, no sul da Faixa de Gaza, houve pelo menos dez ataques a\u00e9reos, tendo sido destru\u00eddo um pr\u00e9dio da companhia el\u00e9trica da regi\u00e3o.<\/b> H\u00e1 tamb\u00e9m relatos de uma incurs\u00e3o terrestre a leste da Cidade de Gaza.As autoridades israelitas admitem ter realizado apenas ataques de \u201cprecis\u00e3o\u201d contra \u201cinfraestrutura terrorista que representava uma amea\u00e7a \u00e0s tropas\u201d nas zonas ainda ocupadas por Israel. <br \/>&#13;<\/p>\n<p>\n<b><br \/>&#13;<br \/>\nOs ataques das \u00faltimas horas s\u00e3o a mais recente prova ao fr\u00e1gil cessar-fogo que entrou em vigor a 10 de outubro. <\/b>N\u00e3o houve, contudo, relatos de ataques das for\u00e7as israelitas fora das \u00e1reas controladas por Israel.<br \/>\n          <img decoding=\"async\" itemprop=\"image\" class=\"img-fluid\"   src=\"https:\/\/www.europesays.com\/pt\/wp-content\/uploads\/2025\/10\/fed04d348111bc35a61b2a4545d08af2_N.jpg\"\/><\/p>\n<p>Na noite de ter\u00e7a-feira, em retalia\u00e7\u00e3o pela morte de um soldado israelita, Israel bombardeou Gaza, vitimando 104 pessoas.<\/p>\n<p>&#13;<br \/>\n<b>As for\u00e7as israelita lan\u00e7aram, tamb\u00e9m nas \u00faltimas horas, ataques a\u00e9reos nas \u00e1reas de Mahmoudiyeh e Jarmak, no sul do L\u00edbano, informou a Ag\u00eancia Nacional de Not\u00edcias estatal.<\/b>&#13;\n<\/p>\n<p>&#13;<br \/>\n<b\/>c\/ ag\u00eancias&#13;<br \/>\n&#13;<\/p>\n","protected":false},"excerpt":{"rendered":"Fontes palestinianas, mencionadas pela Reuters, afirmam que perto de Khan Younis, no sul da Faixa de Gaza, houve&hellip;\n","protected":false},"author":2,"featured_media":133064,"comment_status":"","ping_status":"","sticky":false,"template":"","format":"standard","meta":{"footnotes":""},"categories":[50],"tags":[3391,27,28,256,257,15,16,14,259,25,26,21,22,62,12,13,19,20,23,24,17,18,29,30,31,63,64,65],"class_list":{"0":"post-133063","1":"post","2":"type-post","3":"status-publish","4":"format-standard","5":"has-post-thumbnail","7":"category-mundo","8":"tag-ataques","9":"tag-breaking-news","10":"tag-breakingnews","11":"tag-cessar-fogo","12":"tag-faixa-de-gaza","13":"tag-featured-news","14":"tag-featurednews","15":"tag-headlines","16":"tag-israel","17":"tag-latest-news","18":"tag-latestnews","19":"tag-main-news","20":"tag-mainnews","21":"tag-mundo","22":"tag-news","23":"tag-noticias","24":"tag-noticias-principais","25":"tag-noticiasprincipais","26":"tag-principais-noticias","27":"tag-principaisnoticias","28":"tag-top-stories","29":"tag-topstories","30":"tag-ultimas","31":"tag-ultimas-noticias","32":"tag-ultimasnoticias","33":"tag-world","34":"tag-world-news","35":"tag-worldnews"},"share_on_mastodon":{"url":"https:\/\/pubeurope.com\/@pt\/115464921739755187","error":""},"_links":{"self":[{"href":"https:\/\/www.europesays.com\/pt\/wp-json\/wp\/v2\/posts\/133063","targetHints":{"allow":["GET"]}}],"collection":[{"href":"https:\/\/www.europesays.com\/pt\/wp-json\/wp\/v2\/posts"}],"about":[{"href":"https:\/\/www.europesays.com\/pt\/wp-json\/wp\/v2\/types\/post"}],"author":[{"embeddable":true,"href":"https:\/\/www.europesays.com\/pt\/wp-json\/wp\/v2\/users\/2"}],"replies":[{"embeddable":true,"href":"https:\/\/www.europesays.com\/pt\/wp-json\/wp\/v2\/comments?post=133063"}],"version-history":[{"count":0,"href":"https:\/\/www.europesays.com\/pt\/wp-json\/wp\/v2\/posts\/133063\/revisions"}],"wp:featuredmedia":[{"embeddable":true,"href":"https:\/\/www.europesays.com\/pt\/wp-json\/wp\/v2\/media\/133064"}],"wp:attachment":[{"href":"https:\/\/www.europesays.com\/pt\/wp-json\/wp\/v2\/media?parent=133063"}],"wp:term":[{"taxonomy":"category","embeddable":true,"href":"https:\/\/www.europesays.com\/pt\/wp-json\/wp\/v2\/categories?post=133063"},{"taxonomy":"post_tag","embeddable":true,"href":"https:\/\/www.europesays.com\/pt\/wp-json\/wp\/v2\/tags?post=133063"}],"curies":[{"name":"wp","href":"https:\/\/api.w.org\/{rel}","templated":true}]}}