{"id":133087,"date":"2025-10-30T20:22:13","date_gmt":"2025-10-30T20:22:13","guid":{"rendered":"https:\/\/www.europesays.com\/pt\/133087\/"},"modified":"2025-10-30T20:22:13","modified_gmt":"2025-10-30T20:22:13","slug":"mensagens-de-soldados-da-i-guerra-mundial-chegam-as-familias","status":"publish","type":"post","link":"https:\/\/www.europesays.com\/pt\/133087\/","title":{"rendered":"Mensagens de Soldados da I Guerra Mundial Chegam \u00e0s Fam\u00edlias"},"content":{"rendered":"<p>As pr\u00f3prias express\u00f5es usadas pelos dois soldados atestam a antiguidade das missivas. <strong>\u201cO navio ondula e abana por todos os lados, mas estamos t\u00e3o felizes como o Larry [happy as Larry]\u201d<\/strong>, escreveu Malcolm Neville, usando um coloquialismo australiano que h\u00e1 muito desapareceu do uso corrente.<\/p>\n<p>Neville tamb\u00e9m pede, na carta, que esta seja entregue \u2013\u00a0caso seja encontrada \u2013\u00a0\u00e0 sua m\u00e3e, Robertina Neville, em Wilkawatt, que desde ent\u00e3o se transformou numa cidade fantasma no Sul da Austr\u00e1lia. J\u00e1 Harley, cuja m\u00e3e j\u00e1 tinha morrido em 1916, dava-se por satisfeito que a pessoa que encontrasse a garrafa ficasse com a mensagem. <strong>\u201cQue a pessoa que encontre [esta mensagem] fique t\u00e3o bem como n\u00f3s nos encontramos presentemente\u201d.<\/strong><\/p>\n<p>O casal que encontrou a garrafa, Deb e Peter Brown, suspeitam que esta ter\u00e1 ficado mais de uma d\u00e9cada presa na areia das dunas. A grave eros\u00e3o que se tem verificado nos \u00faltimos meses nas dunas da praia de Wharton \u2013\u00a0causados por ondas enormes \u2013 ter\u00e1 desalojado a garrafa do seu sono descansado. O papel das cartas estava molhado, mas as partes escritas continuavam bem leg\u00edveis.<\/p>\n<p><strong>\u201cA garrafa est\u00e1 numa condi\u00e7\u00e3o quase imaculada. N\u00e3o tem quaisquer crust\u00e1ceos [como pequenas lapas ou cracas] agarrados a ela<\/strong>. Acredito que se tivesse estado no mar ou exposta durante todo este tempo, o papel ter-se-ia desintegrado com a luz do sol. N\u00e3o ter\u00edamos conseguido l\u00ea-la\u201d, disse Deb Brown, citada pela Associated Press.<\/p>\n<p>E foi assim, por ter conseguido ler as cartas, que Deb Brown se lan\u00e7ou numa miss\u00e3o para encontrar os familiares dos dois soldados.<\/p>\n","protected":false},"excerpt":{"rendered":"As pr\u00f3prias express\u00f5es usadas pelos dois soldados atestam a antiguidade das missivas. \u201cO navio ondula e abana por&hellip;\n","protected":false},"author":2,"featured_media":133088,"comment_status":"","ping_status":"","sticky":false,"template":"","format":"standard","meta":{"footnotes":""},"categories":[50],"tags":[27,28,15,16,14,30127,25,26,21,22,62,12,13,19,20,23,24,17,18,29,30,31,63,64,65],"class_list":{"0":"post-133087","1":"post","2":"type-post","3":"status-publish","4":"format-standard","5":"has-post-thumbnail","7":"category-mundo","8":"tag-breaking-news","9":"tag-breakingnews","10":"tag-featured-news","11":"tag-featurednews","12":"tag-headlines","13":"tag-i-guerra-mundial","14":"tag-latest-news","15":"tag-latestnews","16":"tag-main-news","17":"tag-mainnews","18":"tag-mundo","19":"tag-news","20":"tag-noticias","21":"tag-noticias-principais","22":"tag-noticiasprincipais","23":"tag-principais-noticias","24":"tag-principaisnoticias","25":"tag-top-stories","26":"tag-topstories","27":"tag-ultimas","28":"tag-ultimas-noticias","29":"tag-ultimasnoticias","30":"tag-world","31":"tag-world-news","32":"tag-worldnews"},"share_on_mastodon":{"url":"https:\/\/pubeurope.com\/@pt\/115464984681729281","error":""},"_links":{"self":[{"href":"https:\/\/www.europesays.com\/pt\/wp-json\/wp\/v2\/posts\/133087","targetHints":{"allow":["GET"]}}],"collection":[{"href":"https:\/\/www.europesays.com\/pt\/wp-json\/wp\/v2\/posts"}],"about":[{"href":"https:\/\/www.europesays.com\/pt\/wp-json\/wp\/v2\/types\/post"}],"author":[{"embeddable":true,"href":"https:\/\/www.europesays.com\/pt\/wp-json\/wp\/v2\/users\/2"}],"replies":[{"embeddable":true,"href":"https:\/\/www.europesays.com\/pt\/wp-json\/wp\/v2\/comments?post=133087"}],"version-history":[{"count":0,"href":"https:\/\/www.europesays.com\/pt\/wp-json\/wp\/v2\/posts\/133087\/revisions"}],"wp:featuredmedia":[{"embeddable":true,"href":"https:\/\/www.europesays.com\/pt\/wp-json\/wp\/v2\/media\/133088"}],"wp:attachment":[{"href":"https:\/\/www.europesays.com\/pt\/wp-json\/wp\/v2\/media?parent=133087"}],"wp:term":[{"taxonomy":"category","embeddable":true,"href":"https:\/\/www.europesays.com\/pt\/wp-json\/wp\/v2\/categories?post=133087"},{"taxonomy":"post_tag","embeddable":true,"href":"https:\/\/www.europesays.com\/pt\/wp-json\/wp\/v2\/tags?post=133087"}],"curies":[{"name":"wp","href":"https:\/\/api.w.org\/{rel}","templated":true}]}}