{"id":133089,"date":"2025-10-30T20:23:59","date_gmt":"2025-10-30T20:23:59","guid":{"rendered":"https:\/\/www.europesays.com\/pt\/133089\/"},"modified":"2025-10-30T20:23:59","modified_gmt":"2025-10-30T20:23:59","slug":"quatro-portugueses-julgados-por-violacao-coletiva-de-duas-jovens-advogado-alega-sexo-consentido","status":"publish","type":"post","link":"https:\/\/www.europesays.com\/pt\/133089\/","title":{"rendered":"Quatro portugueses julgados por viola\u00e7\u00e3o coletiva de duas jovens. Advogado alega &#8220;sexo consentido&#8221;"},"content":{"rendered":"<p>Os quatro portugueses que come\u00e7aram a ser julgados esta quarta-feira, no Tribunal de Gij\u00f3n, nas Ast\u00farias, acusados de viola\u00e7\u00e3o coletiva contra duas espanholas, em Gij\u00f3n, prestar\u00e3o declara\u00e7\u00f5es apenas no fim do julgamento, anunciou o seu advogado. Germ\u00e1n-Ram\u00f3n Incl\u00e1n M\u00e9ndez rejeitou a acusa\u00e7\u00e3o feita aos seus clientes, salientando que &#8220;se tratou, sempre, de sexo consentido pelas jovens&#8221;.<\/p>\n","protected":false},"excerpt":{"rendered":"Os quatro portugueses que come\u00e7aram a ser julgados esta quarta-feira, no Tribunal de Gij\u00f3n, nas Ast\u00farias, acusados de&hellip;\n","protected":false},"author":2,"featured_media":133090,"comment_status":"","ping_status":"","sticky":false,"template":"","format":"standard","meta":{"footnotes":""},"categories":[10],"tags":[27,28,15,16,30128,14,5607,603,25,26,21,22,12,13,19,20,32,23,24,33,17,18,29,30,31,8102],"class_list":{"0":"post-133089","1":"post","2":"type-post","3":"status-publish","4":"format-standard","5":"has-post-thumbnail","7":"category-portugal","8":"tag-breaking-news","9":"tag-breakingnews","10":"tag-featured-news","11":"tag-featurednews","12":"tag-gijon","13":"tag-headlines","14":"tag-julgamento","15":"tag-justica","16":"tag-latest-news","17":"tag-latestnews","18":"tag-main-news","19":"tag-mainnews","20":"tag-news","21":"tag-noticias","22":"tag-noticias-principais","23":"tag-noticiasprincipais","24":"tag-portugal","25":"tag-principais-noticias","26":"tag-principaisnoticias","27":"tag-pt","28":"tag-top-stories","29":"tag-topstories","30":"tag-ultimas","31":"tag-ultimas-noticias","32":"tag-ultimasnoticias","33":"tag-violacao"},"share_on_mastodon":{"url":"https:\/\/pubeurope.com\/@pt\/115464992331710142","error":""},"_links":{"self":[{"href":"https:\/\/www.europesays.com\/pt\/wp-json\/wp\/v2\/posts\/133089","targetHints":{"allow":["GET"]}}],"collection":[{"href":"https:\/\/www.europesays.com\/pt\/wp-json\/wp\/v2\/posts"}],"about":[{"href":"https:\/\/www.europesays.com\/pt\/wp-json\/wp\/v2\/types\/post"}],"author":[{"embeddable":true,"href":"https:\/\/www.europesays.com\/pt\/wp-json\/wp\/v2\/users\/2"}],"replies":[{"embeddable":true,"href":"https:\/\/www.europesays.com\/pt\/wp-json\/wp\/v2\/comments?post=133089"}],"version-history":[{"count":0,"href":"https:\/\/www.europesays.com\/pt\/wp-json\/wp\/v2\/posts\/133089\/revisions"}],"wp:featuredmedia":[{"embeddable":true,"href":"https:\/\/www.europesays.com\/pt\/wp-json\/wp\/v2\/media\/133090"}],"wp:attachment":[{"href":"https:\/\/www.europesays.com\/pt\/wp-json\/wp\/v2\/media?parent=133089"}],"wp:term":[{"taxonomy":"category","embeddable":true,"href":"https:\/\/www.europesays.com\/pt\/wp-json\/wp\/v2\/categories?post=133089"},{"taxonomy":"post_tag","embeddable":true,"href":"https:\/\/www.europesays.com\/pt\/wp-json\/wp\/v2\/tags?post=133089"}],"curies":[{"name":"wp","href":"https:\/\/api.w.org\/{rel}","templated":true}]}}