{"id":133112,"date":"2025-10-30T20:40:11","date_gmt":"2025-10-30T20:40:11","guid":{"rendered":"https:\/\/www.europesays.com\/pt\/133112\/"},"modified":"2025-10-30T20:40:11","modified_gmt":"2025-10-30T20:40:11","slug":"salvador-blopa-o-menino-do-fontainhas-que-contraria-vontades-e-batalha-no-sporting","status":"publish","type":"post","link":"https:\/\/www.europesays.com\/pt\/133112\/","title":{"rendered":"Salvador Blopa, o menino do Fontainhas que contraria vontades e batalha no Sporting"},"content":{"rendered":"<p style=\"margin-bottom:11px\">A noite de 28 de outubro soltou a festa no Bairro da Abuxarda e no Grupo Desportivo e Recreativo das Fontainhas de Cascais, gra\u00e7as \u00e0 felicidade do \u201cmenino\u201d Salvador Uco Blopa, que <a href=\"https:\/\/maisfutebol.iol.pt\/jogo\/aominuto\/sporting\/alverca\/13826205\" target=\"_blank\" rel=\"nofollow noopener\">bisou na estreia pela equipa principal do Sporting, frente ao Alverca, nos \u201cquartos\u201d da Ta\u00e7a da Liga <\/a>(5-1). Em Alvalade, o avan\u00e7ado de 18 anos acalentou o percurso iniciado em 2015, <a href=\"https:\/\/maisfutebol.iol.pt\/sporting\/salvador-blopa\/sporting-salvador-blopa-bate-marca-com-88-anos-de-peyroteo\" target=\"_blank\" rel=\"nofollow noopener\">quebrou o recorde fixado por Fernando Peyroteo<\/a> em 1937 e <a href=\"https:\/\/maisfutebol.iol.pt\/sporting\/salvador-blopa\/salvador-blopa-novo-contrato-no-sporting-muito-perto-de-ser-assinado\" target=\"_blank\" rel=\"nofollow noopener\">acelerou a renova\u00e7\u00e3o de contrato<\/a>.<\/p>\n<p>Do sint\u00e9tico do Fontainhas \u00e0 cobi\u00e7a leonina, da fidelidade aos amigos \u00e0 import\u00e2ncia da academia de Alcochete, o <strong>Maisfutebol <\/strong>mergulhou na ess\u00eancia deste jovem de ra\u00edzes guineenses, <a href=\"https:\/\/maisfutebol.iol.pt\/jogo\/aominuto\/sporting\/alverca\/13826205?tab=destaques\" target=\"_blank\" rel=\"nofollow noopener\">at\u00e9 ter\u00e7a-feira desconhecido pela maioria dos s\u00f3cios<\/a> do Sporting.<\/p>\n<p>\u00abEspero, um dia, estar em Alvalade como jogador. Vou batalhar todos os dias\u00bb, disse em abril de 2024, aquando da assinatura do contrato profissional. Aquilo que para muitos foi interpretado como mote, para Salvador Blopa era a repeti\u00e7\u00e3o da premissa que permitiu crescer.<\/p>\n<p>Recuemos, ent\u00e3o, ao Bairro da Abuxarda, casa de Salvador Blopa, nascido em junho de 2007.<\/p>\n<p>A morar com m\u00e3e, av\u00f3s e irm\u00e3os \u2013 duas irm\u00e3s mais velhas, um irm\u00e3o e uma irm\u00e3 mais novos \u2013 Blopa, ent\u00e3o com 6 anos, encontrou motivos para sorrir no Grupo Desportivo e Recreativo das Fontainhas de Cascais. Pela m\u00e3o de uma das irm\u00e3s, o menino \u2013 a princ\u00edpio introvertido \u2013 revelou carater\u00edsticas marcantes. O relato pertence a Jorge Martins, naquela altura treinador e coordenador da forma\u00e7\u00e3o.<\/p>\n<p>\u00abLembro-me de ele chegar ao clube com umas chuteiras completamente rebentadas, ainda desdentado. Falava pouco, era introvertido, algo que mudou rapidamente. Passou a ter um enorme sorriso, raramente o vimos triste. Sentia-se confort\u00e1vel e feliz. N\u00e3o foi por jogar mais ou menos. Procurei ser o apoio do Salvador, senti que podia ajudar na alimenta\u00e7\u00e3o e na seguran\u00e7a. \u00cdamos sempre almo\u00e7ar ao fim de semana depois dos jogos, por exemplo. E em vez de estar na rua a fazer asneiras, estava comigo\u00bb, come\u00e7a por revelar ao <strong>Maisfutebol<\/strong>.<\/p>\n<p>   <img loading=\"lazy\" decoding=\"async\" alt=\"\" height=\"563\" src=\"https:\/\/www.europesays.com\/pt\/wp-content\/uploads\/2025\/10\/1761856808_47_1000.webp\" width=\"1000\"\/> <\/p>\n<p>    Salvador Blopa no GDR das Fontainhas de Cascais (cortesia de Vasco Jardim Noronha) <\/p>\n<p>   <img loading=\"lazy\" decoding=\"async\" alt=\"\" height=\"563\" src=\"https:\/\/www.europesays.com\/pt\/wp-content\/uploads\/2025\/10\/1761856808_882_1000.webp\" width=\"1000\"\/> <\/p>\n<p>    Salvador Blopa no Fontainhas\u00a0(cortesia de Jorge Martins) <\/p>\n<p>\u00c0 conta deste sentido de miss\u00e3o, Jorge Martins marcou uma era no Fontainhas, lembrado como figura paternal de v\u00e1rias crian\u00e7as. Al\u00e9m de oferecer refei\u00e7\u00f5es, tamb\u00e9m se responsabilizava por transportar os pupilos da escola para o treino, e dali para casa.<\/p>\n<p>\u00abClubes h\u00e1 muitos, mas difere a forma de tratamento. Naquela fase s\u00e3o crian\u00e7as, ningu\u00e9m sabe o futuro. Para l\u00e1 do treino, \u00e9 importante formar pessoas. O Salvador deu jogador, mas outros meninos tamb\u00e9m cresceram com valores. Tamb\u00e9m conseguimos aut\u00eanticas vit\u00f3rias com esses meninos\u00bb, prossegue.<\/p>\n<p>Em todo o caso, o elo de Jorge Martins com Blopa foi maior, distinto, uma vez que a crian\u00e7a at\u00e9 partilhava as f\u00e9rias de ver\u00e3o com a fam\u00edlia do \u00abtutor\u00bb.<\/p>\n<p>   <img loading=\"lazy\" decoding=\"async\" alt=\"\" height=\"563\" src=\"https:\/\/www.europesays.com\/pt\/wp-content\/uploads\/2025\/10\/1761856809_948_1000.webp\" width=\"1000\"\/> <\/p>\n<p>    Salvador Blopa no Fontainhas\u00a0(cortesia de Jorge Martins) <\/p>\n<p>   <img loading=\"lazy\" decoding=\"async\" alt=\"\" height=\"563\" src=\"https:\/\/www.europesays.com\/pt\/wp-content\/uploads\/2025\/10\/1761856809_533_1000.webp\" width=\"1000\"\/> <\/p>\n<p>    Jorge Martins, Salvador Blopa e outras crian\u00e7as formadas no GDR das Fontainhas de Cascais (cortesia de Jorge Martins) <\/p>\n<p>Neste porto seguro, Salvador Blopa encontrou espa\u00e7o para se evidenciar, ora pelos dotes t\u00e9cnicos, ora pelo r\u00e1pido desenvolvimento f\u00edsico. De olho no potencial, Benfica e Sporting lan\u00e7aram-se a este talento, uma fase acompanha de perto por Lu\u00eds Dias, antigo treinador e coordenador t\u00e9cnico da forma\u00e7\u00e3o dos le\u00f5es.<\/p>\n<p>\u00abO Salvador era mais alto do que as crian\u00e7as da sua idade, r\u00e1pido, com facilidade de ganhar metros, calmo, educado e humilde. Apesar do contexto, tinha um perfil diferenciado, era um jovem muito bem formado, sempre correto e focado. Depois de acordo com o Fontainhas, foi inscrito no Sporting em julho de 2017\u00bb, conta ao <strong>Maisfutebol<\/strong>.<\/p>\n<p>Todavia, esta n\u00e3o era a vontade da crian\u00e7a de 10 anos, que j\u00e1 havia escapado a treinos dos le\u00f5es: \u00abEm setembro disse-me que queria ficar mais um ano futebol de sete do Fontainhas, porque \u2013 sem ele \u2013 os colegas iriam perder. Apesar do risco de o perder para um rival, pass\u00e1mos a carta de desvincula\u00e7\u00e3o\u00bb.<\/p>\n<p>Tamb\u00e9m na perspetiva de Lu\u00eds Dias \u2013 respons\u00e1vel pelo despontar de dezenas jovens, como Nuno Mendes \u2013 a prioridade era a felicidade do \u00abmenino\u00bb. Assim, em 2017\/18, Salvador Blopa jogou oficialmente pelo Fontainhas e disputou alguns torneios pelo Sporting.<\/p>\n<p>\u00abEsse sentido de solidariedade com os amigos deve ser enaltecido, hoje estou muito satisfeito. Essas decis\u00f5es acabaram por fazer sentido. Mas nunca foram pac\u00edficas, porque o ass\u00e9dio \u00e9 imenso sobre as crian\u00e7as\u00bb, acrescenta Lu\u00eds Dias.<\/p>\n<p> \u00abBlopa n\u00e3o foi aposta de futuro, tem muito mais m\u00e9rito\u00bb <\/p>\n<p>De le\u00e3o ao peito desde 2018\/19, Jorge Martins continuou a ser um apoio decisivo, desta feita levando o \u00abmi\u00fado\u00bb a treinar no Est\u00e1dio Universit\u00e1rio. Contudo, as subidas de escal\u00e3o obrigaram o adolescente a viajar at\u00e9 Alcochete, onde passou a residir aos 14 anos. A esse prop\u00f3sito, Lu\u00eds Dias identifica semelhan\u00e7as com Nuno Mendes, uma das refer\u00eancias de Blopa.<\/p>\n<p>\u00abAmbos residiam na Grande Lisboa e, em condi\u00e7\u00f5es normais, n\u00e3o ficariam na academia. Mas um jogador com este potencial deve ver garantidas condi\u00e7\u00f5es de conforto, alimenta\u00e7\u00e3o e acompanhamento ao estudo. Caso contr\u00e1rio, o Sporting n\u00e3o teria essa seguran\u00e7a. A partir dos sub-14, o Sporting passa a ter maior controlo, em prol de uma forma\u00e7\u00e3o escolar e social\u00bb, explica.<\/p>\n<p>Mas interrompe o racioc\u00ednio. \u00c9 o primeiro a reconhecer que Blopa \u00abnunca foi um jogador em quem o Sporting depositasse as expectativas mais altas\u00bb, o que exigiu resili\u00eancia redobrada. O ala serviu como remendo para problemas urgentes.<\/p>\n<p>\u00abJogou onde foi necess\u00e1rio, nos dois corredores, como lateral e extremo. J\u00e1 jogou como extremo esquerdo no Sporting e lateral direito por Portugal. Na II Liga jogou a extremo esquerdo contra Portimonense durante 45 minutos e <a href=\"https:\/\/maisfutebol.iol.pt\/ii-liga\/sporting-b\/ii-liga-blopa-da-a-vitoria-ao-sporting-b-frente-ao-portimonense-nos-minutos-finais\" rel=\"nofollow noopener\" target=\"_blank\">marcou pouco depois de passar para ala direito<\/a> \u2013 \u00e9 esse o ponto mais forte dele. N\u00e3o foi aposta de futuro no Sporting, jogou onde havia espa\u00e7o, onde era preciso. Chega \u00e0 equipa principal fruto do seu trabalho. Tem muito mais m\u00e9rito\u00bb, atira.<\/p>\n<p>Reconhecendo que este jovem precisa de trabalhar a especializa\u00e7\u00e3o posicional e t\u00e1tica, at\u00e9 porque guarda \u00abelevada margem de progresso\u00bb, Lu\u00eds Dias sublinha a capacidade de explos\u00e3o e a utiliza\u00e7\u00e3o dos dois p\u00e9s \u2013 <a href=\"https:\/\/maisfutebol.iol.pt\/liga\/sporting\/video-salvador-blopa-marca-na-estreia-pelo-sporting\" rel=\"nofollow noopener\" target=\"_blank\">como rematou contra o Alverca<\/a>: \u00ab\u00c9 um jogador universal e talhado para o futebol moderno. N\u00e3o \u00e9 uma carater\u00edstica vulgar. O Salvador j\u00e1 provou que \u00e9 bom a executar e que n\u00e3o treme quando recebe uma oportunidade\u00bb.<\/p>\n<p style=\"text-align:center\"><img loading=\"lazy\" decoding=\"async\" alt=\"\" height=\"720\" src=\"https:\/\/www.europesays.com\/pt\/wp-content\/uploads\/2025\/10\/68c977bdd34ee0c2fed02983.webp\" width=\"1280\"\/><\/p>\n<p> \u00abGolo ao Alverca? Estava a gritar antes de a bola entrar\u00bb <\/p>\n<p>A poucos meses de concluir o Ensino Secund\u00e1rio, Salvador Blopa viveu a estreia pela equipa principal do Sporting em Alvalade, depois de acumular cr\u00e9ditos por juniores e <a href=\"https:\/\/maisfutebol.iol.pt\/resultadoseclassificacoes\/291\/Portugal\/Liga-de-Honra\" rel=\"nofollow noopener\" target=\"_blank\">\u201cb\u00eas\u201d, que lideram a II Liga<\/a>. Como na inf\u00e2ncia, foi livre e brilhou. Porventura n\u00e3o ter\u00e1 escutado, mas havia um homem muito feliz na bancada.<\/p>\n<p>\u00abO Salvador ofereceu um bilhete. Acho que j\u00e1 estava a gritar antes de a bola entrar no [primeiro] golo. Foi um momento de muito orgulho. Ele sempre foi realista, teve de trabalhar muito. Foi resiliente e, agora, deu mais um passo. Ainda tem muito para crescer, at\u00e9 na equipa B. Ele sabe disso\u00bb, conta Jorge Martins, com a voz embargada.<\/p>\n<p style=\"text-align:center\"><img loading=\"lazy\" decoding=\"async\" alt=\"\" height=\"563\" src=\"https:\/\/www.europesays.com\/pt\/wp-content\/uploads\/2025\/10\/1761856810_816_1000.webp\" width=\"1000\"\/><\/p>\n<p>No rescaldo, o antigo coordenador da forma\u00e7\u00e3o do Fontainhas reencontrou o pupilo: \u00abEstava tranquilo, ainda n\u00e3o lhe tinha ca\u00eddo a ficha. Vai continuar exatamente como o conheci, humilde e respeitador\u00bb.<\/p>\n<p>E n\u00e3o s\u00f3 Jorge Martins se comoveu na ter\u00e7a-feira. Em Cascais, noite dentro, o telem\u00f3vel de Vasco Jardim Noronha vibrou. Era Salvador Blopa, queria agradecer ao presidente do Fontainhas.<\/p>\n<p>\u00ab\u00c9 capa de jornais e motivo de orgulho. Falei com ele e emocionei-me, porque ele est\u00e1 grato ao nosso clube. Ele visita-nos com regularidade, sobretudo no ver\u00e3o, para treinar e manter a forma. O Salvador destacou-se porque era brincalh\u00e3o, queria a bola s\u00f3 para ele. Come\u00e7ava na pr\u00f3pria \u00e1rea e acabava a fazer golo. Era um mi\u00fado muito divertido, de sorriso f\u00e1cil. Jogava pela equipa dele e ajudava os mais velhos\u00bb, recorda ao <strong>Maisfutebol<\/strong>.<\/p>\n<p style=\"margin-bottom:11px\">Por tudo isto, Vasco Jardim Noronha adianta que o avan\u00e7ado vai ser homenageado num mural organizado junto aos balne\u00e1rios do centro de treinos, na companhia, entre outros, de Toti Gomes, defesa dos Wolves e internacional portugu\u00eas que tamb\u00e9m passou pelo Fontainhas.<\/p>\n<p>Ao <strong>Maisfutebol<\/strong>, o presidente do emblema de Cascais revelou a frase que Salvador Blopa escreveu para acompanhar a fotografia.<\/p>\n<p> <strong>\u00abO Fontainhas \u00e9 mais do que um clube, foi sempre segunda casa, onde me acolheram muito bem. Serei sempre grato.\u00bb<\/strong> <\/p>\n<p>   <img loading=\"lazy\" decoding=\"async\" alt=\"\" height=\"563\" src=\"https:\/\/www.europesays.com\/pt\/wp-content\/uploads\/2025\/10\/1761856811_320_1000.webp\" width=\"1000\"\/> <\/p>\n<p>    Mural no centro de treinos do GDR das Fontainhas de Cascais (cortesia de Vasco Jardim Noronha) <\/p>\n<p>O <a href=\"https:\/\/maisfutebol.iol.pt\/sporting\/alverca\/salvador-blopa-nao-pensei-que-este-dia-chegasse-tao-cedo\" rel=\"nofollow noopener\" target=\"_blank\">destino de Salvador Blopa est\u00e1, sobretudo, na palma da pr\u00f3pria m\u00e3o<\/a>. Para l\u00e1 dos n\u00fameros na equipa principal do Sporting, nesta \u00e9poca leva sete jogos, um golo e uma assist\u00eancia pela equipa B, e tr\u00eas jogos pelos juniores na Youth League.<\/p>\n<p>De olho no grupo \u00e0s ordens de Rui Borges, o sucesso e a felicidade deste jovem ser\u00e3o equivalentes \u00e0 energia para sorrir \u00e0s adversidades e contrariar probabilidades, sem esquecer o ponto de partida e o trajeto edificado a pulso.<\/p>\n<p style=\"text-align:center\"><img loading=\"lazy\" decoding=\"async\" alt=\"\" height=\"720\" src=\"https:\/\/www.europesays.com\/pt\/wp-content\/uploads\/2025\/10\/69013168d34ee0c2fed1c85e.webp\" width=\"1280\"\/><\/p>\n","protected":false},"excerpt":{"rendered":"A noite de 28 de outubro soltou a festa no Bairro da Abuxarda e no Grupo Desportivo e&hellip;\n","protected":false},"author":2,"featured_media":131466,"comment_status":"","ping_status":"","sticky":false,"template":"","format":"standard","meta":{"footnotes":""},"categories":[8],"tags":[29850,27,28,4644,4763,15,16,30131,8344,30132,14,25,26,36,21,22,46,27222,30130,12,13,19,20,32,23,24,33,47,679,29845,34,5344,17,18,29,30,31],"class_list":{"0":"post-133112","1":"post","2":"type-post","3":"status-publish","4":"format-standard","5":"has-post-thumbnail","7":"category-principais-noticias","8":"tag-blopa","9":"tag-breaking-news","10":"tag-breakingnews","11":"tag-cascais","12":"tag-exclusivo","13":"tag-featured-news","14":"tag-featurednews","15":"tag-fontainhas","16":"tag-formacao","17":"tag-gdr-das-fontainhas-de-cascais","18":"tag-headlines","19":"tag-latest-news","20":"tag-latestnews","21":"tag-liga","22":"tag-main-news","23":"tag-mainnews","24":"tag-maisfutebol","25":"tag-mf-total","26":"tag-mftotal","27":"tag-news","28":"tag-noticias","29":"tag-noticias-principais","30":"tag-noticiasprincipais","31":"tag-portugal","32":"tag-principais-noticias","33":"tag-principaisnoticias","34":"tag-pt","35":"tag-pura-paixao","36":"tag-reportagem","37":"tag-salvador-blopa","38":"tag-sporting","39":"tag-taca-da-liga","40":"tag-top-stories","41":"tag-topstories","42":"tag-ultimas","43":"tag-ultimas-noticias","44":"tag-ultimasnoticias"},"share_on_mastodon":{"url":"","error":"Validation failed: Text character limit of 500 exceeded"},"_links":{"self":[{"href":"https:\/\/www.europesays.com\/pt\/wp-json\/wp\/v2\/posts\/133112","targetHints":{"allow":["GET"]}}],"collection":[{"href":"https:\/\/www.europesays.com\/pt\/wp-json\/wp\/v2\/posts"}],"about":[{"href":"https:\/\/www.europesays.com\/pt\/wp-json\/wp\/v2\/types\/post"}],"author":[{"embeddable":true,"href":"https:\/\/www.europesays.com\/pt\/wp-json\/wp\/v2\/users\/2"}],"replies":[{"embeddable":true,"href":"https:\/\/www.europesays.com\/pt\/wp-json\/wp\/v2\/comments?post=133112"}],"version-history":[{"count":0,"href":"https:\/\/www.europesays.com\/pt\/wp-json\/wp\/v2\/posts\/133112\/revisions"}],"wp:featuredmedia":[{"embeddable":true,"href":"https:\/\/www.europesays.com\/pt\/wp-json\/wp\/v2\/media\/131466"}],"wp:attachment":[{"href":"https:\/\/www.europesays.com\/pt\/wp-json\/wp\/v2\/media?parent=133112"}],"wp:term":[{"taxonomy":"category","embeddable":true,"href":"https:\/\/www.europesays.com\/pt\/wp-json\/wp\/v2\/categories?post=133112"},{"taxonomy":"post_tag","embeddable":true,"href":"https:\/\/www.europesays.com\/pt\/wp-json\/wp\/v2\/tags?post=133112"}],"curies":[{"name":"wp","href":"https:\/\/api.w.org\/{rel}","templated":true}]}}