{"id":133122,"date":"2025-10-30T20:48:35","date_gmt":"2025-10-30T20:48:35","guid":{"rendered":"https:\/\/www.europesays.com\/pt\/133122\/"},"modified":"2025-10-30T20:48:35","modified_gmt":"2025-10-30T20:48:35","slug":"noticias-tribuna-livre-juiz-de-fora-e-cidade-referencia-para-transplante-de-rins-no-brasil","status":"publish","type":"post","link":"https:\/\/www.europesays.com\/pt\/133122\/","title":{"rendered":"Not\u00edcias &#8211; Tribuna Livre &#8211; Juiz de Fora \u00e9 cidade refer\u00eancia para transplante de rins no Brasil"},"content":{"rendered":"<p style=\"margin: 10px 0px; padding: 0px; line-height: 1.5em; text-align: justify; color: rgb(62, 62, 62); font-family: Tahoma, Geneva, sans-serif;\">Juiz de Fora \u00e9 uma das 110 cidades do Brasil refer\u00eancia para transplante de rins no Brasil. A afirma\u00e7\u00e3o foi feita pelo m\u00e9dico nefrologista dr. Gustavo Ferreira, coordenador do programa de transplante renal da Santa Casa de Miseric\u00f3rdia, durante sua fala na Tribuna Livre Natanael El\u00f3i do Amaral na noite de ter\u00e7a-feira, 28.\u00a0<\/p>\n<p style=\"margin: 10px 0px; padding: 0px; line-height: 1.5em; text-align: justify; color: rgb(62, 62, 62); font-family: Tahoma, Geneva, sans-serif;\">&#13;<\/p>\n<p dir=\"ltr\" style=\"line-height:1.7999999999999998;margin-top:0pt;margin-bottom:0pt;\">Neste m\u00eas de outubro, a Santa Casa comemorou a realiza\u00e7\u00e3o de 2 mil transplantes de rins desde 1983, quando o programa foi criado. \u201cDe cada dez pessoas no Brasil, uma \u00e9 portadora de doen\u00e7a renal cr\u00f4nica\u201d, afirma o nefrologista, destacando tamb\u00e9m que o tratamento renal \u00e9 o terceiro maior or\u00e7amento do SUS, atr\u00e1s apenas de investimentos em vacinas e tratamento de HIV.\u00a0<\/p>\n<p>&#13;<br \/>\n<br \/>&#13;<\/p>\n<p dir=\"ltr\" style=\"line-height:1.7999999999999998;margin-top:0pt;margin-bottom:0pt;\">\u201cUma vez que o paciente evolui para fal\u00eancia renal, s\u00f3 a substitui\u00e7\u00e3o daquele rim dar\u00e1 condi\u00e7\u00f5es de vida ao paciente\u201d. O m\u00e9dico explicou ainda que o transplante reduz custos para o SUS. \u201cDepois de um ano do transplante, o custo daquele paciente \u00e9 20% menor do que o custo de um paciente em tratamento de hemodi\u00e1lise\u201d.<\/p>\n<p>&#13;<br \/>\n<br \/>&#13;<\/p>\n<p dir=\"ltr\" style=\"line-height:1.7999999999999998;margin-top:0pt;margin-bottom:0pt;\">O vereador Juraci Scheffer (PT), proponente da participa\u00e7\u00e3o da Santa Casa na Tribuna Livre, contou uma passagem de sua hist\u00f3ria familiar. \u201cEm 1993, eu perdi um irm\u00e3o de acidente e n\u00f3s, da fam\u00edlia, decidimos fazer a doa\u00e7\u00e3o dos \u00f3rg\u00e3os, doamos os rins, e a Santa Casa fez o transplante. A menina que recebeu tinha 15 anos. Ela foi salva, passaram cinco anos, ela engravidou, teve o beb\u00ea e levou para minha m\u00e3e conhecer\u201d, contou, emocionado. Os demais vereadores presentes tamb\u00e9m demonstraram aten\u00e7\u00e3o \u00e0 causa e inten\u00e7\u00e3o de direcionar investimentos para a Santa Casa de Miseric\u00f3rdia de Juiz de Fora.<\/p>\n<p>&#13;<br \/>\n<br \/>&#13;<\/p>\n<p dir=\"ltr\" style=\"line-height:1.7999999999999998;margin-top:0pt;margin-bottom:0pt;\">Assessoria de Imprensa: 3313-4734<\/p>\n<p>&#13;\n<\/p>\n<p style=\"margin: 10px 0px; padding: 0px; line-height: 1.5em; text-align: justify; color: rgb(62, 62, 62); font-family: Tahoma, Geneva, sans-serif;\">\u00a0<\/p>\n","protected":false},"excerpt":{"rendered":"Juiz de Fora \u00e9 uma das 110 cidades do Brasil refer\u00eancia para transplante de rins no Brasil. A&hellip;\n","protected":false},"author":2,"featured_media":133123,"comment_status":"","ping_status":"","sticky":false,"template":"","format":"standard","meta":{"footnotes":""},"categories":[86],"tags":[5408,1300,116,27187,6155,1499,30133,32,3046,33,117],"class_list":{"0":"post-133122","1":"post","2":"type-post","3":"status-publish","4":"format-standard","5":"has-post-thumbnail","7":"category-saude","8":"tag-camara","9":"tag-cidade","10":"tag-health","11":"tag-juiz-de-fora","12":"tag-minas","13":"tag-minas-gerais","14":"tag-pjf","15":"tag-portugal","16":"tag-prefeitura","17":"tag-pt","18":"tag-saude"},"share_on_mastodon":{"url":"https:\/\/pubeurope.com\/@pt\/115465086838585774","error":""},"_links":{"self":[{"href":"https:\/\/www.europesays.com\/pt\/wp-json\/wp\/v2\/posts\/133122","targetHints":{"allow":["GET"]}}],"collection":[{"href":"https:\/\/www.europesays.com\/pt\/wp-json\/wp\/v2\/posts"}],"about":[{"href":"https:\/\/www.europesays.com\/pt\/wp-json\/wp\/v2\/types\/post"}],"author":[{"embeddable":true,"href":"https:\/\/www.europesays.com\/pt\/wp-json\/wp\/v2\/users\/2"}],"replies":[{"embeddable":true,"href":"https:\/\/www.europesays.com\/pt\/wp-json\/wp\/v2\/comments?post=133122"}],"version-history":[{"count":0,"href":"https:\/\/www.europesays.com\/pt\/wp-json\/wp\/v2\/posts\/133122\/revisions"}],"wp:featuredmedia":[{"embeddable":true,"href":"https:\/\/www.europesays.com\/pt\/wp-json\/wp\/v2\/media\/133123"}],"wp:attachment":[{"href":"https:\/\/www.europesays.com\/pt\/wp-json\/wp\/v2\/media?parent=133122"}],"wp:term":[{"taxonomy":"category","embeddable":true,"href":"https:\/\/www.europesays.com\/pt\/wp-json\/wp\/v2\/categories?post=133122"},{"taxonomy":"post_tag","embeddable":true,"href":"https:\/\/www.europesays.com\/pt\/wp-json\/wp\/v2\/tags?post=133122"}],"curies":[{"name":"wp","href":"https:\/\/api.w.org\/{rel}","templated":true}]}}