{"id":133130,"date":"2025-10-30T20:59:13","date_gmt":"2025-10-30T20:59:13","guid":{"rendered":"https:\/\/www.europesays.com\/pt\/133130\/"},"modified":"2025-10-30T20:59:13","modified_gmt":"2025-10-30T20:59:13","slug":"homem-do-bangladesh-morto-a-facada","status":"publish","type":"post","link":"https:\/\/www.europesays.com\/pt\/133130\/","title":{"rendered":"Homem do Bangladesh Morto \u00e0 Facada"},"content":{"rendered":"<p>Um homem de 34 anos foi esta ter\u00e7a-feira, 28 de outubro, esfaqueado mortalmente por volta das 23h00, na sequ\u00eancia de um roubo na Costa da Caparica, concelho de Almada.<\/p>\n<p>Os militares da GNR receberam o alerta para o crime ocorrido na Rua do Juncal \u00e0s 23:19 de ter\u00e7a-feira, tendo o caso transitado para a al\u00e7ada da Pol\u00edcia Judici\u00e1ria (PJ) de Set\u00fabal.<\/p>\n<p>Fonte da PJ de Set\u00fabal disse \u00e0 Lusa que o crime ter\u00e1 ocorrido na sequ\u00eancia de um furto \u00e0 v\u00edtima mortal, estando em curso dilig\u00eancias para identificar o autor do homic\u00eddio.<\/p>\n","protected":false},"excerpt":{"rendered":"Um homem de 34 anos foi esta ter\u00e7a-feira, 28 de outubro, esfaqueado mortalmente por volta das 23h00, na&hellip;\n","protected":false},"author":2,"featured_media":133132,"comment_status":"","ping_status":"","sticky":false,"template":"","format":"standard","meta":{"footnotes":""},"categories":[10],"tags":[7087,8566,27,28,4106,15,16,14,25,26,21,22,12,13,19,20,32,23,24,33,17,18,29,30,31],"class_list":{"0":"post-133130","1":"post","2":"type-post","3":"status-publish","4":"format-standard","5":"has-post-thumbnail","7":"category-portugal","8":"tag-almada","9":"tag-bangladesh","10":"tag-breaking-news","11":"tag-breakingnews","12":"tag-costa-da-caparica","13":"tag-featured-news","14":"tag-featurednews","15":"tag-headlines","16":"tag-latest-news","17":"tag-latestnews","18":"tag-main-news","19":"tag-mainnews","20":"tag-news","21":"tag-noticias","22":"tag-noticias-principais","23":"tag-noticiasprincipais","24":"tag-portugal","25":"tag-principais-noticias","26":"tag-principaisnoticias","27":"tag-pt","28":"tag-top-stories","29":"tag-topstories","30":"tag-ultimas","31":"tag-ultimas-noticias","32":"tag-ultimasnoticias"},"share_on_mastodon":{"url":"","error":""},"_links":{"self":[{"href":"https:\/\/www.europesays.com\/pt\/wp-json\/wp\/v2\/posts\/133130","targetHints":{"allow":["GET"]}}],"collection":[{"href":"https:\/\/www.europesays.com\/pt\/wp-json\/wp\/v2\/posts"}],"about":[{"href":"https:\/\/www.europesays.com\/pt\/wp-json\/wp\/v2\/types\/post"}],"author":[{"embeddable":true,"href":"https:\/\/www.europesays.com\/pt\/wp-json\/wp\/v2\/users\/2"}],"replies":[{"embeddable":true,"href":"https:\/\/www.europesays.com\/pt\/wp-json\/wp\/v2\/comments?post=133130"}],"version-history":[{"count":0,"href":"https:\/\/www.europesays.com\/pt\/wp-json\/wp\/v2\/posts\/133130\/revisions"}],"wp:featuredmedia":[{"embeddable":true,"href":"https:\/\/www.europesays.com\/pt\/wp-json\/wp\/v2\/media\/133132"}],"wp:attachment":[{"href":"https:\/\/www.europesays.com\/pt\/wp-json\/wp\/v2\/media?parent=133130"}],"wp:term":[{"taxonomy":"category","embeddable":true,"href":"https:\/\/www.europesays.com\/pt\/wp-json\/wp\/v2\/categories?post=133130"},{"taxonomy":"post_tag","embeddable":true,"href":"https:\/\/www.europesays.com\/pt\/wp-json\/wp\/v2\/tags?post=133130"}],"curies":[{"name":"wp","href":"https:\/\/api.w.org\/{rel}","templated":true}]}}