{"id":133131,"date":"2025-10-30T20:59:16","date_gmt":"2025-10-30T20:59:16","guid":{"rendered":"https:\/\/www.europesays.com\/pt\/133131\/"},"modified":"2025-10-30T20:59:16","modified_gmt":"2025-10-30T20:59:16","slug":"virginia-fonseca-comeca-a-montar-guarda-roupa-em-madri-apos-assumir-namoro-com-vini-jr","status":"publish","type":"post","link":"https:\/\/www.europesays.com\/pt\/133131\/","title":{"rendered":"Virginia Fonseca come\u00e7a a montar guarda-roupa em Madri ap\u00f3s assumir namoro com Vini Jr."},"content":{"rendered":"\n<p class=\" content-text__container theme-color-primary-first-letter\" data-track-category=\"Link no Texto\" data-track-links=\"\"> <a class=\"\" href=\"https:\/\/revistaquem.globo.com\/famoso\/virginia-fonseca\/\" rel=\"nofollow noopener\" target=\"_blank\">Virginia Fonseca<\/a>, de 26 anos, nem retornou de Madri, na Espanha, e j\u00e1 est\u00e1 se preparando para suas pr\u00f3ximas idas ao destino, que agora \u00e9 sua &#8220;segunda casa&#8221;. Nesta quinta-feira (30), a influenciadora, que assumiu um relacionamento com o jogador <a class=\"\" href=\"https:\/\/revistaquem.globo.com\/famoso\/vini-jr\/\" rel=\"nofollow noopener\" target=\"_blank\">Vini Jr.<\/a>, de 25, contou que vai &#8220;montar um guarda-roupas&#8221; por l\u00e1 para ela n\u00e3o precisar ficar viajando com tantas malas. <\/p>\n","protected":false},"excerpt":{"rendered":"Virginia Fonseca, de 26 anos, nem retornou de Madri, na Espanha, e j\u00e1 est\u00e1 se preparando para suas&hellip;\n","protected":false},"author":2,"featured_media":133133,"comment_status":"","ping_status":"","sticky":false,"template":"","format":"standard","meta":{"footnotes":""},"categories":[145],"tags":[211,210,114,115,32,33,3126,1446],"class_list":{"0":"post-133131","1":"post","2":"type-post","3":"status-publish","4":"format-standard","5":"has-post-thumbnail","7":"category-celebridades","8":"tag-celebridades","9":"tag-celebrities","10":"tag-entertainment","11":"tag-entretenimento","12":"tag-portugal","13":"tag-pt","14":"tag-vini-jr","15":"tag-virginia-fonseca"},"share_on_mastodon":{"url":"https:\/\/pubeurope.com\/@pt\/115465130105245455","error":""},"_links":{"self":[{"href":"https:\/\/www.europesays.com\/pt\/wp-json\/wp\/v2\/posts\/133131","targetHints":{"allow":["GET"]}}],"collection":[{"href":"https:\/\/www.europesays.com\/pt\/wp-json\/wp\/v2\/posts"}],"about":[{"href":"https:\/\/www.europesays.com\/pt\/wp-json\/wp\/v2\/types\/post"}],"author":[{"embeddable":true,"href":"https:\/\/www.europesays.com\/pt\/wp-json\/wp\/v2\/users\/2"}],"replies":[{"embeddable":true,"href":"https:\/\/www.europesays.com\/pt\/wp-json\/wp\/v2\/comments?post=133131"}],"version-history":[{"count":0,"href":"https:\/\/www.europesays.com\/pt\/wp-json\/wp\/v2\/posts\/133131\/revisions"}],"wp:featuredmedia":[{"embeddable":true,"href":"https:\/\/www.europesays.com\/pt\/wp-json\/wp\/v2\/media\/133133"}],"wp:attachment":[{"href":"https:\/\/www.europesays.com\/pt\/wp-json\/wp\/v2\/media?parent=133131"}],"wp:term":[{"taxonomy":"category","embeddable":true,"href":"https:\/\/www.europesays.com\/pt\/wp-json\/wp\/v2\/categories?post=133131"},{"taxonomy":"post_tag","embeddable":true,"href":"https:\/\/www.europesays.com\/pt\/wp-json\/wp\/v2\/tags?post=133131"}],"curies":[{"name":"wp","href":"https:\/\/api.w.org\/{rel}","templated":true}]}}