{"id":133140,"date":"2025-10-30T21:04:09","date_gmt":"2025-10-30T21:04:09","guid":{"rendered":"https:\/\/www.europesays.com\/pt\/133140\/"},"modified":"2025-10-30T21:04:09","modified_gmt":"2025-10-30T21:04:09","slug":"nova-protagonista-e-impacto-da-tecnologia","status":"publish","type":"post","link":"https:\/\/www.europesays.com\/pt\/133140\/","title":{"rendered":"nova protagonista e impacto da tecnologia"},"content":{"rendered":"<p>Uma das franquias de anima\u00e7\u00e3o de maior sucesso do mundo, Toy Story, ter\u00e1 filme novo em 2026. Toy Story 5 reunir\u00e1 mais uma vez os bonecos Woody e Buzz Lightyear, mas um dos atores envolvidos no projeto promete um foco completamente diferente na nova hist\u00f3ria.<\/p>\n<p>Tim Allen, dublador de Buzz Lightyear na vers\u00e3o em ingl\u00eas, revelou que o quinto filme da s\u00e9rie colocar\u00e1 a personagem Jessie, a boneca cowgirl, como protagonista. As informa\u00e7\u00f5es foram divulgadas durante participa\u00e7\u00e3o do ator no programa de Jimmy Kimmel, nesta semana.<\/p>\n<p>&#8220;\u00c9 tudo sobre a Jessie, o que \u00e9 muito legal. Ela est\u00e1 em apuros e precisa de ajuda. Estamos todos espalhados, ent\u00e3o ela precisa reunir todo mundo. A coisa mais engra\u00e7ada para mim \u00e9 que h\u00e1 um acidente de avi\u00e3o parecido com o do filme do [Tom] Hanks (N\u00e1ufrago)&#8221;, explicou Allen.<\/p>\n<p>O dublador descreveu uma cena que ele mesmo improvisou durante as grava\u00e7\u00f5es, envolvendo um acidente a\u00e9reo com dezenas de bonecos id\u00eanticos ao seu personagem. &#8220;Em uma ilha onde um avi\u00e3o da FedEx ou algo parecido, com 100 bonecos do Buzz, cai, e todos eles se perdem. \u00c9 hil\u00e1rio. Eles est\u00e3o tentando encontrar o caminho de volta, e s\u00e3o cem deles. Espero que incluam isso no filme. Eu improvisei essa parte&#8221;, contou.<\/p>\n<p>Come\u00e7ando &#8220;do zero&#8221;<\/p>\n<p>Segundo Allen, a nova produ\u00e7\u00e3o da Pixar representar\u00e1 &#8220;um reboot total&#8221; da s\u00e9rie. A empresa j\u00e1 adiantou que o filme explorar\u00e1 o impacto da tecnologia na vida infantil contempor\u00e2nea, apresentando um conflito entre os brinquedos tradicionais como Woody e Buzz e as novas formas de entretenimento digital.<\/p>\n<p>Informa\u00e7\u00f5es preliminares indicam que o antagonista da hist\u00f3ria ser\u00e1 LilyPad, um tablet equipado com intelig\u00eancia artificial. O dispositivo tentar\u00e1 monopolizar a aten\u00e7\u00e3o de Bonnie, levando Woody, Buzz, Jessie e os demais brinquedos a embarcarem em uma miss\u00e3o para equilibrar diferentes formas de divers\u00e3o infantil.<\/p>\n<p>A estreia de &#8220;Toy Story 5&#8221; nos cinemas brasileiros est\u00e1 marcada para <strong>18 de junho de 2026.<\/strong> A franquia completa mais de tr\u00eas d\u00e9cadas desde seu in\u00edcio e o novo filme j\u00e1 \u00e9 considerado um dos mais aguardados pelos f\u00e3s internacionais.<\/p>\n","protected":false},"excerpt":{"rendered":"Uma das franquias de anima\u00e7\u00e3o de maior sucesso do mundo, Toy Story, ter\u00e1 filme novo em 2026. Toy&hellip;\n","protected":false},"author":2,"featured_media":133141,"comment_status":"","ping_status":"","sticky":false,"template":"","format":"standard","meta":{"footnotes":""},"categories":[140],"tags":[1415,470,114,115,147,471,148,146,32,33,110,15142,15143],"class_list":{"0":"post-133140","1":"post","2":"type-post","3":"status-publish","4":"format-standard","5":"has-post-thumbnail","7":"category-filmes","8":"tag-animacao","9":"tag-cinema","10":"tag-entertainment","11":"tag-entretenimento","12":"tag-film","13":"tag-filme","14":"tag-filmes","15":"tag-movies","16":"tag-portugal","17":"tag-pt","18":"tag-tecnologia","19":"tag-toy-story","20":"tag-toy-story-5"},"share_on_mastodon":{"url":"https:\/\/pubeurope.com\/@pt\/115465150449974894","error":""},"_links":{"self":[{"href":"https:\/\/www.europesays.com\/pt\/wp-json\/wp\/v2\/posts\/133140","targetHints":{"allow":["GET"]}}],"collection":[{"href":"https:\/\/www.europesays.com\/pt\/wp-json\/wp\/v2\/posts"}],"about":[{"href":"https:\/\/www.europesays.com\/pt\/wp-json\/wp\/v2\/types\/post"}],"author":[{"embeddable":true,"href":"https:\/\/www.europesays.com\/pt\/wp-json\/wp\/v2\/users\/2"}],"replies":[{"embeddable":true,"href":"https:\/\/www.europesays.com\/pt\/wp-json\/wp\/v2\/comments?post=133140"}],"version-history":[{"count":0,"href":"https:\/\/www.europesays.com\/pt\/wp-json\/wp\/v2\/posts\/133140\/revisions"}],"wp:featuredmedia":[{"embeddable":true,"href":"https:\/\/www.europesays.com\/pt\/wp-json\/wp\/v2\/media\/133141"}],"wp:attachment":[{"href":"https:\/\/www.europesays.com\/pt\/wp-json\/wp\/v2\/media?parent=133140"}],"wp:term":[{"taxonomy":"category","embeddable":true,"href":"https:\/\/www.europesays.com\/pt\/wp-json\/wp\/v2\/categories?post=133140"},{"taxonomy":"post_tag","embeddable":true,"href":"https:\/\/www.europesays.com\/pt\/wp-json\/wp\/v2\/tags?post=133140"}],"curies":[{"name":"wp","href":"https:\/\/api.w.org\/{rel}","templated":true}]}}