{"id":133172,"date":"2025-10-30T21:37:30","date_gmt":"2025-10-30T21:37:30","guid":{"rendered":"https:\/\/www.europesays.com\/pt\/133172\/"},"modified":"2025-10-30T21:37:30","modified_gmt":"2025-10-30T21:37:30","slug":"revelacao-inedita-apresentador-da-tvi-recusou-convite-para-entrar-num-reality-show-e-o-motivo-surpreende-secret-story","status":"publish","type":"post","link":"https:\/\/www.europesays.com\/pt\/133172\/","title":{"rendered":"Revela\u00e7\u00e3o in\u00e9dita. Apresentador da TVI recusou convite para entrar num reality show: e o motivo surpreende &#8211; Secret Story"},"content":{"rendered":"<p>O<strong> Big Brother Ver\u00e3o, <\/strong>que teve como vencedora <strong>J\u00e9ssica Vieira<\/strong>,<strong> poderia ter tido um\u00a0<a href=\"https:\/\/tvi.iol.pt\/secretstory\/videos\/ze-lopes-confessa-a-marcelo-a-unica-relacao-em-que-nao-acreditava-foi-a-que-deu-certo\/68f60ac40cf29d28d8297509\" rel=\"nofollow noopener\" target=\"_blank\">conhecido apresentador da TVI<\/a> entre os concorrentes.<\/strong> A revela\u00e7\u00e3o foi feita pelo pr\u00f3prio e apanhou todos de surpresa.<\/p>\n<p>Falamos de <strong>Z\u00e9 Lopes. <\/strong>O <a href=\"https:\/\/tvi.iol.pt\/secretstory\/ze-lopes\/apresentador\/apos-uma-perda-de-70-quilos-cara-da-tvi-responde-a-criticas-sobre-estar-magro-demais\" rel=\"nofollow noopener\" target=\"_blank\">apresentador do <strong>Bom Dia Alegria, do V+<\/strong><\/a>, esteve no programa da<strong> Mega Hits &#8216;Cala-te Boca&#8217;<\/strong>, onde contou que recusou o convite para entrar no reality show da<strong> TVI.<\/strong><\/p>\n<p>A revela\u00e7\u00e3o foi feita depois de <strong>Z\u00e9 Lopes<\/strong> ter sido questionado sobre declara\u00e7\u00f5es recentes que deu, em que admitia ter recebido um convite especial. Na altura, contou que <strong>Cl\u00e1udio Ramos<\/strong> foi a primeira pessoa a quem ligou, tendo sido quem lhe deu os <strong>\u00abmelhores conselhos\u00bb<\/strong> sobre o tema.<\/p>\n<p>O mist\u00e9rio ficou agora desfeito: o convite era <strong>\u00abpara ser concorrente do Big Brother Ver\u00e3o\u00bb.<\/strong> O apresentador explicou a decis\u00e3o: \u00abAcho que n\u00e3o h\u00e1 problema nenhum em diz\u00ea-lo. <strong>Na altura, senti que, pela minha vida profissional, n\u00e3o era o momento e, por isso, declinei o convite.<\/strong> E a minha dire\u00e7\u00e3o percebeu\u00bb.<\/p>\n<p>O papel que Cl\u00e1udio Ramos teve na decis\u00e3o de Z\u00e9 Lopes<\/p>\n<p>Z\u00e9 Lopes detalhou ainda o papel de Cl\u00e1udio Ramos neste processo: \u00ab<strong>O Cl\u00e1udio foi uma pessoa que me deu a vis\u00e3o dele, ou seja, o que de bom poderia tirar caso tivesse aceitado esse convite e o que de mau poderia correr.<\/strong> Porque, estando fechado numa casa, sob press\u00e3o e com pessoas com personalidades muito distintas da minha, as coisas poderiam correr muito bem ou poderiam correr muito mal\u00bb.<\/p>\n<p>\u00abE foi nesse sentido que eu achei que n\u00e3o era o momento, <a href=\"https:\/\/tvi.iol.pt\/secretstory\/fotos\/as-imagens-ineditas-da-nova-casa-de-ze-lopes-surpreenda-se-com-as-fotografias\/6825cbe0d34e3f0bae9e325c\" rel=\"nofollow noopener\" target=\"_blank\">at\u00e9 porque estava no processo da compra da minha casa.<\/a> <strong>J\u00e1 tinha algumas obrigatoriedades nesse sentido.<\/strong> Adoraria entrar num reality show, mas n\u00e3o era o momento para acontecer\u00bb, findou.<\/p>\n<p><strong>Veja aqui o momento da revela\u00e7\u00e3o:<\/strong><\/p>\n","protected":false},"excerpt":{"rendered":"O Big Brother Ver\u00e3o, que teve como vencedora J\u00e9ssica Vieira, poderia ter tido um\u00a0conhecido apresentador da TVI entre&hellip;\n","protected":false},"author":2,"featured_media":133173,"comment_status":"","ping_status":"","sticky":false,"template":"","format":"standard","meta":{"footnotes":""},"categories":[142],"tags":[6973,18706,48,114,115,18705,32,33,1014,151,162,18704,6971],"class_list":{"0":"post-133172","1":"post","2":"type-post","3":"status-publish","4":"format-standard","5":"has-post-thumbnail","7":"category-tv","8":"tag-apresentador","9":"tag-bastidores-secret-story","10":"tag-big-brother","11":"tag-entertainment","12":"tag-entretenimento","13":"tag-entrevistas-concorrentes-tvi","14":"tag-portugal","15":"tag-pt","16":"tag-reality-show","17":"tag-tv","18":"tag-tvi","19":"tag-vida-fora-da-casa","20":"tag-ze-lopes"},"share_on_mastodon":{"url":"https:\/\/pubeurope.com\/@pt\/115465279416129735","error":""},"_links":{"self":[{"href":"https:\/\/www.europesays.com\/pt\/wp-json\/wp\/v2\/posts\/133172","targetHints":{"allow":["GET"]}}],"collection":[{"href":"https:\/\/www.europesays.com\/pt\/wp-json\/wp\/v2\/posts"}],"about":[{"href":"https:\/\/www.europesays.com\/pt\/wp-json\/wp\/v2\/types\/post"}],"author":[{"embeddable":true,"href":"https:\/\/www.europesays.com\/pt\/wp-json\/wp\/v2\/users\/2"}],"replies":[{"embeddable":true,"href":"https:\/\/www.europesays.com\/pt\/wp-json\/wp\/v2\/comments?post=133172"}],"version-history":[{"count":0,"href":"https:\/\/www.europesays.com\/pt\/wp-json\/wp\/v2\/posts\/133172\/revisions"}],"wp:featuredmedia":[{"embeddable":true,"href":"https:\/\/www.europesays.com\/pt\/wp-json\/wp\/v2\/media\/133173"}],"wp:attachment":[{"href":"https:\/\/www.europesays.com\/pt\/wp-json\/wp\/v2\/media?parent=133172"}],"wp:term":[{"taxonomy":"category","embeddable":true,"href":"https:\/\/www.europesays.com\/pt\/wp-json\/wp\/v2\/categories?post=133172"},{"taxonomy":"post_tag","embeddable":true,"href":"https:\/\/www.europesays.com\/pt\/wp-json\/wp\/v2\/tags?post=133172"}],"curies":[{"name":"wp","href":"https:\/\/api.w.org\/{rel}","templated":true}]}}