{"id":133187,"date":"2025-10-30T21:50:18","date_gmt":"2025-10-30T21:50:18","guid":{"rendered":"https:\/\/www.europesays.com\/pt\/133187\/"},"modified":"2025-10-30T21:50:18","modified_gmt":"2025-10-30T21:50:18","slug":"revelacao-surpreendente-ze-lopes-foi-convidado-para-ser-concorrente-de-reality-show-da-tvi","status":"publish","type":"post","link":"https:\/\/www.europesays.com\/pt\/133187\/","title":{"rendered":"Revela\u00e7\u00e3o surpreendente: Z\u00e9 Lopes foi convidado para ser concorrente de reality show da TVI!"},"content":{"rendered":"<p>O &#8220;Big Brother Ver\u00e3o&#8221;, vencido por J\u00e9ssica Vieira, poderia ter tido <a href=\"https:\/\/selfie.iol.pt\/famosos\/ze-lopes\/em-lugar-especial-ze-lopes-nada-a-pedir-tudo-a-agradecer\/20251028\/6900a6e8d34ee0c2fed1c19d\" target=\"_blank\" rel=\"nofollow noopener\">Z\u00e9 Lopes<\/a> como um dos concorrentes. No programa da Mega Hits &#8220;Cala-te Boca&#8221;, o apresentador contou que recusou entrar na casa mais vigiada do Pa\u00eds.<\/p>\n<p>A revela\u00e7\u00e3o aconteceu depois de Z\u00e9 Lopes ter sido confrontado com o momento em que, numa recente entrevista, ter dito que recebera um convite e que tinha sido Cl\u00e1udio Ramos,\u00a0a primeira pessoa a quem ligara, a dar-lhe os &#8220;melhores conselhos&#8221; sobre o assunto.<\/p>\n<p>Logo depois, o jovem colocou fim ao enigma: o convite a que se referia era &#8220;para ser concorrente do &#8216;<a href=\"https:\/\/tvi.iol.pt\/bigbrother\/\" target=\"_blank\" rel=\"nofollow noopener\">Big Brother<\/a>\u00a0Ver\u00e3o'&#8221;. &#8220;Acho que n\u00e3o h\u00e1 problema nenhum em diz\u00ea-lo. Na altura, senti que, pela minha vida profissional, n\u00e3o era o momento e, por isso, declinei o convite. E a minha dire\u00e7\u00e3o percebeu&#8221;, explicou.<\/p>\n<p>E ainda acrescentou: &#8220;O Cl\u00e1udio foi uma pessoa que me deu a vis\u00e3o dele, ou seja, o que de bom poderia tirar caso tivesse aceitado esse convite e o que de mau poderia correr. Porque, estando fechado numa casa, sob press\u00e3o e com pessoas com personalidades muito distintas da minha, as coisas poderiam correr muito bem ou poderiam correr muito mal. E foi nesse sentido que eu achei que n\u00e3o era o momento, at\u00e9 porque estava no processo da compra da minha casa. J\u00e1 tinha algumas obrigatoriedades nesse sentido. Adoraria entrar num reality show, mas n\u00e3o era o momento para acontecer.&#8221;<\/p>\n<p>Atualmente, recorde-se, <a href=\"https:\/\/selfie.iol.pt\/famosos\/ze-lopes\/ze-lopes-com-companhia-especial-os-bastidores-da-minha-vida\/20251022\/68f8a66ed34ee0c2fed18875\" target=\"_blank\" rel=\"nofollow noopener\">Z\u00e9 Lopes<\/a> conduz, ao lado de Merche Romero, o programa do <a href=\"https:\/\/tvi.iol.pt\/vmais\/\" target=\"_blank\" rel=\"nofollow noopener\">V+<\/a> &#8220;Bom Dia Alegria&#8221;.<\/p>\n<p>Veja, agora, o v\u00eddeo com a revela\u00e7\u00e3o.<\/p>\n","protected":false},"excerpt":{"rendered":"O &#8220;Big Brother Ver\u00e3o&#8221;, vencido por J\u00e9ssica Vieira, poderia ter tido Z\u00e9 Lopes como um dos concorrentes. No&hellip;\n","protected":false},"author":2,"featured_media":133188,"comment_status":"","ping_status":"","sticky":false,"template":"","format":"standard","meta":{"footnotes":""},"categories":[145],"tags":[6973,6308,48,1170,66,30140,211,210,329,114,115,980,1417,1916,6970,619,32,33,1014,1012,162,30142,30143,6972,30141,10040,6971],"class_list":{"0":"post-133187","1":"post","2":"type-post","3":"status-publish","4":"format-standard","5":"has-post-thumbnail","7":"category-celebridades","8":"tag-apresentador","9":"tag-bb","10":"tag-big-brother","11":"tag-big-brother-verao","12":"tag-bom-dia-alegria","13":"tag-cala-te-boca","14":"tag-celebridades","15":"tag-celebrities","16":"tag-claudio-ramos","17":"tag-entertainment","18":"tag-entretenimento","19":"tag-famosos","20":"tag-jessica-vieira","21":"tag-mega-hits","22":"tag-merche-romero","23":"tag-nacional","24":"tag-portugal","25":"tag-pt","26":"tag-reality-show","27":"tag-selfie","28":"tag-tvi","29":"tag-v-mais","30":"tag-v-mais-tvi","31":"tag-vmais","32":"tag-vmais-tvi","33":"tag-vmaistvi","34":"tag-ze-lopes"},"share_on_mastodon":{"url":"https:\/\/pubeurope.com\/@pt\/115465330590474425","error":""},"_links":{"self":[{"href":"https:\/\/www.europesays.com\/pt\/wp-json\/wp\/v2\/posts\/133187","targetHints":{"allow":["GET"]}}],"collection":[{"href":"https:\/\/www.europesays.com\/pt\/wp-json\/wp\/v2\/posts"}],"about":[{"href":"https:\/\/www.europesays.com\/pt\/wp-json\/wp\/v2\/types\/post"}],"author":[{"embeddable":true,"href":"https:\/\/www.europesays.com\/pt\/wp-json\/wp\/v2\/users\/2"}],"replies":[{"embeddable":true,"href":"https:\/\/www.europesays.com\/pt\/wp-json\/wp\/v2\/comments?post=133187"}],"version-history":[{"count":0,"href":"https:\/\/www.europesays.com\/pt\/wp-json\/wp\/v2\/posts\/133187\/revisions"}],"wp:featuredmedia":[{"embeddable":true,"href":"https:\/\/www.europesays.com\/pt\/wp-json\/wp\/v2\/media\/133188"}],"wp:attachment":[{"href":"https:\/\/www.europesays.com\/pt\/wp-json\/wp\/v2\/media?parent=133187"}],"wp:term":[{"taxonomy":"category","embeddable":true,"href":"https:\/\/www.europesays.com\/pt\/wp-json\/wp\/v2\/categories?post=133187"},{"taxonomy":"post_tag","embeddable":true,"href":"https:\/\/www.europesays.com\/pt\/wp-json\/wp\/v2\/tags?post=133187"}],"curies":[{"name":"wp","href":"https:\/\/api.w.org\/{rel}","templated":true}]}}