{"id":133189,"date":"2025-10-30T21:53:16","date_gmt":"2025-10-30T21:53:16","guid":{"rendered":"https:\/\/www.europesays.com\/pt\/133189\/"},"modified":"2025-10-30T21:53:16","modified_gmt":"2025-10-30T21:53:16","slug":"ja-passaste-tanto-dos-limites-e-tal-a-vergonha","status":"publish","type":"post","link":"https:\/\/www.europesays.com\/pt\/133189\/","title":{"rendered":"\u201cJ\u00e1 passaste tanto dos limites\u2026 \u00e9 tal a vergonha\u201d"},"content":{"rendered":"<p>No <a href=\"https:\/\/tvi.iol.pt\/secretstory\" rel=\"nofollow noopener\" target=\"_blank\">Secret Story<\/a>, <a href=\"https:\/\/infocul.pt\/no-secret-story-marisa-perde-a-paciencia-com-pedro-jorge-ja-passaste-tanto-dos-limites-e-tal-a-vergonha\/\" rel=\"nofollow noopener\" target=\"_blank\">Marisa<\/a> perde a paci\u00eancia com Pedro Jorge: \u201cJ\u00e1 passaste tanto dos limites\u2026 \u00e9 tal a vergonha\u201d, disse.<\/p>\n<p>Concorrente volta a confrontar o marido na \u201cCasa dos Segredos\u201d<\/p>\n<p>O ambiente dentro da <strong>\u201cCasa dos Segredos\u201d<\/strong> voltou a aquecer. Durante a emiss\u00e3o desta quinta-feira, <strong>30 de outubro<\/strong>, <strong>Marisa<\/strong> mostrou-se visivelmente irritada com o comportamento de <strong>Pedro Jorge<\/strong>, seu marido e colega de jogo.<\/p>\n<p>A concorrente deixou claro que <strong>n\u00e3o est\u00e1 a gostar da forma como o companheiro se tem relacionado com outras mulheres<\/strong> dentro da casa mais vigiada do pa\u00eds.<\/p>\n<p>\u201cJ\u00e1 passaste tanto dos limites\u201d<\/p>\n<p>Com um tom firme, Marisa n\u00e3o escondeu o descontentamento e fez quest\u00e3o de <strong>confrontar Pedro Jorge diretamente<\/strong>, apontando o que considera ser uma falta de respeito.<\/p>\n<p><strong>\u201cJ\u00e1 n\u00e3o gosto nada. J\u00e1 passaste tanto dos limites, j\u00e1 correste a casa toda. \u00c9 tal a vergonha. Tens uma vontade, credo\u2026 \u00e9 abra\u00e7os, dan\u00e7as\u2026 que jogo mais triste. Tanto tipo de jogo que se pode jogar\u2026\u201d<\/strong>, come\u00e7ou por desabafar a concorrente, visivelmente incomodada com as atitudes do marido.<\/p>\n<p>\u201cEst\u00e1s a tirar proveito\u201d<\/p>\n<p>Al\u00e9m disso, Marisa foi mais longe e questionou as inten\u00e7\u00f5es de Pedro Jorge no jogo, deixando no ar a possibilidade de que os comportamentos do marido j\u00e1 n\u00e3o fa\u00e7am parte de uma estrat\u00e9gia.<\/p>\n<p><strong>\u201cAcredito que j\u00e1 n\u00e3o fazes por jogo, \u00e9 mesmo porque gostas. Est\u00e1s a tirar proveito\u201d<\/strong>, acrescentou, mostrando que a rela\u00e7\u00e3o entre ambos <strong>atravessa um momento de tens\u00e3o dentro da casa<\/strong>.<\/p>\n<p><a href=\"https:\/\/news.google.com\/publications\/CAAqBwgKMKfIoAswtNK4Aw\" target=\"_blank\" rel=\"noopener noreferrer nofollow\"><img loading=\"lazy\" data-lazyloaded=\"1\" width=\"481\" height=\"161\" decoding=\"async\" src=\"\/wp-content\/uploads\/2024\/02\/GN_siganos.png\" alt=\"Siga-nos no Google News\" style=\"margin-top:20px;\"\/><\/a><\/p>\n","protected":false},"excerpt":{"rendered":"No Secret Story, Marisa perde a paci\u00eancia com Pedro Jorge: \u201cJ\u00e1 passaste tanto dos limites\u2026 \u00e9 tal a&hellip;\n","protected":false},"author":2,"featured_media":99409,"comment_status":"","ping_status":"","sticky":false,"template":"","format":"standard","meta":{"footnotes":""},"categories":[142],"tags":[2632,114,115,32,33,151],"class_list":{"0":"post-133189","1":"post","2":"type-post","3":"status-publish","4":"format-standard","5":"has-post-thumbnail","7":"category-tv","8":"tag-casa-dos-segredos","9":"tag-entertainment","10":"tag-entretenimento","11":"tag-portugal","12":"tag-pt","13":"tag-tv"},"share_on_mastodon":{"url":"https:\/\/pubeurope.com\/@pt\/115465342584369847","error":""},"_links":{"self":[{"href":"https:\/\/www.europesays.com\/pt\/wp-json\/wp\/v2\/posts\/133189","targetHints":{"allow":["GET"]}}],"collection":[{"href":"https:\/\/www.europesays.com\/pt\/wp-json\/wp\/v2\/posts"}],"about":[{"href":"https:\/\/www.europesays.com\/pt\/wp-json\/wp\/v2\/types\/post"}],"author":[{"embeddable":true,"href":"https:\/\/www.europesays.com\/pt\/wp-json\/wp\/v2\/users\/2"}],"replies":[{"embeddable":true,"href":"https:\/\/www.europesays.com\/pt\/wp-json\/wp\/v2\/comments?post=133189"}],"version-history":[{"count":0,"href":"https:\/\/www.europesays.com\/pt\/wp-json\/wp\/v2\/posts\/133189\/revisions"}],"wp:featuredmedia":[{"embeddable":true,"href":"https:\/\/www.europesays.com\/pt\/wp-json\/wp\/v2\/media\/99409"}],"wp:attachment":[{"href":"https:\/\/www.europesays.com\/pt\/wp-json\/wp\/v2\/media?parent=133189"}],"wp:term":[{"taxonomy":"category","embeddable":true,"href":"https:\/\/www.europesays.com\/pt\/wp-json\/wp\/v2\/categories?post=133189"},{"taxonomy":"post_tag","embeddable":true,"href":"https:\/\/www.europesays.com\/pt\/wp-json\/wp\/v2\/tags?post=133189"}],"curies":[{"name":"wp","href":"https:\/\/api.w.org\/{rel}","templated":true}]}}