{"id":133225,"date":"2025-10-30T22:30:08","date_gmt":"2025-10-30T22:30:08","guid":{"rendered":"https:\/\/www.europesays.com\/pt\/133225\/"},"modified":"2025-10-30T22:30:08","modified_gmt":"2025-10-30T22:30:08","slug":"quantos-andares-tem-o-edificio-niemeyer-em-bh-e-bem-menos-do-que-parece","status":"publish","type":"post","link":"https:\/\/www.europesays.com\/pt\/133225\/","title":{"rendered":"Quantos andares tem o Edif\u00edcio Niemeyer em BH? \u00c9 bem menos do que parece!"},"content":{"rendered":"<p>O Edif\u00edcio Niemeyer representa um dos maiores s\u00edmbolos da arquitetura moderna brasileira. Localizado na Pra\u00e7a da Liberdade, em Belo Horizonte, o arquiteto Oscar Niemeyer projetou a obra em 1954, e a constru\u00e7\u00e3o foi conclu\u00edda em 1960, no mesmo terreno onde antes se erguia o Palacete Dolabela.<\/p>\n<p>Desde sua inaugura\u00e7\u00e3o, o edif\u00edcio encanta moradores e visitantes. Suas formas sinuosas e a fachada marcada por brises horizontais refor\u00e7am o movimento das curvas e criam um ritmo vertical harmonioso. As linhas fluidas, caracter\u00edsticas do estilo de Niemeyer, geram ambientes internos amplos e din\u00e2micos, ao mesmo tempo em que conferem ao pr\u00e9dio uma apar\u00eancia escultural. Al\u00e9m disso, as veda\u00e7\u00f5es opacas receberam revestimento art\u00edstico, o que refor\u00e7a a proposta do arquiteto de unir arte e arquitetura em um mesmo espa\u00e7o.<\/p>\n<p>Pavimentos do edif\u00edcio<\/p>\n<p>O pr\u00e9dio impressiona n\u00e3o apenas por suas curvas elegantes, mas tamb\u00e9m por um detalhe surpreendente: ele possui apenas<strong> 12 andares<\/strong>, embora pare\u00e7a muito mais alto.<\/p>\n<p>Assim como nas obras da Pampulha, Niemeyer explorou no edif\u00edcio o di\u00e1logo entre est\u00e9tica e funcionalidade. O pr\u00e9dio abriga dois apartamentos por andar, com amplas plantas de tr\u00eas e quatro quartos, al\u00e9m de dois terra\u00e7os \u2014 um deles privativo. Apesar da impon\u00eancia, a constru\u00e7\u00e3o come\u00e7ou com uma garagem modesta, projetada para apenas quatro ve\u00edculos, que posteriormente precisou ser ampliada devido ao aumento da demanda por vagas.<\/p>\n<p>Ao longo dos anos, o Niemeyer abrigou diversas fam\u00edlias tradicionais de Belo Horizonte, como Machado, Giannetti, Polizzi, Haas, Carsalade Vilela e Neves. Entre os moradores mais ilustres, destacam-se o ex-governador de Minas Gerais e presidente eleito Tancredo Neves e sua esposa, Risoleta Guimar\u00e3es Tolentino. Hoje, mais de seis d\u00e9cadas ap\u00f3s a inaugura\u00e7\u00e3o, o edif\u00edcio continua a impressionar pela ousadia est\u00e9tica e pelo equil\u00edbrio entre forma e fun\u00e7\u00e3o. Dessa forma, mant\u00e9m-se como um dos cart\u00f5es-postais mais emblem\u00e1ticos da capital mineira.<\/p>\n<p>Legado de Niemeyer<\/p>\n<p>Oscar Niemeyer, nascido em 15 de dezembro de 1907, no Rio de Janeiro, consolidou-se como um dos maiores arquitetos do s\u00e9culo 20. Desde o in\u00edcio da carreira, ele rompeu com os padr\u00f5es tradicionais ao adotar uma linguagem arquitet\u00f4nica baseada em curvas livres, leveza estrutural e integra\u00e7\u00e3o entre constru\u00e7\u00e3o e paisagem. Essa vis\u00e3o inovadora revolucionou o modernismo brasileiro e inspirou profissionais em todo o mundo.<\/p>\n<p>Em Belo Horizonte, muitos acreditam que o Conjunto da Pampulha foi sua primeira obra, mas, na verdade, Niemeyer iniciou sua trajet\u00f3ria na cidade com a resid\u00eancia Jo\u00e3o Lima P\u00e1dua, projetada em 1943. Poucos anos depois, ele alcan\u00e7ou proje\u00e7\u00e3o internacional com o Conjunto Arquitet\u00f4nico da Pampulha, encomendado por Juscelino Kubitschek, ent\u00e3o prefeito da capital mineira. O projeto, que inclui a Igreja de S\u00e3o Francisco de Assis, o Museu de Arte da Pampulha, a Casa do Baile e o Iate T\u00eanis Clube, marcou um divisor de \u00e1guas ao integrar arte, paisagismo e urbanismo de maneira inovadora e harmoniosa.<\/p>\n<p>A partir da d\u00e9cada de 1940, Belo Horizonte passou a refletir a influ\u00eancia de Niemeyer em sua paisagem urbana. As curvas que antes pertenciam apenas \u00e0s montanhas come\u00e7aram a se espalhar pelas ruas, pelos edif\u00edcios e pelo cotidiano dos belo-horizontinos. Assim, o arquiteto n\u00e3o apenas redesenhou a cidade, mas tamb\u00e9m transformou sua identidade, incorporando beleza, movimento e modernidade ao cora\u00e7\u00e3o de Minas Gerais.<\/p>\n","protected":false},"excerpt":{"rendered":"O Edif\u00edcio Niemeyer representa um dos maiores s\u00edmbolos da arquitetura moderna brasileira. Localizado na Pra\u00e7a da Liberdade, em&hellip;\n","protected":false},"author":2,"featured_media":133226,"comment_status":"","ping_status":"","sticky":false,"template":"","format":"standard","meta":{"footnotes":""},"categories":[144],"tags":[207,205,206,203,201,202,204,114,115,32,33],"class_list":{"0":"post-133225","1":"post","2":"type-post","3":"status-publish","4":"format-standard","5":"has-post-thumbnail","7":"category-arte-e-design","8":"tag-arte","9":"tag-arte-e-design","10":"tag-artedesign","11":"tag-arts","12":"tag-arts-and-design","13":"tag-artsanddesign","14":"tag-design","15":"tag-entertainment","16":"tag-entretenimento","17":"tag-portugal","18":"tag-pt"},"share_on_mastodon":{"url":"https:\/\/pubeurope.com\/@pt\/115465487827707446","error":""},"_links":{"self":[{"href":"https:\/\/www.europesays.com\/pt\/wp-json\/wp\/v2\/posts\/133225","targetHints":{"allow":["GET"]}}],"collection":[{"href":"https:\/\/www.europesays.com\/pt\/wp-json\/wp\/v2\/posts"}],"about":[{"href":"https:\/\/www.europesays.com\/pt\/wp-json\/wp\/v2\/types\/post"}],"author":[{"embeddable":true,"href":"https:\/\/www.europesays.com\/pt\/wp-json\/wp\/v2\/users\/2"}],"replies":[{"embeddable":true,"href":"https:\/\/www.europesays.com\/pt\/wp-json\/wp\/v2\/comments?post=133225"}],"version-history":[{"count":0,"href":"https:\/\/www.europesays.com\/pt\/wp-json\/wp\/v2\/posts\/133225\/revisions"}],"wp:featuredmedia":[{"embeddable":true,"href":"https:\/\/www.europesays.com\/pt\/wp-json\/wp\/v2\/media\/133226"}],"wp:attachment":[{"href":"https:\/\/www.europesays.com\/pt\/wp-json\/wp\/v2\/media?parent=133225"}],"wp:term":[{"taxonomy":"category","embeddable":true,"href":"https:\/\/www.europesays.com\/pt\/wp-json\/wp\/v2\/categories?post=133225"},{"taxonomy":"post_tag","embeddable":true,"href":"https:\/\/www.europesays.com\/pt\/wp-json\/wp\/v2\/tags?post=133225"}],"curies":[{"name":"wp","href":"https:\/\/api.w.org\/{rel}","templated":true}]}}