{"id":133241,"date":"2025-10-30T22:42:17","date_gmt":"2025-10-30T22:42:17","guid":{"rendered":"https:\/\/www.europesays.com\/pt\/133241\/"},"modified":"2025-10-30T22:42:17","modified_gmt":"2025-10-30T22:42:17","slug":"foi-tudo-muito-rapido-chuva-intensa-em-faro-transforma-ruas-em-rios","status":"publish","type":"post","link":"https:\/\/www.europesays.com\/pt\/133241\/","title":{"rendered":"&#8220;Foi tudo muito r\u00e1pido&#8221;: chuva intensa em Faro transforma ruas em rios"},"content":{"rendered":"<p data-remotead-prev-elm=\"true\" data-remotead-elm-id=\"inread\">Adriano Ceia, morador na zona h\u00e1 mais de 20 anos, revelou que bastou pouco menos de uma hora para que a zona alagasse. &#8220;Na semana passada foi feita uma tentativa de escoamento, mas agora n\u00e3o foi poss\u00edvel porque foi tudo muito r\u00e1pido&#8221;, acrescentou.<\/p>\n<p>Alguns estabelecimentos comerciais n\u00e3o conseguiram abrir portas durante toda a manh\u00e3. A situa\u00e7\u00e3o come\u00e7ou a melhorar quando funcion\u00e1rios municipais conseguiram levantar as tampas das sarjetas para que o escoamento fosse feito, o que aconteceu a partir das 8 horas.<\/p>\n<p>Por estar numa zona mais baixa e onde se acumulam as \u00e1guas que escoam de outras art\u00e9rias, a Rua de S\u00e3o Lu\u00eds \u00e9 um dos pontos mais cr\u00edticos da cidade de Faro. Apesar de terem sido feitas obras, h\u00e1 uns anos, para tentar amenizar os impactos, moradores e comerciantes reclamam por uma solu\u00e7\u00e3o definitiva.<\/p>\n<p data-remotead-prev-elm=\"true\" data-remotead-elm-id=\"centro1\">O rec\u00e9m-eleito presidente da C\u00e2mara Municipal de Faro, Ant\u00f3nio Pina, deslocou-se ao local durante a manh\u00e3 e reconheceu que esta \u00e9 uma das zonas mais problem\u00e1ticas da cidade. &#8220;Este \u00e9 o principal ponto. N\u00e3o temos indica\u00e7\u00e3o de haver outras zonas da cidade com preju\u00edzos como aqui&#8221;, lamentou, acrescentando que quer dar &#8220;prioridade&#8221; \u00e0 obra, que prev\u00ea estar conclu\u00edda no prazo de &#8220;um ano e meio a dois anos&#8221;. &#8220;Temos de ter como primeira prioridade fazer esta obra. N\u00e3o d\u00e1 para adiar mais 16 anos. Na passagem de pasta, tivemos conhecimento de que h\u00e1 um projeto de execu\u00e7\u00e3o pronto. H\u00e1 uma verba para financiar um projeto, entre os quatro e cinco milh\u00f5es de euros&#8221;, explicou.<\/p>\n<p>Segundo a Prote\u00e7\u00e3o Civil do Algarve, foram registadas quase 60 ocorr\u00eancias. Al\u00e9m de Faro, foram afetados outros concelhos, como Olh\u00e3o, onde o t\u00fanel da Avenida da Rep\u00fablica, que passa debaixo da linha do comboio, ficou alagado, com uma viatura submersa. Em Vila Real de Santo Ant\u00f3nio tamb\u00e9m houve algumas inunda\u00e7\u00f5es sobretudo na via p\u00fablica.<\/p>\n<p>O distrito de Faro esteve, at\u00e9 \u00e0s 10 horas, sob aviso vermelho, o mais grave na escala de quatro, devido \u00e0 chuva forte, de acordo com o Instituto Portugu\u00eas do Mar e da Atmosfera (IPMA).<\/p>\n","protected":false},"excerpt":{"rendered":"Adriano Ceia, morador na zona h\u00e1 mais de 20 anos, revelou que bastou pouco menos de uma hora&hellip;\n","protected":false},"author":2,"featured_media":133242,"comment_status":"","ping_status":"","sticky":false,"template":"","format":"standard","meta":{"footnotes":""},"categories":[10],"tags":[27,28,2139,24167,15,16,14,25,26,21,22,12,13,19,20,32,23,24,33,17,18,29,30,31],"class_list":{"0":"post-133241","1":"post","2":"type-post","3":"status-publish","4":"format-standard","5":"has-post-thumbnail","7":"category-portugal","8":"tag-breaking-news","9":"tag-breakingnews","10":"tag-chuva","11":"tag-concelho-faro","12":"tag-featured-news","13":"tag-featurednews","14":"tag-headlines","15":"tag-latest-news","16":"tag-latestnews","17":"tag-main-news","18":"tag-mainnews","19":"tag-news","20":"tag-noticias","21":"tag-noticias-principais","22":"tag-noticiasprincipais","23":"tag-portugal","24":"tag-principais-noticias","25":"tag-principaisnoticias","26":"tag-pt","27":"tag-top-stories","28":"tag-topstories","29":"tag-ultimas","30":"tag-ultimas-noticias","31":"tag-ultimasnoticias"},"share_on_mastodon":{"url":"https:\/\/pubeurope.com\/@pt\/115465535570800357","error":""},"_links":{"self":[{"href":"https:\/\/www.europesays.com\/pt\/wp-json\/wp\/v2\/posts\/133241","targetHints":{"allow":["GET"]}}],"collection":[{"href":"https:\/\/www.europesays.com\/pt\/wp-json\/wp\/v2\/posts"}],"about":[{"href":"https:\/\/www.europesays.com\/pt\/wp-json\/wp\/v2\/types\/post"}],"author":[{"embeddable":true,"href":"https:\/\/www.europesays.com\/pt\/wp-json\/wp\/v2\/users\/2"}],"replies":[{"embeddable":true,"href":"https:\/\/www.europesays.com\/pt\/wp-json\/wp\/v2\/comments?post=133241"}],"version-history":[{"count":0,"href":"https:\/\/www.europesays.com\/pt\/wp-json\/wp\/v2\/posts\/133241\/revisions"}],"wp:featuredmedia":[{"embeddable":true,"href":"https:\/\/www.europesays.com\/pt\/wp-json\/wp\/v2\/media\/133242"}],"wp:attachment":[{"href":"https:\/\/www.europesays.com\/pt\/wp-json\/wp\/v2\/media?parent=133241"}],"wp:term":[{"taxonomy":"category","embeddable":true,"href":"https:\/\/www.europesays.com\/pt\/wp-json\/wp\/v2\/categories?post=133241"},{"taxonomy":"post_tag","embeddable":true,"href":"https:\/\/www.europesays.com\/pt\/wp-json\/wp\/v2\/tags?post=133241"}],"curies":[{"name":"wp","href":"https:\/\/api.w.org\/{rel}","templated":true}]}}