{"id":133289,"date":"2025-10-30T23:21:09","date_gmt":"2025-10-30T23:21:09","guid":{"rendered":"https:\/\/www.europesays.com\/pt\/133289\/"},"modified":"2025-10-30T23:21:09","modified_gmt":"2025-10-30T23:21:09","slug":"rei-carlos-retira-a-casa-e-os-titulos-ao-seu-irmao-andre-familia-real-britanica","status":"publish","type":"post","link":"https:\/\/www.europesays.com\/pt\/133289\/","title":{"rendered":"Rei Carlos retira a casa e os t\u00edtulos ao seu irm\u00e3o Andr\u00e9 | Fam\u00edlia Real Brit\u00e2nica"},"content":{"rendered":"<p>O rei Carlos de Inglaterra decidiu retirar os t\u00edtulos e honras a Andr\u00e9 e expuls\u00e1-lo da resid\u00eancia que ocupava, informou o Pal\u00e1cio de Buckingham nesta quinta-feira. A decis\u00e3o prende-se com as liga\u00e7\u00f5es de Andr\u00e9 com o falecido criminoso sexual <a href=\"https:\/\/www.publico.pt\/2025\/10\/16\/impar\/noticia\/principe-divertiuse-virginia-giuffre-descreve-relacoes-sexuais-andre-2151068\" rel=\"nofollow noopener\" target=\"_blank\">Jeffrey Epstein<\/a>.<\/p>\n<p>Andr\u00e9, 65 anos, \u00e9 um dos irm\u00e3os mais novos de Carlos, mas, apesar de se encontrar numa posi\u00e7\u00e3o privilegiada na linha de sucess\u00e3o, tem sofrido uma press\u00e3o crescente pelo seu comportamento e liga\u00e7\u00f5es com Epstein, que come\u00e7ou por negar, mas que acabou por lhe custar v\u00e1rias regalias. A \u00faltima puni\u00e7\u00e3o tinha ocorrido no in\u00edcio deste m\u00eas, seis anos depois de o pr\u00edncipe ter sido <a href=\"https:\/\/www.publico.pt\/2019\/11\/20\/impar\/noticia\/abusos-sexuais-principe-andre-vai-deixar-deveres-reais-1894514\" rel=\"nofollow noopener\" target=\"_blank\">afastado dos deveres reais<\/a>, com Andr\u00e9 a <a href=\"https:\/\/www.publico.pt\/2025\/10\/17\/impar\/noticia\/principe-andre-abdica-titulos-reais-2151292\" rel=\"nofollow noopener\" target=\"_blank\">perder o t\u00edtulo de duque de York<\/a>.<\/p>\n<p>Agora, Carlos intensificou suas ac\u00e7\u00f5es contra Andr\u00e9, tirando-lhe os seus restantes t\u00edtulos e deixando-o apenas com o nome de registo: Andr\u00e9 Mountbatten Windsor.<\/p>\n<p>O comunicado do Pal\u00e1cio de Buckingham informou ainda que Andr\u00e9 recebeu uma notifica\u00e7\u00e3o formal para entregar o contrato de arrendamento de Royal Lodge, mans\u00e3o situada na propriedade de Windsor, a oeste de Londres, e que ele se mudar\u00e1 para uma acomoda\u00e7\u00e3o privada no leste da Inglaterra.<\/p>\n<p><strong>Pal\u00e1cio do lado das v\u00edtimas de abuso<\/strong><\/p>\n<p>\u201cEssas censuras s\u00e3o consideradas necess\u00e1rias, apesar do facto de ele continuar a negar as acusa\u00e7\u00f5es contra si\u201d, afirmou o pal\u00e1cio. \u201cSuas majestades desejam deixar claro que os seus pensamentos e a sua mais profunda solidariedade est\u00e3o e permanecer\u00e3o com as v\u00edtimas e sobreviventes de todas e quaisquer formas de abuso.\u201d<\/p>\n<p>Uma fonte do pal\u00e1cio, citada pela Reuters, afirmou que, embora Andr\u00e9 continuasse a negar as acusa\u00e7\u00f5es contra ele, era evidente que havia graves lapsos na sua vers\u00e3o dos factos. A fonte afirmou que a decis\u00e3o foi tomada por Carlos, mas que o monarca tinha o apoio da fam\u00edlia em geral, nomeadamente do pr\u00edncipe William, herdeiro do trono.<\/p>\n<p>Nas \u00faltimas semanas, os jornais brit\u00e2nicos voltaram a sua aten\u00e7\u00e3o para as finan\u00e7as de Andr\u00e9 depois de o Times ter noticiado que ele <a href=\"https:\/\/www.publico.pt\/2025\/10\/22\/impar\/noticia\/principe-andre-nao-paga-renda-mansao-real-windsor-ha-20-anos-2151724\" rel=\"nofollow noopener\" target=\"_blank\">n\u00e3o pagava a renda<\/a> da sua mans\u00e3o de 30 quartos h\u00e1 duas d\u00e9cadas, ainda que tenha ressalvado que o pr\u00edncipe tinha financiado as obras quando se mudou para l\u00e1, no valor de pelo menos 7,5 milh\u00f5es de libras (8,5 milh\u00f5es de euros) \u2014 algo que fazia parte do acordo original com a Coroa, aprovado pelo Gabinete Nacional de Auditoria\u200b\u200b.<\/p>\n<p>O Royal Lodge n\u00e3o \u00e9 uma casa privada da fam\u00edlia real, mas propriedade da Coroa. Ou seja, a sua gest\u00e3o \u00e9 feita pela Coroa, mas as receitas dos arrendamentos v\u00e3o para o Tesouro nacional. Mas, no caso, o arrendamento de Andr\u00e9 traduzia-se apenas no pagamento de \u201cum gr\u00e3o de pimenta (se exigido) por ano\u201d.<\/p>\n<p>Numa rara interven\u00e7\u00e3o pol\u00edtica, uma comiss\u00e3o parlamentar brit\u00e2nica questionou na quarta-feira se Andr\u00e9 ainda deveria morar naquela casa. E, duas semanas antes, Rachael Maskell, membro do Parlamento brit\u00e2nico, j\u00e1 tinha exigido \u00e0 fam\u00edlia real brit\u00e2nica que esclarecesse como foi <a href=\"https:\/\/www.publico.pt\/2025\/10\/18\/impar\/noticia\/deputada-exige-explicacoes-pagamento-principe-andre-virginia-giuffre-2151364\" rel=\"nofollow noopener\" target=\"_blank\">financiado o acordo<\/a> entre o pr\u00edncipe Andr\u00e9 e Virginia\u202fGiuffre no \u00e2mbito de uma ac\u00e7\u00e3o civil contra o membro da Casa de Windsor\u200b.<\/p>\n<p><strong>\u201cUma vit\u00f3ria\u201d<\/strong><\/p>\n<p>A decis\u00e3o de Andr\u00e9 de abdicar dos t\u00edtulos j\u00e1 tinha sido celebrada \u201ccomo uma vit\u00f3ria\u201d por Amy Wallace, co-autora do <a href=\"https:\/\/www.publico.pt\/2025\/10\/16\/impar\/noticia\/principe-divertiuse-virginia-giuffre-descreve-relacoes-sexuais-andre-2151068\" rel=\"nofollow noopener\" target=\"_blank\">livro de mem\u00f3rias de Virginia Giuffre<\/a>, a mulher que acusou <a href=\"https:\/\/www.publico.pt\/2021\/08\/10\/impar\/noticia\/abusos-sexuais-principe-andre-acusado-formalmente-tribunal-1973617\" rel=\"nofollow noopener\" target=\"_blank\">formalmente<\/a> o agora ex-duque de York de abusos sexuais em 2021 \u2014 chegaram a acordo extrajudicial no ano seguinte.<\/p>\n<p>\u201cVirginia queria que todos os homens a quem ela tinha sido traficada, contra a sua vontade, fossem responsabilizados, e este \u00e9 apenas um dos homens\u201d, declarou a escritora em<a href=\"https:\/\/www.bbc.com\/news\/articles\/c1e3leqx89zo\" target=\"_blank\" rel=\"nofollow noopener\"> entrevista \u00e0 BBC<\/a>.<\/p>\n<p>Virginia Giuffre, que se<a href=\"https:\/\/www.publico.pt\/2025\/04\/26\/impar\/noticia\/morreu-mulher-denunciou-jeffrey-epstein-principe-andre-2131041\" rel=\"nofollow noopener\" target=\"_blank\"> suicidou<\/a> em Abril aos 41 anos, descreve no livro Nobody\u2019s Girl as tr\u00eas vezes em que ter\u00e1 tido rela\u00e7\u00f5es sexuais com o pr\u00edncipe Andr\u00e9 a mando de Epstein.<\/p>\n<p>Em 2011, o filho de Isabel II ter\u00e1 ordenado ao seu seguran\u00e7a oficial espiar a norte-americana, depois de ser divulgada uma fotografia de ambos, quando Giuffre tinha 17 anos. Agora, <a href=\"https:\/\/www.publico.pt\/2025\/10\/20\/impar\/noticia\/andre-investigado-usar-seguranca-oficial-espiar-virginia-giuffre-2151456\" rel=\"nofollow noopener\" target=\"_blank\">pode enfrentar <\/a>a justi\u00e7a por usar meios do Estado para conseguir informa\u00e7\u00f5es confidenciais.<\/p>\n<p><strong>A amizade com Epstein<\/strong><\/p>\n<p>Quando o nome de Andr\u00e9 surgiu entre as amizades do magnata Jeffrey Epstein, a fam\u00edlia real entrou numa esp\u00e9cie de estado de alerta. N\u00e3o havia, na altura, qualquer suspeita a recair sobre o duque, mas o simples facto de ter mantido uma rela\u00e7\u00e3o com Epstein, que j\u00e1 tinha sido acusado e condenado por abusos sexuais (em 2008, tendo cumprido 13 meses com trabalho prisional), lan\u00e7ava uma nuvem negra sobre o cl\u00e3 Mountbatten-Windsor.<\/p>\n<p>At\u00e9 que Andr\u00e9 decidiu esclarecer o assunto. E, numa desastrosa entrevista \u00e0 BBC, reconheceu a sua proximidade a Epstein e admitiu que ficou na mans\u00e3o do milion\u00e1rio, em 2010, por \u201cconveni\u00eancia\u201d. Na mesma entrevista, o duque de York, negou ter mantido qualquer rela\u00e7\u00e3o com Virginia Giuffre \u2014 que tinha descrito ter jantado com o filho da rainha Isabel II, ido a uma discoteca londrina ap\u00f3s o jantar e que, depois, teria sido abusada sexualmente pelo duque numa casa que <a href=\"https:\/\/www.publico.pt\/2020\/07\/02\/mundo\/noticia\/ghislaine-maxwell-detida-fbi-ligacao-jeffrey-epstein-1922803\" target=\"_blank\" rel=\"nofollow noopener\">pertencia a <\/a><a href=\"https:\/\/www.publico.pt\/2020\/07\/02\/mundo\/noticia\/ghislaine-maxwell-detida-fbi-ligacao-jeffrey-epstein-1922803\" target=\"_blank\" rel=\"nofollow noopener\">Ghislaine<\/a><a href=\"https:\/\/www.publico.pt\/2020\/07\/02\/mundo\/noticia\/ghislaine-maxwell-detida-fbi-ligacao-jeffrey-epstein-1922803\" target=\"_blank\" rel=\"nofollow noopener\"> Maxwell<\/a>, amiga pr\u00f3xima de Epstein \u2014, e at\u00e9 frisou que nunca tinha conhecido a jovem.<\/p>\n<p>Por\u00e9m, uma fotografia em que se v\u00ea Andr\u00e9 e Virginia numa posi\u00e7\u00e3o de alguma intimidade (o duque tem a m\u00e3o na cintura da jovem, a abra\u00e7\u00e1-la), observados por Ghislaine Maxwell, conta uma hist\u00f3ria diferente. E o pr\u00edncipe foi obrigado a rever as suas declara\u00e7\u00f5es: afinal, n\u00e3o era que nunca a tivesse conhecido, mas que n\u00e3o se lembrava.<\/p>\n<p>\u201cN\u00e3o tenho qualquer recorda\u00e7\u00e3o de alguma vez ter conhecido essa senhora\u201d, <a href=\"https:\/\/www.publico.pt\/2019\/11\/17\/culto\/noticia\/principe-andre-nega-abusos-sexuais-relacionados-jeffrey-epstein-1894044\" target=\"_blank\" rel=\"nofollow noopener\">afirmou \u00e0 BBC<\/a>. Ap\u00f3s confrontado com a fotografia, o pr\u00edncipe disse que n\u00e3o tinha qualquer recorda\u00e7\u00e3o do momento em que a imagem tinha sido capturada. Alegou, tamb\u00e9m, que a fotografia aparentava ter sido registada no andar de cima da casa de Ghislaine Maxwell, piso que pensa \u201cnunca ter visitado\u201d.<\/p>\n<p>As contradi\u00e7\u00f5es n\u00e3o foram bem acolhidas pelos s\u00fabditos de Isabel II, o que resultou no afastamento de Andr\u00e9 da vida p\u00fablica da coroa, com o objectivo de evitar mais embara\u00e7os e permitir que o duque colaborasse com a investiga\u00e7\u00e3o relativa ao esc\u00e2ndalo Epstein. S\u00f3 que do outro lado do Atl\u00e2ntico a hist\u00f3ria que se contava era outra. Em Janeiro de 2020, o procurador Geoffrey Berman <a href=\"https:\/\/www.publico.pt\/2020\/01\/27\/impar\/noticia\/principe-andre-nao-cooperar-investigacao-epstein-justica-norteamericana-1901900\" target=\"_blank\" rel=\"nofollow noopener\">acusou Andr\u00e9<\/a> de n\u00e3o cooperar com a justi\u00e7a norte-americana na investiga\u00e7\u00e3o sobre Epstein.<\/p>\n<p>Andr\u00e9 n\u00e3o \u00e9 o \u00fanico nome sonante que surge entre as amizades de Epstein, <a href=\"https:\/\/www.publico.pt\/2019\/08\/10\/mundo\/noticia\/jeffrey-epstein-acusado-trafico-sexual-menores-encontrado-morto-prisao-1883035\" target=\"_blank\" rel=\"nofollow noopener\">encontrado morto<\/a> na sua cela numa pris\u00e3o de seguran\u00e7a m\u00e1xima, em Manhattan, Nova Iorque, tendo sido declarado <a href=\"https:\/\/www.publico.pt\/2019\/08\/10\/mundo\/noticia\/morte-epstein-acusado-exploracao-sexual-menores-investigada-fbi-1883052\" target=\"_blank\" rel=\"nofollow noopener\">o suic\u00eddio<\/a>. Da lista, destacam-se ainda um antigo governador do Novo M\u00e9xico, Bill Richardson, e um antigo senador norte-americano, George Mitchell. Por\u00e9m, mesmo aqueles que aparentemente apenas se cruzaram com o magnata ter\u00e3o respondido por essa proximidade: foi o caso de Bill Gates, que lamentou ter-se encontrado com Epstein em jantares de angaria\u00e7\u00e3o de fundos para causas filantr\u00f3picas, <a href=\"https:\/\/www.publico.pt\/2021\/08\/05\/impar\/noticia\/bill-gates-relacao-jeffrey-epstein-erro-1973164\" target=\"_blank\" rel=\"nofollow noopener\">reconhecendo que foi \u201cum grande erro\u201d<\/a>.<\/p>\n<p>S\u00f3 que os encontros, afinal, n\u00e3o se ter\u00e3o limitado a jantares, e a amizade entre os dois homens ter\u00e1 sido <a href=\"https:\/\/www.publico.pt\/2021\/05\/11\/impar\/noticia\/relacao-bill-gates-jeffrey-epstein-estara-origem-milionario-divorcio-1962029\" target=\"_blank\" rel=\"nofollow noopener\">o rastilho<\/a> para um dos div\u00f3rcios mais dispendiosos de sempre: <a href=\"https:\/\/www.publico.pt\/2021\/05\/03\/impar\/noticia\/bill-gates-anuncia-divorcio-melinda-gates-27-anos-casamento-1961054\" target=\"_blank\" rel=\"nofollow noopener\">Bill e Melinda anunciaram o fim do casamento<\/a> e, no mesmo dia, o fundador da Microsoft <a href=\"https:\/\/www.publico.pt\/2021\/05\/06\/impar\/noticia\/dia-anuncio-divorcio-bill-gates-transferiu-quase-24-mil-milhoes-dolares-accoes-melinda-1961516\" target=\"_blank\" rel=\"nofollow noopener\">transferiu para a mulher ac\u00e7\u00f5es<\/a> no valor de quase 2,4 mil milh\u00f5es de d\u00f3lares.<\/p>\n","protected":false},"excerpt":{"rendered":"O rei Carlos de Inglaterra decidiu retirar os t\u00edtulos e honras a Andr\u00e9 e expuls\u00e1-lo da resid\u00eancia que&hellip;\n","protected":false},"author":2,"featured_media":133290,"comment_status":"","ping_status":"","sticky":false,"template":"","format":"standard","meta":{"footnotes":""},"categories":[85],"tags":[995,2948,6472,3608,353,114,115,709,708,665,16882,583,714,542,712,32,33,713],"class_list":{"0":"post-133289","1":"post","2":"type-post","3":"status-publish","4":"format-standard","5":"has-post-thumbnail","7":"category-entretenimento","8":"tag-abre-conteudo","9":"tag-abusos-sexuais","10":"tag-andre","11":"tag-carlos-iii","12":"tag-em-destaque","13":"tag-entertainment","14":"tag-entretenimento","15":"tag-familia-real-britanica","16":"tag-impar","17":"tag-inglaterra","18":"tag-isabel-ii","19":"tag-jeffrey-epstein","20":"tag-monarquia","21":"tag-para-redes","22":"tag-pessoas","23":"tag-portugal","24":"tag-pt","25":"tag-reino-unido"},"share_on_mastodon":{"url":"https:\/\/pubeurope.com\/@pt\/115465688538337985","error":""},"_links":{"self":[{"href":"https:\/\/www.europesays.com\/pt\/wp-json\/wp\/v2\/posts\/133289","targetHints":{"allow":["GET"]}}],"collection":[{"href":"https:\/\/www.europesays.com\/pt\/wp-json\/wp\/v2\/posts"}],"about":[{"href":"https:\/\/www.europesays.com\/pt\/wp-json\/wp\/v2\/types\/post"}],"author":[{"embeddable":true,"href":"https:\/\/www.europesays.com\/pt\/wp-json\/wp\/v2\/users\/2"}],"replies":[{"embeddable":true,"href":"https:\/\/www.europesays.com\/pt\/wp-json\/wp\/v2\/comments?post=133289"}],"version-history":[{"count":0,"href":"https:\/\/www.europesays.com\/pt\/wp-json\/wp\/v2\/posts\/133289\/revisions"}],"wp:featuredmedia":[{"embeddable":true,"href":"https:\/\/www.europesays.com\/pt\/wp-json\/wp\/v2\/media\/133290"}],"wp:attachment":[{"href":"https:\/\/www.europesays.com\/pt\/wp-json\/wp\/v2\/media?parent=133289"}],"wp:term":[{"taxonomy":"category","embeddable":true,"href":"https:\/\/www.europesays.com\/pt\/wp-json\/wp\/v2\/categories?post=133289"},{"taxonomy":"post_tag","embeddable":true,"href":"https:\/\/www.europesays.com\/pt\/wp-json\/wp\/v2\/tags?post=133289"}],"curies":[{"name":"wp","href":"https:\/\/api.w.org\/{rel}","templated":true}]}}