{"id":133297,"date":"2025-10-30T23:26:06","date_gmt":"2025-10-30T23:26:06","guid":{"rendered":"https:\/\/www.europesays.com\/pt\/133297\/"},"modified":"2025-10-30T23:26:06","modified_gmt":"2025-10-30T23:26:06","slug":"narcotraficante-usa-estrepes-romanos-para-travar-policia-francesa-tome-nota","status":"publish","type":"post","link":"https:\/\/www.europesays.com\/pt\/133297\/","title":{"rendered":"Narcotraficante usa estrepes romanos para travar pol\u00edcia francesa &#8211; Tome Nota"},"content":{"rendered":"<p>Que os traficantes de droga est\u00e3o mais audazes (e perigosos!) n\u00e3o \u00e9 segredo nenhum mas in\u00e9dito \u00e9 encherem a estrada de estrepes para furarem os pneus dos carros da pol\u00edcia que os perseguem, como aconteceu em Fran\u00e7a.<\/p>\n<p>A rocambolesca opera\u00e7\u00e3o policial aconteceu a 4 de Outubro em Fran\u00e7a na auto-estrada A7, mas s\u00f3 esta quarta-feira os investigadores da divis\u00e3o OFAST de combate ao narcotr\u00e1fico em Lyon divulgaram na rede X o resultado final.<\/p>\n<p>Ac\u00e7\u00f5es de vigil\u00e2ncia, escutas telef\u00f3nicas e cruzamento de informa\u00e7\u00f5es a uma vasta rede de tr\u00e1fico de droga no final deste Ver\u00e3o revelaram que a mercadoria estava a ser transportada por via go-fast.<\/p>\n<p>Neste m\u00e9todo de transporte ultra-r\u00e1pido, o ve\u00edculo que vai \u00e0 frente do transportador de droga faz de &#8220;batedor&#8221; para verificar se n\u00e3o h\u00e1 qualquer barreira policial a travar-lhes a viagem.<\/p>\n<p>Infelizmente, o condutor do BMW X4 que levava a carga ilegal n\u00e3o teve &#8220;sorte&#8221; nenhuma, mesmo lan\u00e7ando estrepes para a estrada, esses tri\u00e2ngulos pontiagudos em metal criados pelos romanos.<\/p>\n<p>De pouco lhe serviu porque em poucos minutos os perseguidores policiais interceptaram-no; pelo estado dos pneus do carro, percebe-se que ter\u00e3o sido usados tapetes com pregos para o travar.<\/p>\n<p>Aberto o porta-bagagens estava um &#8220;pr\u00e9mio&#8221; de 450 quilos de resina de cannabis devidamente acondicionados em sacos desportivos.<\/p>\n<p>A investiga\u00e7\u00e3o acelerou nos dias seguintes com a captura dos tr\u00eas indiv\u00edduos que iam a bordo do &#8220;carro-batedor&#8221;, estando ainda por identificarem poss\u00edveis c\u00famplices em Espanha e Fran\u00e7a.<\/p>\n<p>J\u00e1 segue o <strong>Aquela M\u00e1quina no <a href=\"https:\/\/www.instagram.com\/aquelamaquina\/\" target=\"_blank\" rel=\"noopener nofollow\">Instagram<\/a>?<\/strong><\/p>\n<p>&#13;<br \/>\n        <script async src=\"\/\/www.instagram.com\/embed.js\"><\/script><\/p>\n","protected":false},"excerpt":{"rendered":"Que os traficantes de droga est\u00e3o mais audazes (e perigosos!) n\u00e3o \u00e9 segredo nenhum mas in\u00e9dito \u00e9 encherem&hellip;\n","protected":false},"author":2,"featured_media":133298,"comment_status":"","ping_status":"","sticky":false,"template":"","format":"standard","meta":{"footnotes":""},"categories":[8],"tags":[27,28,2624,15,16,208,14,4235,25,26,21,22,12,13,19,20,1086,32,23,24,33,17,18,29,30,31],"class_list":{"0":"post-133297","1":"post","2":"type-post","3":"status-publish","4":"format-standard","5":"has-post-thumbnail","7":"category-principais-noticias","8":"tag-breaking-news","9":"tag-breakingnews","10":"tag-droga","11":"tag-featured-news","12":"tag-featurednews","13":"tag-franca","14":"tag-headlines","15":"tag-insolito","16":"tag-latest-news","17":"tag-latestnews","18":"tag-main-news","19":"tag-mainnews","20":"tag-news","21":"tag-noticias","22":"tag-noticias-principais","23":"tag-noticiasprincipais","24":"tag-policia","25":"tag-portugal","26":"tag-principais-noticias","27":"tag-principaisnoticias","28":"tag-pt","29":"tag-top-stories","30":"tag-topstories","31":"tag-ultimas","32":"tag-ultimas-noticias","33":"tag-ultimasnoticias"},"share_on_mastodon":{"url":"https:\/\/pubeurope.com\/@pt\/115465708128911707","error":""},"_links":{"self":[{"href":"https:\/\/www.europesays.com\/pt\/wp-json\/wp\/v2\/posts\/133297","targetHints":{"allow":["GET"]}}],"collection":[{"href":"https:\/\/www.europesays.com\/pt\/wp-json\/wp\/v2\/posts"}],"about":[{"href":"https:\/\/www.europesays.com\/pt\/wp-json\/wp\/v2\/types\/post"}],"author":[{"embeddable":true,"href":"https:\/\/www.europesays.com\/pt\/wp-json\/wp\/v2\/users\/2"}],"replies":[{"embeddable":true,"href":"https:\/\/www.europesays.com\/pt\/wp-json\/wp\/v2\/comments?post=133297"}],"version-history":[{"count":0,"href":"https:\/\/www.europesays.com\/pt\/wp-json\/wp\/v2\/posts\/133297\/revisions"}],"wp:featuredmedia":[{"embeddable":true,"href":"https:\/\/www.europesays.com\/pt\/wp-json\/wp\/v2\/media\/133298"}],"wp:attachment":[{"href":"https:\/\/www.europesays.com\/pt\/wp-json\/wp\/v2\/media?parent=133297"}],"wp:term":[{"taxonomy":"category","embeddable":true,"href":"https:\/\/www.europesays.com\/pt\/wp-json\/wp\/v2\/categories?post=133297"},{"taxonomy":"post_tag","embeddable":true,"href":"https:\/\/www.europesays.com\/pt\/wp-json\/wp\/v2\/tags?post=133297"}],"curies":[{"name":"wp","href":"https:\/\/api.w.org\/{rel}","templated":true}]}}