{"id":133438,"date":"2025-10-31T02:24:10","date_gmt":"2025-10-31T02:24:10","guid":{"rendered":"https:\/\/www.europesays.com\/pt\/133438\/"},"modified":"2025-10-31T02:24:10","modified_gmt":"2025-10-31T02:24:10","slug":"emma-thompson-e-blade-runner-o-que-ver-nesta-sexta-30-10-2025-ilustrada","status":"publish","type":"post","link":"https:\/\/www.europesays.com\/pt\/133438\/","title":{"rendered":"Emma Thompson e &#8216;Blade Runner&#8217;: o que ver nesta sexta &#8211; 30\/10\/2025 &#8211; Ilustrada"},"content":{"rendered":"<p>&#8220;Mist\u00e9rio em Cemetery Road&#8221; \u00e9 um thriller baseado nos livros &#8220;Zo\u00eb Boehm&#8221;, do mesmo autor de &#8220;<a href=\"https:\/\/www1.folha.uol.com.br\/ilustrada\/2024\/09\/slow-horses-e-reality-show-selvagem-o-que-ver-na-tv-e-no-streaming-nesta-quarta.shtml\" rel=\"nofollow noopener\" target=\"\">Slow Horses<\/a>&#8220;, Mick Herron. Ambientada na cidade de <a href=\"https:\/\/www1.folha.uol.com.br\/fsp\/turismo\/fx050115.htm\" rel=\"nofollow noopener\" target=\"\">Oxford<\/a>, tranquila \u00e0 primeira vista, a s\u00e9rie mostra uma casa que explode e uma menina que desaparece. Uma vizinha, papel de <a href=\"https:\/\/f5.folha.uol.com.br\/celebridades\/2022\/12\/ruth-wilson-afirma-que-nao-quer-se-casar-nao-acredito-em-instituicoes.shtml\" rel=\"nofollow noopener\" target=\"\">Ruth Wilson<\/a>, une for\u00e7as com a investigadora particular Zo\u00eb Boehm, vivida por <a href=\"https:\/\/f5.folha.uol.com.br\/cinema-e-series\/2022\/06\/emma-thompson-fala-sobre-o-desafio-de-aparecer-nua-na-tela-aos-63-anos.shtml\" rel=\"nofollow noopener\" target=\"\">Emma Thompson<\/a>, para descobrir o que aconteceu. Ela ent\u00e3o se envolve em uma teia de segredos que revelam um crime muito maior.<\/p>\n<p><strong>Onde ver<\/strong>: Apple TV+, 16 anos<\/p>\n<p>Efeito Casa Branca<\/p>\n<p><strong>Onde ver<\/strong>: Netflix, 12 anos<\/p>\n<p>O document\u00e1rio, que fez parte da <a href=\"https:\/\/www1.folha.uol.com.br\/ilustrada\/2025\/05\/filme-o-efeito-casa-branca-revisita-bastidor-politico-da-discussao-climatica-nos-eua.shtml\" rel=\"nofollow noopener\" target=\"\">Mostra Ecofalante<\/a> e do <a href=\"https:\/\/www1.folha.uol.com.br\/folha-topicos\/festival-do-rio\/\" rel=\"nofollow noopener\" target=\"\">Festival do Rio<\/a>, revisita uma batalha pol\u00edtica dentro governo americano de <a href=\"https:\/\/www1.folha.uol.com.br\/mundo\/2018\/12\/ex-presidente-americano-george-bush-morre-aos-94-anos.shtml\" rel=\"nofollow noopener\" target=\"\">George H.W. Bush<\/a>, de 1988 a 1992, e os momentos decisivos que definiram a crise clim\u00e1tica que enfrentamos hoje.<\/p>\n<p>Hotel Hazbin<\/p>\n<p><strong>Onde ver<\/strong>: Prime V\u00eddeo, 16 anos<\/p>\n<p>Vivienne Medrano criou a s\u00e9rie baseada em um piloto de anima\u00e7\u00e3o no <a href=\"https:\/\/www1.folha.uol.com.br\/mercado\/2025\/10\/youtube-desafia-grandes-estudios-atraves-de-criadores-de-conteudo-sao-a-nova-hollywood.shtml\" rel=\"nofollow noopener\" target=\"\">YouTube<\/a> que rapidamente conquistou uma f\u00e3s fervorosos. Misturando humor adulto, n\u00fameros musicais e uma anima\u00e7\u00e3o maximalista, o universo original chega \u00e0 segunda temporada.<\/p>\n<p>Rio Sob o Luar<\/p>\n<p><strong>Onde ver<\/strong>: Viki, 14 anos<\/p>\n<p>O novo dorama produzido pela plataforma mistura fantasia e romance de \u00e9poca, ambientado na dinastia de Joseon. Conta a hist\u00f3ria de um pr\u00edncipe que perde sua princesa ap\u00f3s uma trag\u00e9dia e quer vingan\u00e7a. S\u00e3o 15 epis\u00f3dios estrelados por Kang Tae-oh, de &#8220;Uma Advogada Extraordin\u00e1ria&#8221;.<\/p>\n<p>Blade Runner \u2013 O Ca\u00e7ador de Androides<\/p>\n<p><strong>Onde ver<\/strong>: HBO Max, 14 anos<\/p>\n<p>Lan\u00e7ado em 1982, o filme de <a href=\"https:\/\/www1.folha.uol.com.br\/ilustrada\/2024\/11\/por-que-gladiador-2-e-uma-sequencia-pela-qual-ridley-scott-achou-que-valia-lutar.shtml\" rel=\"nofollow noopener\" target=\"\">Ridley Scott<\/a> teve grande impacto. Inspirado no livro de <a href=\"https:\/\/www1.folha.uol.com.br\/fsp\/ilustrad\/fq1203200408.htm\" rel=\"nofollow noopener\" target=\"\">Philip K. Dick<\/a> e com trilha de <a href=\"https:\/\/www1.folha.uol.com.br\/ilustrada\/2022\/05\/morre-vangelis-musico-de-blade-runner-e-carruagens-de-fogo-aos-79-anos.shtml\" rel=\"nofollow noopener\" target=\"\">Vangelis<\/a>, combina <a href=\"https:\/\/www1.folha.uol.com.br\/ilustrada\/2025\/05\/ida-lupino-redefiniu-os-codigos-do-noir-com-sua-visao-social-agucada.shtml\" rel=\"nofollow noopener\" target=\"\">noir <\/a>futurista e dilemas existenciais. Em uma <a href=\"https:\/\/www1.folha.uol.com.br\/folha-topicos\/los-angeles\/\" rel=\"nofollow noopener\" target=\"\">Los Angeles<\/a> chuvosa e decadente, Rick, papel de <a href=\"https:\/\/www1.folha.uol.com.br\/folha-topicos\/harrison-ford\/\" rel=\"nofollow noopener\" target=\"\">Harrison Ford<\/a>, persegue androides fugitivos enquanto confronta sua humanidade.<\/p>\n<p>Maratona Dia das Bruxas<\/p>\n<p><strong>Onde ver<\/strong>: Telecine Fun, a partir de 18h45, livre<\/p>\n<p>O canal faz uma maratona com quatro filmes infantis ambientados em universos assustadores: &#8220;Pluft, o Fantasminha&#8221;, \u00e0s 18h45, &#8220;<a href=\"https:\/\/www1.folha.uol.com.br\/ilustrada\/2018\/07\/com-cenas-freneticas-hotel-transilvania-3-faz-plateia-se-remexer-na-poltrona.shtml\" rel=\"nofollow noopener\" target=\"\">Hotel Transilv\u00e2nia 3: F\u00e9rias Monstruosas<\/a>&#8220;, \u00e0s 20h20, &#8220;Conven\u00e7\u00e3o das Bruxas&#8221;, \u00e0s 22h, e &#8220;<a href=\"https:\/\/www1.folha.uol.com.br\/webstories\/cultura\/2022\/03\/a-historia-de-a-familia-addams\/\" rel=\"nofollow noopener\" target=\"\">A Fam\u00edlia Addams<\/a> 2: P\u00e9 na Estrada&#8221;, \u00e0s 23h40.<\/p>\n<p><strong>Onde ver<\/strong>: GloboNews, 23h30, livre<\/p>\n<p>O economista, professor, escritor e membro da <a href=\"https:\/\/www1.folha.uol.com.br\/folha-topicos\/abl\/\" rel=\"nofollow noopener\" target=\"\">Academia Brasileira de Letras<\/a> <a href=\"https:\/\/www1.folha.uol.com.br\/ilustrada\/2025\/06\/eduardo-giannetti-estimula-a-imaginar-a-propria-morte-em-ensaios-sobre-finitude.shtml\" rel=\"nofollow noopener\" target=\"\">Eduardo Gianetti<\/a> fala com <a href=\"https:\/\/www1.folha.uol.com.br\/colunas\/mariosergioconti\/\" rel=\"nofollow noopener\" target=\"\">Mario Sergio Conti<\/a> sobre seu livro mais recente, &#8220;Imortalidades&#8221;, no qual aborda a afirma\u00e7\u00e3o da vida e o desejo humano de superar a finitude da exist\u00eancia.<\/p>\n","protected":false},"excerpt":{"rendered":"&#8220;Mist\u00e9rio em Cemetery Road&#8221; \u00e9 um thriller baseado nos livros &#8220;Zo\u00eb Boehm&#8221;, do mesmo autor de &#8220;Slow Horses&#8220;,&hellip;\n","protected":false},"author":2,"featured_media":133439,"comment_status":"","ping_status":"","sticky":false,"template":"","format":"standard","meta":{"footnotes":""},"categories":[140],"tags":[5681,30170,470,14631,114,115,147,148,236,753,4641,13359,30171,1428,7533,1627,146,1623,716,32,1587,33,15323,941,940,218],"class_list":{"0":"post-133438","1":"post","2":"type-post","3":"status-publish","4":"format-standard","5":"has-post-thumbnail","7":"category-filmes","8":"tag-a-familia-addams","9":"tag-blade-runner","10":"tag-cinema","11":"tag-emma-thompson","12":"tag-entertainment","13":"tag-entretenimento","14":"tag-film","15":"tag-filmes","16":"tag-folha","17":"tag-globo","18":"tag-globonews","19":"tag-halloween","20":"tag-harrison-ford","21":"tag-jornalismo","22":"tag-mario-sergio-conti","23":"tag-max","24":"tag-movies","25":"tag-multitela","26":"tag-netflix","27":"tag-portugal","28":"tag-prime-video","29":"tag-pt","30":"tag-ridley-scott","31":"tag-series","32":"tag-streaming","33":"tag-televisao"},"share_on_mastodon":{"url":"https:\/\/pubeurope.com\/@pt\/115466408129141635","error":""},"_links":{"self":[{"href":"https:\/\/www.europesays.com\/pt\/wp-json\/wp\/v2\/posts\/133438","targetHints":{"allow":["GET"]}}],"collection":[{"href":"https:\/\/www.europesays.com\/pt\/wp-json\/wp\/v2\/posts"}],"about":[{"href":"https:\/\/www.europesays.com\/pt\/wp-json\/wp\/v2\/types\/post"}],"author":[{"embeddable":true,"href":"https:\/\/www.europesays.com\/pt\/wp-json\/wp\/v2\/users\/2"}],"replies":[{"embeddable":true,"href":"https:\/\/www.europesays.com\/pt\/wp-json\/wp\/v2\/comments?post=133438"}],"version-history":[{"count":0,"href":"https:\/\/www.europesays.com\/pt\/wp-json\/wp\/v2\/posts\/133438\/revisions"}],"wp:featuredmedia":[{"embeddable":true,"href":"https:\/\/www.europesays.com\/pt\/wp-json\/wp\/v2\/media\/133439"}],"wp:attachment":[{"href":"https:\/\/www.europesays.com\/pt\/wp-json\/wp\/v2\/media?parent=133438"}],"wp:term":[{"taxonomy":"category","embeddable":true,"href":"https:\/\/www.europesays.com\/pt\/wp-json\/wp\/v2\/categories?post=133438"},{"taxonomy":"post_tag","embeddable":true,"href":"https:\/\/www.europesays.com\/pt\/wp-json\/wp\/v2\/tags?post=133438"}],"curies":[{"name":"wp","href":"https:\/\/api.w.org\/{rel}","templated":true}]}}