{"id":133454,"date":"2025-10-31T02:38:09","date_gmt":"2025-10-31T02:38:09","guid":{"rendered":"https:\/\/www.europesays.com\/pt\/133454\/"},"modified":"2025-10-31T02:38:09","modified_gmt":"2025-10-31T02:38:09","slug":"a-propria-carne-filme-de-terror-brasileiro-traz-ambientacao-na-guerra-do-paraguai","status":"publish","type":"post","link":"https:\/\/www.europesays.com\/pt\/133454\/","title":{"rendered":"A Pr\u00f3pria Carne: Filme de terror brasileiro traz ambienta\u00e7\u00e3o na Guerra do Paraguai"},"content":{"rendered":"<p>Ocorrida entre 1864 e 1870, a <a href=\"https:\/\/aventurasnahistoria.com.br\/noticias\/desventuras\/quando-o-exercito-brasileiro-tirou-vida-de-criancas-paraguaias.phtml\" rel=\"nofollow noopener\" target=\"_blank\">Guerra do Paraguai<\/a> foi o maior conflito armado internacional vivido na Am\u00e9rica Latina. Motivado pelos choques de interesses entre as na\u00e7\u00f5es platinas em quest\u00f5es pol\u00edticas, econ\u00f4micas e territoriais, Brasil, Argentina e Uruguai se juntaram em uma luta contra os paraguaios.<\/p>\n<p>O resultado foi um verdadeiro massacre, visto que o Paraguai teve mais da metade de sua popula\u00e7\u00e3o morta no conflito: cerca de 300 mil perdas \u2014 das mais de 400 mil que totalizaram a guerra.<\/p>\n<p><a href=\"https:\/\/aventurasnahistoria.com.br\/noticias\/desventuras\/o-soldado-brasileiro-de-113-anos-que-lutou-na-guerra-do-paraguai.phtml\" rel=\"nofollow noopener\" target=\"_blank\">+ O soldado brasileiro de 113 anos que lutou na Guerra do Paraguai<\/a><\/p>\n<p>E \u00e9 neste pano de fundo que se passa o longa de terror brasileiro \u201cA Pr\u00f3pria Carne\u201d, que estreia hoje, 30, nas redes Cinemark de todo o Brasil.<\/p>\n<p>Dirigido por <strong>Ian SBF<\/strong> (um dos criadores do Porta dos Fundos) e produzido por <strong>Deive Pazos<\/strong> e <strong>Alexandre Ottoni<\/strong> (do Jovem Nerd), a produ\u00e7\u00e3o acompanha a chegada de tr\u00eas soldados desertores em uma casa isolada na floresta.<\/p>\n<p>O que parecia ser um ref\u00fagio seguro logo se torna um cen\u00e1rio de pesadelo, conforme os fugitivos descobrem que o fazendeiro misterioso e a jovem que moram no local escondem segredos macabros.<\/p>\n<blockquote>\n<p>Tr\u00eas soldados desertores durante a Guerra do Paraguai, em 1870, cada um lutando pela sobreviv\u00eancia \u00e0 sua maneira, encontram uma casa isolada na fronteira, habitada apenas por um fazendeiro misterioso e uma jovem. O que parecia ser um ref\u00fagio seguro se transforma em um pesadelo aterrorizante quando os soldados descobrem que a casa esconde segredos macabros, confrontando-os com um destino ainda mais horr\u00edvel do que a guerra da qual fugiram\u201d, apresenta a sinopse do filme.<\/p>\n<p>\u00a0<\/p>\n<\/blockquote>\n<p>Em entrevista exclusiva \u00e0 equipe do Aventuras, <strong>Ian<\/strong> e<strong> Alexandre<\/strong> contam que a ideia da parceria surgiu a partir da amizade de longa data do trio. \u201cEu acho que foi um momento perfeito para n\u00f3s tr\u00eas, porque eu acho que a gente chegou num momento onde a gente queria fazer a mesma coisa. Eles estavam super com vontade de fazer cinema, eles j\u00e1 fazem muita coisa fora do Jovem Nerd. Eles estavam fazendo coisas incr\u00edveis l\u00e1, no Spotify, em \u00e1udio, e eu acho que era o movimento natural deles\u201d, aponta o diretor.<\/p>\n<p>\u201cE eu tamb\u00e9m fa\u00e7o muito, fiz muita com\u00e9dia, fiz muitas outras coisas, e eu estava com muita vontade, em algum momento, de chegar no terror. E tanto que eu tinha j\u00e1 um primeiro tratamento escrito. Ent\u00e3o eu acho que a vida deles e a minha, e as coisas tamb\u00e9m que a gente j\u00e1 fazia junto, aos pouquinhos, acho que tudo foi nesse momento que a gente chegou e aconteceu isso\u201d.<\/p>\n<p>Confira abaixo a entrevista na \u00edntegra com <strong>Ian SBF<\/strong> e <strong>Alexandre Ottoni<\/strong>!<\/p>\n<p> O filme tem uma est\u00e9tica muito claustrof\u00f3bica, voc\u00ea tem tens\u00e3o a todo momento acontecendo. Qual o motivo da escolha dessa est\u00e9tica do filme e por que trazer o terror para essa hist\u00f3ria? <\/p>\n<p><strong>Ian:<\/strong> \u201cMais do que claustrof\u00f3bico, a palavra que a gente tinha para esse filme sempre foi a opress\u00e3o.<\/p>\n<blockquote>\n<p>A gente queria trazer um ambiente opressivo \u2014 e opressivo de todas as formas. E claro que um personagem negro em 1870, se tem algu\u00e9m que podia se sentir ofendido nessa \u00e9poca, era essa pessoa.<\/p>\n<\/blockquote>\n<p>Ent\u00e3o ele \u00e9 um escravizado, que para se libertar ele vai para a guerra, como acontecia com muitos escravizados naquela \u00e9poca, uma coisa que n\u00e3o se comenta muito.<\/p>\n<p>Nesse ambiente, ele est\u00e1 numa guerra em 1870, uma carnificina, a opress\u00e3o dessa guerra, muitos fugiam, tentavam desertar, ele deserta junto com outros, e agora ele \u00e9 um desertor, ent\u00e3o essa opress\u00e3o que ele est\u00e1 ali.<\/p>\n<p>Ele chega numa casa misteriosa no meio do nada, onde, obviamente, um senhor velho, um fazendeiro completamente racista \u2014 como provavelmente seria aquela pessoa naquela posi\u00e7\u00e3o naquela \u00e9poca \u2014; e ainda temos a opress\u00e3o de todo o ambiente sobrenatural, tamb\u00e9m que come\u00e7a a acontecer em certo momento. Ou seja, n\u00e3o tem para onde fugir, \u00e9 uma armadilha constante que eles n\u00e3o t\u00eam o que fazer.<\/p>\n<p>\t <img loading=\"lazy\" decoding=\"async\" class=\"size-full wp-image-209052 img-fluid lazy\" alt=\"\" width=\"1000\" height=\"425\" src=\"https:\/\/www.europesays.com\/pt\/wp-content\/uploads\/2025\/10\/Copia-de-A-Propria-Carne-1.jpeg\"  \/>A Pr\u00f3pria Carne \u2013 Divulga\u00e7\u00e3o <\/p>\n<p>Tem uma cena que amo no filme: os dois soldados sentados no descampado, e eles est\u00e3o ouvindo a guerra em volta, e a guerra n\u00e3o para nunca, e eles n\u00e3o sabem de onde vem o barulho da guerra. Eles n\u00e3o sabem se vem do oeste, se vem do leste, eles ficam completamente perdidos. E \u00e9 uma coisa que trouxemos para o filme: a falta da no\u00e7\u00e3o espacial e temporal.<\/p>\n<p>A gente queria que o espectador sentisse a mesma coisa que os soldados, que \u00e9: eu estou num lugar, num ambiente onde eu n\u00e3o tenho para onde fugir, eu n\u00e3o tenho para onde ir, se eu saio daqui eu morro, se eu fico aqui eu morro.<\/p>\n<p>Ent\u00e3o, a gente at\u00e9 mudou toda a geografia do lugar, voc\u00ea n\u00e3o sabe se a pessoa entrou por esse lugar para casa. E dentro da casa \u00e9 a mesma coisa, a gente tinha at\u00e9 tapadeiras que a gente mudava para o espectador n\u00e3o entender a geografia da casa, a estrutura da casa.<\/p>\n<p>\u00c9 para voc\u00ea ter esse sentimento sempre de estar perdido e numa armadilha igual os soldados\u201d.<\/p>\n<p><strong>Alexandre:<\/strong> \u201c\u00c9 meio que num labirinto, a c\u00e9u aberto, sem paredes, mas \u00e9 um labirinto\u201d.<\/p>\n<p>  O filme \u00e9 ambientado na Guerra do Paraguai, que \u00e9 o maior conflito armado sul-americano, s\u00f3 que apesar dessa import\u00e2ncia hist\u00f3rica, existe um material muito escasso sobre. Como foi o processo de pesquisa sobre esse per\u00edodo da nossa hist\u00f3ria?\u00a0 Algo, durante essa pesquisa, surpreendeu voc\u00eas? <\/p>\n<p><strong>Ian:<\/strong> \u201cAs pessoas sempre perguntam para a gente por que esse per\u00edodo hist\u00f3rico.<\/p>\n<p>Um: eu acho que sempre vem da vontade de falar disso, porque, \u00f3bvio que tem filmes brasileiros que j\u00e1 falaram, n\u00e3o \u00e9 como se a gente n\u00e3o tivesse feito nada, mas eu acho que \u00e9 absurdamente pouco explorado, at\u00e9 no nosso filme mesmo. N\u00e3o \u00e9 um filme hist\u00f3rico, ele se passa durante a Guerra do Paraguai, como v\u00e1rios outros filmes, a gente usa como pano de fundo, porque \u00e9 um pano de fundo aterrorizador.<\/p>\n<blockquote>\n<p>Por que n\u00e3o fazer? Essa \u00e9 a pergunta: por que n\u00e3o fazer um filme de terror numa \u00e9poca, provavelmente na pior \u00e9poca da Am\u00e9rica Latina, e foi a maior guerra da hist\u00f3ria recente que a gente tem, quase 400 mil pessoas mortas. Ent\u00e3o \u00e9 o melhor ambiente para voc\u00ea fazer um filme de terror.<\/p>\n<\/blockquote>\n<p>E eu acho que a gente sempre teve essa vontade. O Jovem Nerd adora abordar momentos hist\u00f3ricos, diferentes e interessantes, e eu tamb\u00e9m queria muito falar da Guerra do Paraguai, ent\u00e3o acho que foi um momento prop\u00edcio.<\/p>\n<p>Mas acho que a gente usa muito mais a guerra para criar o clima, e espero que com o filme as pessoas procurem saber, procurem conhecer um pouquinho mais a guerra. A gente quer instigar um pouquinho.<\/p>\n<p>Ent\u00e3o acho que \u00e9 isso, a gente levanta \u2014 eu n\u00e3o digo nenhum debate, que n\u00e3o \u00e9 um debate \u2014 interesse para as pessoas irem atr\u00e1s e procurarem. Do mesmo jeito que a gente conhece mais a Guerra Civil Americana do que a gente conhece muito da nossa hist\u00f3ria\u201d.<\/p>\n<p> <img loading=\"lazy\" decoding=\"async\" class=\"size-full wp-image-209049 img-fluid lazy\" alt=\"\" width=\"1200\" height=\"676\" src=\"https:\/\/www.europesays.com\/pt\/wp-content\/uploads\/2025\/10\/00103049.jpg\"  \/>A Pr\u00f3pria Carne \u2013 Divulga\u00e7\u00e3o <\/p>\n<p><strong>Alexandre<\/strong>: \u201c\u00c9 isso, tudo por causa de cultura, de soft power, de filme, etc.<\/p>\n<p>Isso que o Ian falou, a gente sabe mais a hist\u00f3ria dos outros do que a nossa pr\u00f3pria hist\u00f3ria. N\u00e3o \u00e9 porque a gente leu ou estudou mais a hist\u00f3ria de outros pa\u00edses, na escola ou etc., por conta pr\u00f3pria. Mas porque a gente \u00e9 atingido por cultura, a gente \u00e9 atingido por filmes e hist\u00f3rias, a gente aprende com hist\u00f3rias.<\/p>\n<p>Ent\u00e3o, apesar da gente nem se propor a fazer um coment\u00e1rio geopol\u00edtico de \u201cpor que aconteceu isso\u201d, a gente faz o Nerdcast da Guerra do Paraguai, que a gente publicou o ano passado.<\/p>\n<p>Mas a hist\u00f3ria da Guerra do Paraguai est\u00e1 principalmente dentro da mente dos personagens que est\u00e3o ali. Ela produz o tipo de perspectiva e de falta de esperan\u00e7a que aqueles personagens t\u00eam.<\/p>\n<p>E ela dirige os personagens para o \u00e2mago da hist\u00f3ria que a gente conta. E quando a gente \u00e9 atingido por isso, com esse pano de fundo, a gente adora hist\u00f3rias, a gente adora saber o que acontece.<\/p>\n<p>Por mais que a gente esteja falando de uma hist\u00f3ria superfict\u00edcia de terror, s\u00f3 pelo fato da gente construir uns personagens t\u00e3o legais que est\u00e3o trazendo esse peso invis\u00edvel dentro do roteiro, mas que est\u00e3o nos personagens desse momento hist\u00f3rico, a gente acha que \u00e9 uma boa forma da a gente tamb\u00e9m apresentar, ou reapresentar, ou reaquecer o assunto na mente das pessoas para que estude a verdadeira hist\u00f3ria que faz parte da nossa sociedade\u201d.<\/p>\n<p>        <a href=\"https:\/\/aventurasnahistoria.com.br\/noticias\/author\/fabio-previdelli\" rel=\"nofollow noopener\" target=\"_blank\">&#13;<br \/>\n          <img loading=\"lazy\" decoding=\"async\" alt=\"Fabio Previdelli\" src=\"https:\/\/www.europesays.com\/pt\/wp-content\/uploads\/2025\/10\/1704807017974.jpg\" class=\"avatar avatar-115 photo rounded-circle\" height=\"115\" width=\"115\"\/>        <\/a><\/p>\n<p>Jornalista de forma\u00e7\u00e3o, curioso de nascen\u00e7a, escrevo desde eventos hist\u00f3ricos at\u00e9 personagens \u00fanicos e inspiradores. Entusiasta por entender a sociedade atrav\u00e9s do esporte. Vez ou outra voc\u00ea tamb\u00e9m pode me achar no impresso!<\/p>\n","protected":false},"excerpt":{"rendered":"Ocorrida entre 1864 e 1870, a Guerra do Paraguai foi o maior conflito armado internacional vivido na Am\u00e9rica&hellip;\n","protected":false},"author":2,"featured_media":133455,"comment_status":"","ping_status":"","sticky":false,"template":"","format":"standard","meta":{"footnotes":""},"categories":[140],"tags":[23603,30172,726,470,4056,114,115,741,147,471,148,30173,736,30174,30175,146,32,33,1660],"class_list":{"0":"post-133454","1":"post","2":"type-post","3":"status-publish","4":"format-standard","5":"has-post-thumbnail","7":"category-filmes","8":"tag-a-propria-carne","9":"tag-alexandre-ottoni","10":"tag-brasil","11":"tag-cinema","12":"tag-curiosidade","13":"tag-entertainment","14":"tag-entretenimento","15":"tag-entrevista","16":"tag-film","17":"tag-filme","18":"tag-filmes","19":"tag-guerra-do-paraguai","20":"tag-historia","21":"tag-ian-sbt","22":"tag-jovem-nerd","23":"tag-movies","24":"tag-portugal","25":"tag-pt","26":"tag-terror"},"share_on_mastodon":{"url":"https:\/\/pubeurope.com\/@pt\/115466463252392375","error":""},"_links":{"self":[{"href":"https:\/\/www.europesays.com\/pt\/wp-json\/wp\/v2\/posts\/133454","targetHints":{"allow":["GET"]}}],"collection":[{"href":"https:\/\/www.europesays.com\/pt\/wp-json\/wp\/v2\/posts"}],"about":[{"href":"https:\/\/www.europesays.com\/pt\/wp-json\/wp\/v2\/types\/post"}],"author":[{"embeddable":true,"href":"https:\/\/www.europesays.com\/pt\/wp-json\/wp\/v2\/users\/2"}],"replies":[{"embeddable":true,"href":"https:\/\/www.europesays.com\/pt\/wp-json\/wp\/v2\/comments?post=133454"}],"version-history":[{"count":0,"href":"https:\/\/www.europesays.com\/pt\/wp-json\/wp\/v2\/posts\/133454\/revisions"}],"wp:featuredmedia":[{"embeddable":true,"href":"https:\/\/www.europesays.com\/pt\/wp-json\/wp\/v2\/media\/133455"}],"wp:attachment":[{"href":"https:\/\/www.europesays.com\/pt\/wp-json\/wp\/v2\/media?parent=133454"}],"wp:term":[{"taxonomy":"category","embeddable":true,"href":"https:\/\/www.europesays.com\/pt\/wp-json\/wp\/v2\/categories?post=133454"},{"taxonomy":"post_tag","embeddable":true,"href":"https:\/\/www.europesays.com\/pt\/wp-json\/wp\/v2\/tags?post=133454"}],"curies":[{"name":"wp","href":"https:\/\/api.w.org\/{rel}","templated":true}]}}