{"id":133462,"date":"2025-10-31T02:49:18","date_gmt":"2025-10-31T02:49:18","guid":{"rendered":"https:\/\/www.europesays.com\/pt\/133462\/"},"modified":"2025-10-31T02:49:18","modified_gmt":"2025-10-31T02:49:18","slug":"eua-atacam-embarcacao-com-narcoticos-no-pacifico-oriental-observador","status":"publish","type":"post","link":"https:\/\/www.europesays.com\/pt\/133462\/","title":{"rendered":"EUA atacam embarca\u00e7\u00e3o com narc\u00f3ticos no Pac\u00edfico Oriental \u2013 Observador"},"content":{"rendered":"<p>Desta vez n\u00e3o foi nas Cara\u00edbas. Esta quarta-feira, os Estados Unidos da Am\u00e9rica (EUA) lan\u00e7aram um ataque \u201cletal e cin\u00e9tico\u201d contra uma \u201cembarca\u00e7\u00e3o de narcotraficantes operada por uma organiza\u00e7\u00e3o terrorista\u201d no <strong>Pac\u00edfico Oriental<\/strong>.<\/p>\n<p>O an\u00fancio foi feito pelo secret\u00e1rio da Defesa, Pete Hegseth. No X, o governante real\u00e7ou que a ordem foi dada pelo Presidente norte-americano, Donald Trump. \u201cEsta embarca\u00e7\u00e3o, tal como todas as outras, era conhecida pelos nossos servi\u00e7os de informa\u00e7\u00f5es por estar envolvida no contrabando de narc\u00f3ticos\u201d, afirmou o l\u00edder do Pent\u00e1gono, acrescentando que o navio usava uma \u201crota conhecida pelo narcotr\u00e1fico e transportava narc\u00f3ticos\u201d.<\/p>\n<blockquote class=\"twitter-tweet\" data-width=\"500\" data-dnt=\"true\">\n<p lang=\"en\" dir=\"ltr\">Earlier today, at the direction of President Trump, the Department of War carried out a lethal kinetic strike on yet another narco-trafficking vessel operated by a Designated Terrorist Organization (DTO) in the Eastern Pacific. <\/p>\n<p>This vessel, like all the others, was known by our\u2026 <a href=\"https:\/\/t.co\/mBOLA5RYQe\" rel=\"nofollow\">pic.twitter.com\/mBOLA5RYQe<\/a><\/p>\n<p>\u2014 Secretary of War Pete Hegseth (@SecWar) <a href=\"https:\/\/twitter.com\/SecWar\/status\/1983676996220588093?ref_src=twsrc%5Etfw\" rel=\"nofollow noopener\" target=\"_blank\">October 29, 2025<\/a><\/p>\n<\/blockquote>\n<p>Quatro homens \u201cforam mortos na embarca\u00e7\u00e3o\u201d, prosseguiu Pete Hegseth, que especificou que o ataque ocorreu em \u201c\u00e1guas internacionais\u201d. \u201cNenhum militar dos Estados Unidos ficou ferido neste ataque\u201d, disse.<\/p>\n<p>O secret\u00e1rio da Defesa norte-americano assegurou que o Hemisf\u00e9rio Ocidental n\u00e3o \u00e9 mais um \u201cporto seguro para narcoterroristas para trazer drogas \u00e0 costa [dos Estados Unidos] para envenenar norte-americanos\u201d. \u201cO Departamento de Guerra vai continuar a persegui-los e elimin\u00e1-los onde eles operarem.\u201d<\/p>\n<p>Os Estados Unidos da Am\u00e9rica t\u00eam atacado v\u00e1rias embarca\u00e7\u00f5es no Mar das Cara\u00edbas perto da Venezuela. Mas o das opera\u00e7\u00f5es contra narcotr\u00e1fico \u00e9 mais extenso \u2014 e o ataque a este navio \u00e9 uma prova disso.<\/p>\n<p><strong>[Chegou\u00a0<\/strong><b>o hist\u00f3rico debate entre Soares e Freitas. E o socialista j\u00e1 conseguiu o voto dos\u00a0<\/b><b>comunistas sem \u201colhar para\u00a0o retrato\u201d dele<\/b>.\u00a0<strong>A\u00a0<a href=\"https:\/\/observador.pt\/programas\/a-eleio-mais-louca-de-sempre\/episodio-5-uma-armadilha-em-direto\/\" rel=\"nofollow noopener\" target=\"_blank\">\u201cElei\u00e7\u00e3o Mais Louca de Sempre\u201d<\/a>\u00a0\u00e9 o novo Podcast Plus do Observador sobre as Presidenciais de 1986. Uma s\u00e9rie narrada pelo ator Gon\u00e7alo Waddington, com banda sonora original de Samuel \u00daria. Pode ouvir\u00a0<a href=\"https:\/\/observador.pt\/programas\/a-eleio-mais-louca-de-sempre\/episodio-5-uma-armadilha-em-direto\/\" rel=\"nofollow noopener\" target=\"_blank\">aqui<\/a>, no\u00a0Observador, e tamb\u00e9m na\u00a0<a href=\"https:\/\/podcasts.apple.com\/pt\/podcast\/epis%C3%B3dio-5-uma-armadilha-em-direto\/id1841273464?i=1000733759807\" rel=\"nofollow noopener\" target=\"_blank\">Apple Podcasts<\/a>, no\u00a0<a href=\"https:\/\/open.spotify.com\/episode\/28mDVafMTtrt5QAwWYdye2?si=c6e9dabb29734f15\" rel=\"nofollow noopener\" target=\"_blank\">Spotify<\/a>\u00a0e no\u00a0<a href=\"https:\/\/music.youtube.com\/watch?v=78x1Dlhn7v4&amp;si=O1yv2xMDjId6CreQ\" rel=\"nofollow noopener\" target=\"_blank\">Youtube Music<\/a>. E pode ouvir o primeiro epis\u00f3dio\u00a0<a href=\"https:\/\/observador.pt\/programas\/a-eleio-mais-louca-de-sempre\/estreia-a-eleicao-mais-louca-de-sempre-episodio-1-apostamos-no-cavalo-errado\/\" target=\"_blank\" rel=\"noopener nofollow\">aqui<\/a>,\u00a0o segundo\u00a0<a href=\"https:\/\/observador.pt\/programas\/a-eleio-mais-louca-de-sempre\/episodio-2-uma-traicao-inesperada\/\" target=\"_blank\" rel=\"noopener nofollow\">aqui<\/a>,\u00a0o terceiro\u00a0<a href=\"https:\/\/observador.pt\/programas\/a-eleio-mais-louca-de-sempre\/episodio-3-ele-nao-e-meu-irmao\/\" rel=\"nofollow noopener\" target=\"_blank\">aqui<\/a>\u00a0e o\u00a0<a href=\"https:\/\/observador.pt\/programas\/a-eleio-mais-louca-de-sempre\/episodio-4-portugal-nao-e-moscovo\/\" rel=\"nofollow noopener\" target=\"_blank\">quarto<\/a>\u00a0aqui]<\/strong><\/p>\n<p><a href=\"https:\/\/observador.pt\/programas\/a-eleio-mais-louca-de-sempre\/episodio-5-uma-armadilha-em-direto\/\" target=\"_blank\" rel=\"noopener nofollow\"><\/p>\n<p>        <img src=\"https:\/\/www.europesays.com\/pt\/wp-content\/uploads\/2025\/10\/1761878958_488_770-a-eleicao-mais-louca-de-sempre-playicon.png\" alt=\"\" loading=\"lazy\" decoding=\"async\" class=\"gmail-CToWUd alignnone\" onload=\"this.parentElement.classList.remove('spinner')\" onerror=\"this.parentElement.classList.remove('spinner')\" width=\"770\" height=\"433\"\/>    <\/p>\n<p><\/a><\/p>\n<p>            <script async src=\"https:\/\/platform.twitter.com\/widgets.js\" charset=\"utf-8\"><\/script><\/p>\n","protected":false},"excerpt":{"rendered":"Desta vez n\u00e3o foi nas Cara\u00edbas. Esta quarta-feira, os Estados Unidos da Am\u00e9rica (EUA) lan\u00e7aram um ataque \u201cletal&hellip;\n","protected":false},"author":2,"featured_media":133463,"comment_status":"","ping_status":"","sticky":false,"template":"","format":"standard","meta":{"footnotes":""},"categories":[50],"tags":[624,27,28,623,15,16,14,25,26,21,22,62,12,13,19,20,4497,23,24,17,18,29,30,31,63,64,65],"class_list":{"0":"post-133462","1":"post","2":"type-post","3":"status-publish","4":"format-standard","5":"has-post-thumbnail","7":"category-mundo","8":"tag-amu00e9rica","9":"tag-breaking-news","10":"tag-breakingnews","11":"tag-estados-unidos-da-amu00e9rica","12":"tag-featured-news","13":"tag-featurednews","14":"tag-headlines","15":"tag-latest-news","16":"tag-latestnews","17":"tag-main-news","18":"tag-mainnews","19":"tag-mundo","20":"tag-news","21":"tag-noticias","22":"tag-noticias-principais","23":"tag-noticiasprincipais","24":"tag-presidente-trump","25":"tag-principais-noticias","26":"tag-principaisnoticias","27":"tag-top-stories","28":"tag-topstories","29":"tag-ultimas","30":"tag-ultimas-noticias","31":"tag-ultimasnoticias","32":"tag-world","33":"tag-world-news","34":"tag-worldnews"},"share_on_mastodon":{"url":"https:\/\/pubeurope.com\/@pt\/115466506514717668","error":""},"_links":{"self":[{"href":"https:\/\/www.europesays.com\/pt\/wp-json\/wp\/v2\/posts\/133462","targetHints":{"allow":["GET"]}}],"collection":[{"href":"https:\/\/www.europesays.com\/pt\/wp-json\/wp\/v2\/posts"}],"about":[{"href":"https:\/\/www.europesays.com\/pt\/wp-json\/wp\/v2\/types\/post"}],"author":[{"embeddable":true,"href":"https:\/\/www.europesays.com\/pt\/wp-json\/wp\/v2\/users\/2"}],"replies":[{"embeddable":true,"href":"https:\/\/www.europesays.com\/pt\/wp-json\/wp\/v2\/comments?post=133462"}],"version-history":[{"count":0,"href":"https:\/\/www.europesays.com\/pt\/wp-json\/wp\/v2\/posts\/133462\/revisions"}],"wp:featuredmedia":[{"embeddable":true,"href":"https:\/\/www.europesays.com\/pt\/wp-json\/wp\/v2\/media\/133463"}],"wp:attachment":[{"href":"https:\/\/www.europesays.com\/pt\/wp-json\/wp\/v2\/media?parent=133462"}],"wp:term":[{"taxonomy":"category","embeddable":true,"href":"https:\/\/www.europesays.com\/pt\/wp-json\/wp\/v2\/categories?post=133462"},{"taxonomy":"post_tag","embeddable":true,"href":"https:\/\/www.europesays.com\/pt\/wp-json\/wp\/v2\/tags?post=133462"}],"curies":[{"name":"wp","href":"https:\/\/api.w.org\/{rel}","templated":true}]}}