{"id":133479,"date":"2025-10-31T03:07:11","date_gmt":"2025-10-31T03:07:11","guid":{"rendered":"https:\/\/www.europesays.com\/pt\/133479\/"},"modified":"2025-10-31T03:07:11","modified_gmt":"2025-10-31T03:07:11","slug":"em-madrid-virginia-surge-com-amiga-e-revela-arrependimento-era-melhor","status":"publish","type":"post","link":"https:\/\/www.europesays.com\/pt\/133479\/","title":{"rendered":"Em Madrid, Virginia surge com amiga e revela arrependimento: &#8216;Era melhor&#8217;"},"content":{"rendered":"<p>A influenciadora digital\u00a0<a href=\"https:\/\/caras.com.br\/tags\/virginia-fonseca\" rel=\"nofollow noopener\" target=\"_blank\"><strong>Virginia Fonseca<\/strong><\/a>\u00a0usou\u00a0<a href=\"https:\/\/caras.com.br\/atualidades\/bruna-biancardi-reage-ao-ver-virginia-falando-de-neymar-nao-foi.phtml\" rel=\"nofollow noopener\" target=\"_blank\">as redes sociais<\/a> nesta quinta-feira, 30, para desabafar <a href=\"https:\/\/caras.com.br\/atualidades\/virginia-fonseca-revela-decisao-sobre-sua-vida-pessoal-vai-ser-muito-dificil.phtml\" rel=\"nofollow noopener\" target=\"_blank\">sobre um novo prop\u00f3sito que iniciou.<\/a> Em<a href=\"https:\/\/caras.com.br\/atualidades\/virginia-fonseca-revela-que-vai-montar-guarda-roupa-em-madri.phtml\" rel=\"nofollow noopener\" target=\"_blank\"> Madrid, na Espanha, com a fam\u00edlia, ela<\/a> contou que optou por tomar um ch\u00e1 durante um passeio no shopping \u2014 j\u00e1 que est\u00e1 sem consumir a\u00e7\u00facar \u2014, mas se mostrou arrependida com o pedido.<\/p>\n<p>\u201cEnquanto Dud\u00e3o est\u00e1 com um sorvete maravilhoso, eu estou em um ch\u00e1. Deixa eu falar um trem pra voc\u00eas: era melhor n\u00e3o ter pedido nada. Esquece\u201d, comentou, ao ver a amiga saborear o doce. Na legenda, completou: \u201cA promessa sem a\u00e7\u00facar t\u00e1 puxada\u201d.<\/p>\n<p>Para quem n\u00e3o se lembra, a influenciadora revelou em setembro que iniciou um novo prop\u00f3sito. Desde ent\u00e3o, ela cortou o a\u00e7\u00facar, n\u00e3o usa o celular aos domingos, evita arroz e tamb\u00e9m n\u00e3o consome \u00e1lcool.<\/p>\n<p> <img loading=\"lazy\" decoding=\"async\" class=\"size-full wp-image-1024690 img-fluid lazy\" alt=\"Storie de Virginia - Foto: Reprodu\u00e7\u00e3o \/ Instagram @virginia\" width=\"393\" height=\"699\" src=\"https:\/\/www.europesays.com\/pt\/wp-content\/uploads\/2025\/10\/virginia1-10.jpg\"  \/>Storie de Virginia \u2013 Foto: Reprodu\u00e7\u00e3o \/ Instagram @virginia <img loading=\"lazy\" decoding=\"async\" class=\"size-full wp-image-1024691 img-fluid lazy\" alt=\"Storie de Virginia - Foto: Reprodu\u00e7\u00e3o \/ Instagram @virginia\" width=\"391\" height=\"701\" src=\"https:\/\/www.europesays.com\/pt\/wp-content\/uploads\/2025\/10\/virginia-46.jpg\"  \/>Storie de Virginia \u2013 Foto: Reprodu\u00e7\u00e3o \/ Instagram @virginia O que Virginia falou sobre a promessa? <\/p>\n<p>Em setembro, ela explicou sobre sua decis\u00e3o. \u201cEu comecei um prop\u00f3sito que agora vou ficar sem a\u00e7\u00facar e sem mexer no celular aos domingos. Eu n\u00e3o sei o que eu vou arrumar. Vai ser muito dif\u00edcil para mim. Dos dois. Pensa, eu j\u00e1 t\u00f4 de prop\u00f3sito para n\u00e3o comer arroz e beber \u00e1lcool, e agora vou ficar sem a\u00e7\u00facar e sem mexer no celular no domingo. Socorro, Deus\u201d, desabafou ela na publica\u00e7\u00e3o.<\/p>\n<p>Em outro momento, ela falou sobre a<a href=\"https:\/\/caras.com.br\/atualidades\/virginia-revela-que-adotou-medida-drastica-ate-o-natal-zero.phtml\" rel=\"nofollow noopener\" target=\"_blank\">\u00a0decis\u00e3o de n\u00e3o ingerir bebidas a<\/a>lco\u00f3licas.\u00a0\u201cGalera, para quem est\u00e1 achando que eu estou bebendo, zero \u00e1lcool, t\u00e1 amor? At\u00e9 o Natal, acredite se quiser\u201d,\u00a0disse a influencer.<\/p>\n<p> <img loading=\"lazy\" decoding=\"async\" class=\"size-full wp-image-1020416 img-fluid lazy\" alt=\"Virginia Fonseca\" width=\"1920\" height=\"1080\" src=\"https:\/\/www.europesays.com\/pt\/wp-content\/uploads\/2025\/10\/virginia-fonseca-2.jpg\"  \/>Virginia Fonseca exibe novo visual (Foto: Reprodu\u00e7\u00e3o\/Instagram) Outro prop\u00f3sito <\/p>\n<p>Al\u00e9m disso, em 2023, Virginia fez\u00a0<a href=\"https:\/\/caras.com.br\/atualidades\/apos-fazer-promessa-com-deus-virginia-expoe-dificuldade-de-cumpri-la.phtml\" rel=\"nofollow noopener\" target=\"_blank\">o prop\u00f3sito de n\u00e3o usar o celular durante as sextas-feiras.<\/a>\u00a0Na \u00e9poca, ela desabafou sobre a dificuldade que estava enfrentando.\u00a0\u201cSenti falta demais! Vai de trabalho a lazer. Eu uso o celular para absolutamente tudo\u201d,\u00a0confessou na \u00e9poca.<\/p>\n<p>E ela relatou como lidou com o desafio: \u201cTentei ao m\u00e1ximo distrair minha cabe\u00e7a. O que me ajudou muito foi uma tela terap\u00eautica, que voc\u00ea cola pedrinha por pedrinha! Isso me entreteve bastante\u201d.<\/p>\n<p>Leia tamb\u00e9m:<a href=\"https:\/\/caras.com.br\/bem-estar\/sorriso-de-vini-jr-chama-atencao-em-foto-de-namoro-com-virginia-e-dentista-faz-alerta-ma-oclusao.phtml\" rel=\"nofollow noopener\" target=\"_blank\"> Sorriso de Vini Jr. chama aten\u00e7\u00e3o em foto de namoro com Virginia, e dentista faz alerta: \u2018M\u00e1 oclus\u00e3o\u2019<\/a><\/p>\n<blockquote class=\"instagram-media\" style=\"background: #FFF; border: 0; border-radius: 3px; box-shadow: 0 0 1px 0 rgba(0,0,0,0.5),0 1px 10px 0 rgba(0,0,0,0.15); margin: 1px; max-width: 540px; min-width: 326px; padding: 0; width: calc(100% - 2px);\" data-instgrm-captioned=\"\" data-instgrm-permalink=\"https:\/\/www.instagram.com\/p\/DQaBscWjMIG\/?utm_source=ig_embed&amp;utm_campaign=loading\" data-instgrm-version=\"14\"><\/blockquote>\n<p>\u00a0<\/p>\n<p>        <a href=\"https:\/\/caras.com.br\/autor\/juliana-dracz\" rel=\"nofollow noopener\" target=\"_blank\">&#13;<br \/>\n          <img loading=\"lazy\" decoding=\"async\" alt=\"Juliana Dracz\" src=\"https:\/\/www.europesays.com\/pt\/wp-content\/uploads\/2025\/09\/436551461_2434711450057729_5105646040807821088_n_sqmd.png\" class=\"avatar avatar-115 photo rounded-circle\" height=\"115\" width=\"115\"\/>        <\/a><\/p>\n<p>Juliana Dracz \u00e9 rep\u00f3rter de conte\u00fado do site CARAS. Formada em Jornalismo pela Universidade Cat\u00f3lica de Bras\u00edlia, ela j\u00e1 trabalhou em grandes sites de entretenimento. Atualmente, escreve sobre novelas, celebridades e TV.<\/p>\n<ul class=\"terms-list post_tag list-inline\">\n<li class=\"virginia-fonseca list-inline-item\">\n\t\t\t\t\t<a href=\"https:\/\/caras.com.br\/tags\/virginia-fonseca_3\" class=\"item-category\" rel=\"nofollow noopener\" target=\"_blank\">&#8216;Virginia Fonseca&#8217;<\/a>\n\t\t\t\t<\/li>\n<li class=\"virginia list-inline-item\">\n\t\t\t\t\t<a href=\"https:\/\/caras.com.br\/tags\/virginia_2\" class=\"item-category\" rel=\"nofollow noopener\" target=\"_blank\">&#8216;Virg\u00ednia&#8217;<\/a>\n\t\t\t\t<\/li>\n<\/ul>\n<p>\t                                            <script async src=\"\/\/www.instagram.com\/embed.js\"><\/script><\/p>\n","protected":false},"excerpt":{"rendered":"A influenciadora digital\u00a0Virginia Fonseca\u00a0usou\u00a0as redes sociais nesta quinta-feira, 30, para desabafar sobre um novo prop\u00f3sito que iniciou. Em&hellip;\n","protected":false},"author":2,"featured_media":133480,"comment_status":"","ping_status":"","sticky":false,"template":"","format":"standard","meta":{"footnotes":""},"categories":[145],"tags":[211,210,114,115,32,33,973,1446],"class_list":{"0":"post-133479","1":"post","2":"type-post","3":"status-publish","4":"format-standard","5":"has-post-thumbnail","7":"category-celebridades","8":"tag-celebridades","9":"tag-celebrities","10":"tag-entertainment","11":"tag-entretenimento","12":"tag-portugal","13":"tag-pt","14":"tag-virginia","15":"tag-virginia-fonseca"},"share_on_mastodon":{"url":"https:\/\/pubeurope.com\/@pt\/115466577251249336","error":""},"_links":{"self":[{"href":"https:\/\/www.europesays.com\/pt\/wp-json\/wp\/v2\/posts\/133479","targetHints":{"allow":["GET"]}}],"collection":[{"href":"https:\/\/www.europesays.com\/pt\/wp-json\/wp\/v2\/posts"}],"about":[{"href":"https:\/\/www.europesays.com\/pt\/wp-json\/wp\/v2\/types\/post"}],"author":[{"embeddable":true,"href":"https:\/\/www.europesays.com\/pt\/wp-json\/wp\/v2\/users\/2"}],"replies":[{"embeddable":true,"href":"https:\/\/www.europesays.com\/pt\/wp-json\/wp\/v2\/comments?post=133479"}],"version-history":[{"count":0,"href":"https:\/\/www.europesays.com\/pt\/wp-json\/wp\/v2\/posts\/133479\/revisions"}],"wp:featuredmedia":[{"embeddable":true,"href":"https:\/\/www.europesays.com\/pt\/wp-json\/wp\/v2\/media\/133480"}],"wp:attachment":[{"href":"https:\/\/www.europesays.com\/pt\/wp-json\/wp\/v2\/media?parent=133479"}],"wp:term":[{"taxonomy":"category","embeddable":true,"href":"https:\/\/www.europesays.com\/pt\/wp-json\/wp\/v2\/categories?post=133479"},{"taxonomy":"post_tag","embeddable":true,"href":"https:\/\/www.europesays.com\/pt\/wp-json\/wp\/v2\/tags?post=133479"}],"curies":[{"name":"wp","href":"https:\/\/api.w.org\/{rel}","templated":true}]}}