{"id":133492,"date":"2025-10-31T03:29:09","date_gmt":"2025-10-31T03:29:09","guid":{"rendered":"https:\/\/www.europesays.com\/pt\/133492\/"},"modified":"2025-10-31T03:29:09","modified_gmt":"2025-10-31T03:29:09","slug":"pesquisador-do-cism-e-o-primeiro-latino-americano-a-receber-principal-premio-da-saude-mental","status":"publish","type":"post","link":"https:\/\/www.europesays.com\/pt\/133492\/","title":{"rendered":"Pesquisador do CISM \u00e9 o primeiro latino-americano a receber principal pr\u00eamio da sa\u00fade mental"},"content":{"rendered":"<p>                            <img decoding=\"async\" src=\"https:\/\/www.europesays.com\/pt\/wp-content\/uploads\/2025\/10\/56315.jpg&#038;w=450.jpeg\" class=\"img-fluid\" onclick=\"expand(56315,'files\/post\/56315.jpg',true)\"\/><\/p>\n<p class=\"Legenda\">Rohde \u00e9 vice-coordenador de Centro de Pesquisa Aplicada na \u00e1rea de sa\u00fade mental da FAPESP (foto: Mainary Nascimento\/CISM)<\/p>\n<p>\n                                 Premia\u00e7\u00e3o\n                            <\/p>\n<p>                            Pesquisador do CISM \u00e9 o primeiro latino-americano a receber principal pr\u00eamio da sa\u00fade mental<\/p>\n<p class=\"summary\">Ruane Prize foi concedido pela Brain &amp; Behavior Research Foundation ao psiquiatra Luis Augusto Rohde, vice-coordenador do Centro de Pesquisa e Inova\u00e7\u00e3o em Sa\u00fade Mental, um Centro de Pesquisa Aplicada da FAPESP<\/p>\n<p>\n                                 Premia\u00e7\u00e3o\n                            <\/p>\n<p>                                                        Pesquisador do CISM \u00e9 o primeiro latino-americano a receber principal pr\u00eamio da sa\u00fade mental<\/p>\n<p class=\"p-int-resumo summary \">Ruane Prize foi concedido pela Brain &amp; Behavior Research Foundation ao psiquiatra Luis Augusto Rohde, vice-coordenador do Centro de Pesquisa e Inova\u00e7\u00e3o em Sa\u00fade Mental, um Centro de Pesquisa Aplicada da FAPESP<\/p>\n<p>                                <img decoding=\"async\" src=\"https:\/\/www.europesays.com\/pt\/wp-content\/uploads\/2025\/10\/56315.jpg\" class=\"img-fluid\" onclick=\"expand(56315,'files\/post\/56315.jpg',true)\"\/><\/p>\n<p class=\"Legenda\">Rohde \u00e9 vice-coordenador de Centro de Pesquisa Aplicada na \u00e1rea de sa\u00fade mental da FAPESP (foto: Mainary Nascimento\/CISM)<\/p>\n<p class=\"Esp-p-int LabelMobil1\">\u00a0<\/p>\n<p><strong>Ag\u00eancia FAPESP<\/strong> * \u2013 O psiquiatra <a href=\"http:\/\/lattes.cnpq.br\/9985584992275325\" target=\"_blank\" rel=\"nofollow noopener\"><strong>Luis Augusto Rohde<\/strong><\/a> recebeu na sexta-feira (24\/10) o Ruane Child Psychiatry Award, reconhecimento internacional concedido pela Brain &amp; Behavior Research Foundation (BBRF), dos Estados Unidos. Criado no ano 2000, o Ruane Prize \u00e9 dividido em quatro \u00e1reas de destaque: esquizofrenia, transtornos de humor, psiquiatria da inf\u00e2ncia e adolesc\u00eancia e neuroci\u00eancia cognitiva. Nenhum latino-americano havia sido selecionado em qualquer uma dessas categorias at\u00e9 a atual edi\u00e7\u00e3o. Rohde \u00e9 vice-coordenador do <a href=\"https:\/\/bv.fapesp.br\/pt\/auxilios\/111260\/centro-nacional-de-ciencia-e-inovacao-em-saude-mental-cism\/\" target=\"_blank\" rel=\"nofollow noopener\"><strong>Centro de Pesquisa e Inova\u00e7\u00e3o em Sa\u00fade Mental<\/strong><\/a> (<a href=\"https:\/\/inpd.org.br\/cism\/\" target=\"_blank\" rel=\"nofollow noopener\"><strong>CISM<\/strong><\/a>), um <a href=\"https:\/\/bv.fapesp.br\/pt\/604\/centros-de-pesquisa-em-engenharia\/\" target=\"_blank\" rel=\"nofollow noopener\"><strong>Centro de Pesquisa Aplicada<\/strong><\/a> (<a href=\"https:\/\/fapesp.br\/publicacoes\/2024\/pastacpa.pdf\" target=\"_blank\" rel=\"nofollow noopener\"><strong>CPA<\/strong><\/a>) financiado pela FAPESP.<\/p>\n<p>A honraria, criada por Joy e William Ruane, reconhece avan\u00e7os importantes na compreens\u00e3o e tratamento de dist\u00farbios cerebrais e comportamentais de in\u00edcio precoce. O agraciado \u00e9 selecionado pelo conselho cient\u00edfico da BBRF. \u201cReceber esse pr\u00eamio significa a certifica\u00e7\u00e3o de que \u00e9 poss\u00edvel realizar ci\u00eancia da mais alta qualidade sobre sa\u00fade mental em pa\u00edses da Am\u00e9rica Latina\u201d, destaca Rohde, que \u00e9 especialista em Transtorno de D\u00e9ficit de Aten\u00e7\u00e3o e Hiperatividade (TDAH). \u201cO reconhecimento mostra que a pesquisa desenvolvida no Brasil tem impacto global, especialmente em um campo t\u00e3o sens\u00edvel e fundamental como a sa\u00fade mental de crian\u00e7as e adolescentes.\u201d<\/p>\n<p>A BBRF \u00e9 uma organiza\u00e7\u00e3o global sem fins lucrativos que financia pesquisa cient\u00edfica para aliviar o sofrimento causado por doen\u00e7as mentais. Mais de 5.600 cientistas, de 605 institui\u00e7\u00f5es ao redor do mundo, j\u00e1 foram beneficiados. Desde 1987, a funda\u00e7\u00e3o j\u00e1 direcionou mais de US$ 462 milh\u00f5es ao incentivo e apoio a pesquisas.<\/p>\n<p>Al\u00e9m de vice-coordenador do CISM, Rohde \u00e9 professor titular do Departamento de Psiquiatria e Medicina Legal da Universidade Federal do Rio Grande do Sul (UFRGS), diretor do Programa de D\u00e9ficit de Aten\u00e7\u00e3o\/Hiperatividade do Hospital de Cl\u00ednicas de Porto Alegre e professor da p\u00f3s-gradua\u00e7\u00e3o em psiquiatria da Universidade de S\u00e3o Paulo (USP). Fez seu mestrado e doutorado na UFRGS e livre-doc\u00eancia na Universidade Federal de S\u00e3o Paulo (Unifesp).<\/p>\n<p>O CISM investiga os fatores gen\u00e9ticos e ambientais dos transtornos mentais em crian\u00e7as e adolescentes e trabalha para implementar novas interven\u00e7\u00f5es eficazes na pr\u00e1tica cl\u00ednica por meio da transfer\u00eancia de conhecimento e tecnologia em sa\u00fade mental para a sociedade (leia mais em: <a href=\"https:\/\/agencia.fapesp.br\/40916\" target=\"_blank\" rel=\"nofollow noopener\"><strong>agencia.fapesp.br\/40916<\/strong><\/a>, <a href=\"https:\/\/agencia.fapesp.br\/55208\" target=\"_blank\" rel=\"nofollow noopener\"><strong>agencia.fapesp.br\/55208<\/strong><\/a>, <a href=\"https:\/\/agencia.fapesp.br\/55510\" target=\"_blank\" rel=\"nofollow noopener\"><strong>agencia.fapesp.br\/55510<\/strong><\/a>, <a href=\"https:\/\/agencia.fapesp.br\/55790\" target=\"_blank\" rel=\"nofollow noopener\"><strong>agencia.fapesp.br\/55790<\/strong><\/a> e <a href=\"https:\/\/agencia.fapesp.br\/56178\" target=\"_blank\" rel=\"nofollow noopener\"><strong>agencia.fapesp.br\/56178<\/strong><\/a>).<\/p>\n<p>* Com informa\u00e7\u00f5es de Mainary Nascimento, do CISM.<br \/>&#13;<br \/>\n\u00a0<\/p>\n","protected":false},"excerpt":{"rendered":"Rohde \u00e9 vice-coordenador de Centro de Pesquisa Aplicada na \u00e1rea de sa\u00fade mental da FAPESP (foto: Mainary Nascimento\/CISM)&hellip;\n","protected":false},"author":2,"featured_media":133493,"comment_status":"","ping_status":"","sticky":false,"template":"","format":"standard","meta":{"footnotes":""},"categories":[86],"tags":[30177,30176,30181,30179,30180,15615,21732,116,30182,30178,32,33,117,1030,3985],"class_list":{"0":"post-133492","1":"post","2":"type-post","3":"status-publish","4":"format-standard","5":"has-post-thumbnail","7":"category-saude","8":"tag-bbrf","9":"tag-brain-behavior-research-foundation","10":"tag-centro-de-pesquisa-aplicada","11":"tag-cism","12":"tag-cpa","13":"tag-criancas-e-adolescentes","14":"tag-fapesp","15":"tag-health","16":"tag-joy-e-william-ruane","17":"tag-luis-augusto-rohde","18":"tag-portugal","19":"tag-pt","20":"tag-saude","21":"tag-saude-mental","22":"tag-tdah"},"share_on_mastodon":{"url":"https:\/\/pubeurope.com\/@pt\/115466664193908175","error":""},"_links":{"self":[{"href":"https:\/\/www.europesays.com\/pt\/wp-json\/wp\/v2\/posts\/133492","targetHints":{"allow":["GET"]}}],"collection":[{"href":"https:\/\/www.europesays.com\/pt\/wp-json\/wp\/v2\/posts"}],"about":[{"href":"https:\/\/www.europesays.com\/pt\/wp-json\/wp\/v2\/types\/post"}],"author":[{"embeddable":true,"href":"https:\/\/www.europesays.com\/pt\/wp-json\/wp\/v2\/users\/2"}],"replies":[{"embeddable":true,"href":"https:\/\/www.europesays.com\/pt\/wp-json\/wp\/v2\/comments?post=133492"}],"version-history":[{"count":0,"href":"https:\/\/www.europesays.com\/pt\/wp-json\/wp\/v2\/posts\/133492\/revisions"}],"wp:featuredmedia":[{"embeddable":true,"href":"https:\/\/www.europesays.com\/pt\/wp-json\/wp\/v2\/media\/133493"}],"wp:attachment":[{"href":"https:\/\/www.europesays.com\/pt\/wp-json\/wp\/v2\/media?parent=133492"}],"wp:term":[{"taxonomy":"category","embeddable":true,"href":"https:\/\/www.europesays.com\/pt\/wp-json\/wp\/v2\/categories?post=133492"},{"taxonomy":"post_tag","embeddable":true,"href":"https:\/\/www.europesays.com\/pt\/wp-json\/wp\/v2\/tags?post=133492"}],"curies":[{"name":"wp","href":"https:\/\/api.w.org\/{rel}","templated":true}]}}