{"id":133514,"date":"2025-10-31T03:59:08","date_gmt":"2025-10-31T03:59:08","guid":{"rendered":"https:\/\/www.europesays.com\/pt\/133514\/"},"modified":"2025-10-31T03:59:08","modified_gmt":"2025-10-31T03:59:08","slug":"faz-parte-do-grupo-7-nova-tendencia-no-tiktok-esta-a-confundir-os-utilizadores","status":"publish","type":"post","link":"https:\/\/www.europesays.com\/pt\/133514\/","title":{"rendered":"Faz parte do &#8220;grupo 7&#8221;? Nova tend\u00eancia no TikTok est\u00e1 a confundir os utilizadores"},"content":{"rendered":"<p class=\"wp-caption-text top\"><a href=\"https:\/\/www.instagram.com\/p\/DMZFkEJpia6\/?hl=en&amp;img_index=1\" rel=\"nofollow external noopener noreferrer\" data-wpel-link=\"external\" target=\"_blank\" class=\"ext-link\">sophiajamesmusic \/ Instagram<\/a><\/p>\n<p><img decoding=\"async\" loading=\"lazy\" class=\"wp-image-708628 size-kopa-image-size-3\" src=\"https:\/\/www.europesays.com\/pt\/wp-content\/uploads\/2025\/10\/9c8e9c7127319363292c282703c8bba1-783x450.jpg\" alt=\"\" width=\"700\" height=\"402\"  \/><\/p>\n<p class=\"wp-caption-text bot\">A cantora Sophia James<\/p>\n<p><strong>O meme inofensivo est\u00e1 a suscitar uma discuss\u00e3o sobre o sentimento de perten\u00e7a e categoriza\u00e7\u00e3o dos utilizadores nas redes sociais.<\/strong><\/p>\n<p>Um novo fen\u00f3meno viral tomou conta do TikTok e, desta vez, a pergunta do momento \u00e9: <strong>pertence ao \u201cGrupo 7\u201d<\/strong>?<\/p>\n<p>A tend\u00eancia come\u00e7ou como uma experi\u00eancia da cantora <strong>Sophia James<\/strong>, mas desde ent\u00e3o transformou-se numa piada interna e identidade social adotada por centenas de milhares de utilizadores.<\/p>\n<p>James lan\u00e7ou o conceito enquanto promovia o seu single \u201cSo Unfair\u201d. Num esfor\u00e7o para testar como o algoritmo do TikTok distribui conte\u00fado, <strong>publicou sete vers\u00f5es<\/strong> ligeiramente diferentes do mesmo v\u00eddeo. Cada publica\u00e7\u00e3o foi rotulada como um \u201cgrupo\u201d separado, de um a sete.<\/p>\n<p>O \u00faltimo v\u00eddeo, Grupo 7, explodiu inesperadamente em popularidade, acumulando <strong>mais de 75 milh\u00f5es de visualiza\u00e7\u00f5es<\/strong> e transformando os espectadores em membros autoproclamados de um clube digital exclusivo.<\/p>\n<p>Ningu\u00e9m consegue identificar exatamente porque \u00e9 que o Grupo 7 se tornou viral, mas muitos apontam para uma mudan\u00e7a subtil na abordagem de James.<\/p>\n<p>Ao contr\u00e1rio dos seus posts anteriores, nos quais ela explicava o seu conceito atrav\u00e9s de texto no ecr\u00e3, o v\u00eddeo do Grupo 7 mostrava James a falar diretamente para a c\u00e2mara e a declarar com confian\u00e7a: \u201c<strong>Est\u00e1s no Grupo 7<\/strong>\u201c.<\/p>\n<p>Este simples momento de intera\u00e7\u00e3o direta parece ter tido repercuss\u00f5es no misterioso algoritmo do TikTok e nos espectadores ansiosos por se sentirem parte de algo especial.<\/p>\n<p>\u00c0 medida que o v\u00eddeo se espalhava, os utilizadores do TikTok come\u00e7aram a identificar-se como membros do \u201cGrupo 7\u201d nos coment\u00e1rios da plataforma, criando uma <strong>cascata de piadas internas<\/strong>.<\/p>\n<p>Outros apressaram-se a replicar a experi\u00eancia de James, publicando os seus pr\u00f3prios conjuntos de sete v\u00eddeos na esperan\u00e7a de desbloquear a mesma magia algor\u00edtmica, refere a <a href=\"https:\/\/www.forbes.com\/sites\/danidiplacido\/2025\/10\/27\/tiktoks-group-7-meme-explained\/\" data-wpel-link=\"external\" target=\"_blank\" rel=\"nofollow external noopener noreferrer\" class=\"ext-link\">Forbes<\/a>.<\/p>\n<p>O sucesso do meme sublinha tanto a imprevisibilidade como a psicologia da viralidade nas redes sociais.<\/p>\n<p>Para muitos, o Grupo 7 personifica <strong>o amor millennial pela categoriza\u00e7\u00e3o <\/strong>e publica\u00e7\u00f5es a brincar sobre finalmente \u201cpertencer\u201d ao Grupo 7 captaram o humor dos utilizadores em busca de pertencer a uma comunidade num espa\u00e7o online ca\u00f3tico.<\/p>\n<p>A tend\u00eancia expandiu-se agora muito para al\u00e9m da campanha original de James. Mais de 600 mil v\u00eddeos foram publicados sob a hashtag #Group7, com a ades\u00e3o de marcas e influenciadores.<\/p>\n<p>Ainda assim, a participa\u00e7\u00e3o continua em aberto: <strong>qualquer pessoa pode publicar<\/strong> o seu pr\u00f3prio v\u00eddeo do \u201cGrupo 7\u201d e reivindicar um lugar no culto algor\u00edtmico.<\/p>\n<p>    <a href=\"https:\/\/zap.aeiou.pt\/subscrever-newsletter\" data-wpel-link=\"internal\" rel=\"nofollow noopener\" target=\"_blank\">&#13;<br \/>\n        <img loading=\"lazy\" decoding=\"async\" class=\"aligncenter size-full wp-image-575475\" src=\"https:\/\/www.europesays.com\/pt\/wp-content\/uploads\/2025\/10\/1759862234_971_2d51fe4a0ba54894421ead1809309ed9-1-450x140.jpg\" alt=\"Subscreva a Newsletter ZAP\" width=\"450\" height=\"140\"\/>&#13;<br \/>\n    <\/a><\/p>\n<p>                <a href=\"https:\/\/whatsapp.com\/channel\/0029VaIC4EE2f3EJZPPSbR34\" data-wpel-link=\"external\" target=\"_blank\" rel=\"nofollow external noopener noreferrer\" class=\"ext-link\">&#13;<br \/>\n                    <img loading=\"lazy\" decoding=\"async\" class=\"aligncenter size-full wp-image-575475\" src=\"https:\/\/www.europesays.com\/pt\/wp-content\/uploads\/2025\/10\/1759862234_512_c68c559d956d4ca20f435ed74a6e71e6.png\" alt=\"Siga-nos no WhatsApp\" width=\"175\" height=\"64\"\/>&#13;<br \/>\n                <\/a><\/p>\n<p>                <a href=\"https:\/\/news.google.com\/publications\/CAAiEHRwZondIV71PDjWNoqMduEqFAgKIhB0cGaJ3SFe9Tw41jaKjHbh?hl=en-US&amp;gl=US&amp;ceid=US%3Aen\" data-wpel-link=\"external\" target=\"_blank\" rel=\"nofollow external noopener noreferrer\" class=\"ext-link\">&#13;<br \/>\n                    <img loading=\"lazy\" decoding=\"async\" class=\"aligncenter size-full wp-image-575475\" src=\"https:\/\/www.europesays.com\/pt\/wp-content\/uploads\/2025\/10\/1759862235_242_5123dd8b087b644fdb8f8603acd1bad4.png\" alt=\"Siga-nos no Google News\" width=\"176\" height=\"64\"\/>&#13;<br \/>\n                <\/a><\/p>\n<p>                <script async src=\"\/\/www.instagram.com\/embed.js\"><\/script><\/p>\n","protected":false},"excerpt":{"rendered":"sophiajamesmusic \/ Instagram A cantora Sophia James O meme inofensivo est\u00e1 a suscitar uma discuss\u00e3o sobre o sentimento&hellip;\n","protected":false},"author":2,"featured_media":133515,"comment_status":"","ping_status":"","sticky":false,"template":"","format":"standard","meta":{"footnotes":""},"categories":[85],"tags":[114,115,549,32,33,1934],"class_list":{"0":"post-133514","1":"post","2":"type-post","3":"status-publish","4":"format-standard","5":"has-post-thumbnail","7":"category-entretenimento","8":"tag-entertainment","9":"tag-entretenimento","10":"tag-internet","11":"tag-portugal","12":"tag-pt","13":"tag-tiktok"},"share_on_mastodon":{"url":"https:\/\/pubeurope.com\/@pt\/115466781519549232","error":""},"_links":{"self":[{"href":"https:\/\/www.europesays.com\/pt\/wp-json\/wp\/v2\/posts\/133514","targetHints":{"allow":["GET"]}}],"collection":[{"href":"https:\/\/www.europesays.com\/pt\/wp-json\/wp\/v2\/posts"}],"about":[{"href":"https:\/\/www.europesays.com\/pt\/wp-json\/wp\/v2\/types\/post"}],"author":[{"embeddable":true,"href":"https:\/\/www.europesays.com\/pt\/wp-json\/wp\/v2\/users\/2"}],"replies":[{"embeddable":true,"href":"https:\/\/www.europesays.com\/pt\/wp-json\/wp\/v2\/comments?post=133514"}],"version-history":[{"count":0,"href":"https:\/\/www.europesays.com\/pt\/wp-json\/wp\/v2\/posts\/133514\/revisions"}],"wp:featuredmedia":[{"embeddable":true,"href":"https:\/\/www.europesays.com\/pt\/wp-json\/wp\/v2\/media\/133515"}],"wp:attachment":[{"href":"https:\/\/www.europesays.com\/pt\/wp-json\/wp\/v2\/media?parent=133514"}],"wp:term":[{"taxonomy":"category","embeddable":true,"href":"https:\/\/www.europesays.com\/pt\/wp-json\/wp\/v2\/categories?post=133514"},{"taxonomy":"post_tag","embeddable":true,"href":"https:\/\/www.europesays.com\/pt\/wp-json\/wp\/v2\/tags?post=133514"}],"curies":[{"name":"wp","href":"https:\/\/api.w.org\/{rel}","templated":true}]}}