{"id":133525,"date":"2025-10-31T04:18:26","date_gmt":"2025-10-31T04:18:26","guid":{"rendered":"https:\/\/www.europesays.com\/pt\/133525\/"},"modified":"2025-10-31T04:18:26","modified_gmt":"2025-10-31T04:18:26","slug":"a-minha-filha-nao-e","status":"publish","type":"post","link":"https:\/\/www.europesays.com\/pt\/133525\/","title":{"rendered":"A minha filha n\u00e3o \u00e9&#8230;"},"content":{"rendered":"<p>\t\t\t\t\t\t\t\t\t\t\t\t<a href=\"#\" onclick=\"window.open('http:\/\/www.facebook.com\/sharer.php?u=https:\/\/cusquices.com\/mae-de-ines-quebra-o-silencio-e-reage-ao-enredo-com-vera-a-minha-filha-nao-e\/&amp;t=M\u00e3e de In\u00eas \u2018quebra o sil\u00eancio\u2019 e reage ao enredo com Vera: \u201cA minha filha n\u00e3o \u00e9\u2026\u201d', 'facebookShare', 'width=626,height=436'); return false;\" title=\"Share on Facebook\"><\/p>\n<p>Share<\/p>\n<p><\/a><br \/>\n\t\t\t\t\t\t\t\t\t\t\t\t<a href=\"#\" onclick=\"window.open('http:\/\/twitter.com\/share?text=M\u00e3e de In\u00eas \u2018quebra o sil\u00eancio\u2019 e reage ao enredo com Vera: \u201cA minha filha n\u00e3o \u00e9\u2026\u201d -&amp;url=https:\/\/cusquices.com\/mae-de-ines-quebra-o-silencio-e-reage-ao-enredo-com-vera-a-minha-filha-nao-e\/', 'twitterShare', 'width=626,height=436'); return false;\" title=\"Tweet This Post\"><\/p>\n<p>Tweet<\/p>\n<p><\/a><br \/>\n\t\t\t\t\t\t\t\t\t\t\t\t<a href=\"whatsapp:\/\/send?text=M\u00e3e de In\u00eas \u2018quebra o sil\u00eancio\u2019 e reage ao enredo com Vera: \u201cA minha filha n\u00e3o \u00e9\u2026\u201d https:\/\/cusquices.com\/mae-de-ines-quebra-o-silencio-e-reage-ao-enredo-com-vera-a-minha-filha-nao-e\/\" rel=\"nofollow\"><\/p>\n<p>Share<\/p>\n<p><\/a><br \/>\n\t\t\t\t\t\t\t\t\t\t\t\t<a href=\"#\" onclick=\"window.open('http:\/\/pinterest.com\/pin\/create\/button\/?url=https:\/\/cusquices.com\/mae-de-ines-quebra-o-silencio-e-reage-ao-enredo-com-vera-a-minha-filha-nao-e\/&amp;media=https:\/\/cusquices.com\/wp-content\/uploads\/2025\/10\/inesgama-sstvi-1000x600.jpg&amp;description=M\u00e3e de In\u00eas \u2018quebra o sil\u00eancio\u2019 e reage ao enredo com Vera: \u201cA minha filha n\u00e3o \u00e9\u2026\u201d', 'pinterestShare', 'width=750,height=350'); return false;\" title=\"Pin This Post\"><\/p>\n<p>Share<\/p>\n<p><\/a><br \/>\n\t\t\t\t\t\t\t\t\t\t\t\t<a href=\"mailto:?subject=M\u00e3e de In\u00eas \u2018quebra o sil\u00eancio\u2019 e reage ao enredo com Vera: \u201cA minha filha n\u00e3o \u00e9\u2026\u201d&amp;BODY=I found this article interesting and thought of sharing it with you. Check it out: https:\/\/cusquices.com\/mae-de-ines-quebra-o-silencio-e-reage-ao-enredo-com-vera-a-minha-filha-nao-e\/\"><\/p>\n<p>Email<\/p>\n<p><\/a><br \/>\n\t\t\t\t\t\t\t\t\t\t\t\t\t\t\t\t\t\t\t\t\t\t\t\t\t\t\t\t\t\t\t\t\t\t\t\t\t\t\t\t\t\t\t\t\t\t\t\t\t\t\t\t\t<a href=\"https:\/\/cusquices.com\/mae-de-ines-quebra-o-silencio-e-reage-ao-enredo-com-vera-a-minha-filha-nao-e\/#respond\" rel=\"nofollow noopener\" target=\"_blank\"><\/p>\n<p><strong>In\u00eas <\/strong>tem \u2018quebrado cora\u00e7\u00f5es\u2019 na casa mais vigiada do pa\u00eds. Primeiro foi Vera, com quem criou uma rela\u00e7\u00e3o de grande cumplicidade e mais tarde com Dylan. A jovem deu para tr\u00e1s aos dois colegas da casa mais vigiada do pa\u00eds e continua a salientar que tem namorado c\u00e1 fora. <\/p>\n<p>C\u00e1 fora, a m\u00e3e da concorrente, Carla Gama, j\u00e1 reagiu a todo o enredo e conversa com a TV7 Dias., deixou bem claro que a filha n\u00e3o \u00e9 l\u00e9sbica e que tem namorado c\u00e1 fora.<\/p>\n<p><strong>\u201cA minha filha n\u00e3o \u00e9 l\u00e9sbica. A In\u00eas gosta de homens e tem namorado c\u00e1 fora\u201d,<\/strong> come\u00e7ou por dizer a m\u00e3e da concorrente. Questionada se In\u00eas j\u00e1 se tinha envolvido com alguma mulher c\u00e1 fora, a m\u00e3e da concorrente n\u00e3o se quis alongar sobre o assunto: <strong>\u201cN\u00e3o fa\u00e7o ideia. Isso \u00e9 a vida privada dela\u201d.<\/strong><\/p>\n<p>Carla Gama, garante que a filha n\u00e3o est\u00e1 apaixonada por Vera e salienta: <strong>\u201cA In\u00eas sente uma grande amizade pela Vera, mas nunca atra\u00e7\u00e3o por ela ser mulher. Acharam que ela estava a dar a entender pelas imagens que viram? Ok, \u00e9 s\u00f3 isso que tenho a dizer, porque eu conhe\u00e7o a minha filha e ela nunca fez nada daquilo com interesse nela\u201d.<\/strong><\/p>\n<p><strong>\u201cA minha filha apaixonada pela Vera? Nunca na vida. Ela n\u00e3o tem interesse nenhum na Vera e nunca teve\u201d,<\/strong> garantiu a m\u00e3e da concorrente, que explica de seguida a rea\u00e7\u00e3o da filha quando foi confrontada durante um especial: <strong>\u201cO choque para a In\u00eas foi quando viu que as perguntas que faziam no programa davam a entender que ela tinha dado azo, que estava armada em sonsa, e agora parecia que estava a sabotar a Vera. Isso magoou a minha filha e sobretudo o facto de a Vera ter tentado se calhar jogar um bocadinho com isso, da\u00ed a In\u00eas ter-se afastado dela. Porque ela ficou magoada com essa situa\u00e7\u00e3o. Ela diz que quando sair quer ter uma conversa com a Vera, porque l\u00e1 dentro \u00e9 imposs\u00edvel esclarecer o que quer que seja. Falam debaixo dos cobertores, j\u00e1 houve sexo. \u00c9 uma coisa impressionante\u201d<\/strong>.<\/p>\n<p>A m\u00e3e de In\u00eas confidenciou ainda \u00e0 revista que n\u00e3o falou com Vera c\u00e1 fora e mostrou-se incomodada com alguns coment\u00e1rios da assistente dent\u00e1ria sobre a filha: <strong>\u201cN\u00e3o. Ela j\u00e1 fez o que tinha a fazer, j\u00e1 disse as coisas que tinha a dizer que eu n\u00e3o gostei muito. Se a minha filha quiser fazer amizade com ela depois daquilo eventualmente poderei conhecer a Vera, agora sem a minha filha estar c\u00e1 fora, eu n\u00e3o vou conhecer ningu\u00e9m\u201d.<\/strong><\/p>\n<p><strong>Leia tamb\u00e9m:<\/strong><\/p>\n<p>\t\t\t\t\t\t\t\t\t\t\t\t\t\t\t\t\t\t\t\t\t\t\t\t\t<img decoding=\"async\" src=\"https:\/\/www.europesays.com\/pt\/wp-content\/uploads\/2025\/10\/cusquices-logo-52x.png\" class=\"webpexpress-processed\"\/><\/p>\n<p>\t\t\t\t\t\t\t\t\t\t\t\t\t\t\t\t\t\t\t\t\t            \t\t\t\t\t\t\t\t\t\t\t\t\t\t\t\t\t\t\t\t\t\t\t\t\t\t\t\t\t\t\t\t\t\t\t\t\t\t\t<script async src=\"https:\/\/platform.twitter.com\/widgets.js\" charset=\"utf-8\"><\/script><\/p>\n","protected":false},"excerpt":{"rendered":"Share Tweet Share Share Email In\u00eas tem \u2018quebrado cora\u00e7\u00f5es\u2019 na casa mais vigiada do pa\u00eds. Primeiro foi Vera,&hellip;\n","protected":false},"author":2,"featured_media":133526,"comment_status":"","ping_status":"","sticky":false,"template":"","format":"standard","meta":{"footnotes":""},"categories":[8],"tags":[27,28,2632,49,15,16,14,15353,25,26,21,22,12,13,19,20,32,23,24,33,17,18,29,30,31,11841],"class_list":{"0":"post-133525","1":"post","2":"type-post","3":"status-publish","4":"format-standard","5":"has-post-thumbnail","7":"category-principais-noticias","8":"tag-breaking-news","9":"tag-breakingnews","10":"tag-casa-dos-segredos","11":"tag-destaques","12":"tag-featured-news","13":"tag-featurednews","14":"tag-headlines","15":"tag-ines","16":"tag-latest-news","17":"tag-latestnews","18":"tag-main-news","19":"tag-mainnews","20":"tag-news","21":"tag-noticias","22":"tag-noticias-principais","23":"tag-noticiasprincipais","24":"tag-portugal","25":"tag-principais-noticias","26":"tag-principaisnoticias","27":"tag-pt","28":"tag-top-stories","29":"tag-topstories","30":"tag-ultimas","31":"tag-ultimas-noticias","32":"tag-ultimasnoticias","33":"tag-vera"},"share_on_mastodon":{"url":"https:\/\/pubeurope.com\/@pt\/115466857401739001","error":""},"_links":{"self":[{"href":"https:\/\/www.europesays.com\/pt\/wp-json\/wp\/v2\/posts\/133525","targetHints":{"allow":["GET"]}}],"collection":[{"href":"https:\/\/www.europesays.com\/pt\/wp-json\/wp\/v2\/posts"}],"about":[{"href":"https:\/\/www.europesays.com\/pt\/wp-json\/wp\/v2\/types\/post"}],"author":[{"embeddable":true,"href":"https:\/\/www.europesays.com\/pt\/wp-json\/wp\/v2\/users\/2"}],"replies":[{"embeddable":true,"href":"https:\/\/www.europesays.com\/pt\/wp-json\/wp\/v2\/comments?post=133525"}],"version-history":[{"count":0,"href":"https:\/\/www.europesays.com\/pt\/wp-json\/wp\/v2\/posts\/133525\/revisions"}],"wp:featuredmedia":[{"embeddable":true,"href":"https:\/\/www.europesays.com\/pt\/wp-json\/wp\/v2\/media\/133526"}],"wp:attachment":[{"href":"https:\/\/www.europesays.com\/pt\/wp-json\/wp\/v2\/media?parent=133525"}],"wp:term":[{"taxonomy":"category","embeddable":true,"href":"https:\/\/www.europesays.com\/pt\/wp-json\/wp\/v2\/categories?post=133525"},{"taxonomy":"post_tag","embeddable":true,"href":"https:\/\/www.europesays.com\/pt\/wp-json\/wp\/v2\/tags?post=133525"}],"curies":[{"name":"wp","href":"https:\/\/api.w.org\/{rel}","templated":true}]}}