{"id":133547,"date":"2025-10-31T04:46:42","date_gmt":"2025-10-31T04:46:42","guid":{"rendered":"https:\/\/www.europesays.com\/pt\/133547\/"},"modified":"2025-10-31T04:46:42","modified_gmt":"2025-10-31T04:46:42","slug":"e-assim-que-o-filho-de-susana-gravato-tem-vivido-apos-matar-a-mae-e-a-roupa-que-usa-tem-um-significado-dois-as-10","status":"publish","type":"post","link":"https:\/\/www.europesays.com\/pt\/133547\/","title":{"rendered":"\u00c9 assim que o filho de Susana Gravato tem vivido ap\u00f3s matar a m\u00e3e. E a roupa que usa tem um significado &#8211; Dois \u00e0s 10"},"content":{"rendered":"<p>                        A morte de Susana Gravato, vereadora da C\u00e2mara Municipal de Vagos, \u00e0s m\u00e3os do pr\u00f3prio filho, continua a chocar o pa\u00eds. O jovem de 14 anos encontra-se internado num centro educativo do Porto, em regime fechado, onde \u00e9 acompanhado de perto por especialistas em sa\u00fade mental.<\/p>\n<p data-end=\"710\" data-start=\"432\">O caso que abalou Portugal ainda est\u00e1 longe de ser compreendido. O adolescente que confessou ter\u00a0<strong data-end=\"576\" data-start=\"546\">matado a m\u00e3e com dois tiros<\/strong> est\u00e1, por decis\u00e3o de um juiz, <strong data-end=\"650\" data-start=\"607\">internado num centro educativo do Porto<\/strong>, onde cumpre medidas de prote\u00e7\u00e3o e avalia\u00e7\u00e3o psicol\u00f3gica.<\/p>\n<p data-end=\"833\" data-start=\"712\">De acordo com a <strong data-end=\"754\" data-start=\"728\">psic\u00f3loga Vera de Melo<\/strong>, o isolamento do jovem \u00e9 parte de uma fase inicial de conten\u00e7\u00e3o e adapta\u00e7\u00e3o. \u201cEle est\u00e1 em regime fechado. N\u00e3o pode sair, nem ter contacto com ningu\u00e9m, o que \u00e9 natural. Faz parte, numa fase inicial, at\u00e9 para garantir que ele se adapta \u00e0 realidade\u201d, explicou no Dois \u00e0s 10.<\/p>\n<p data-end=\"833\" data-start=\"712\">O <strong data-end=\"1528\" data-start=\"1494\">consultor forense Albino Gomes<\/strong> revelou outro pormenor do internamento e explicou o que significa: \u201cEle dorme e est\u00e1 vestido com roupa da institui\u00e7\u00e3o, at\u00e9 para prevenir a possibilidade de p\u00f4r fim \u00e0 vida\u201d, afirmou.<\/p>\n<p data-end=\"1129\" data-start=\"1026\">Vera de Melo acrescentou que, neste momento, <strong data-end=\"1126\" data-start=\"1073\">n\u00e3o h\u00e1 certezas sobre o estado emocional do menor<\/strong>. \u201cN\u00f3s n\u00e3o sabemos como \u00e9 que ele est\u00e1. Se est\u00e1 em choque, alienado, se tem no\u00e7\u00e3o da gravidade do ato praticado\u2026 se sabe o que fez\u201d, sublinhou.<\/p>\n<p data-end=\"1490\" data-start=\"1277\">Segundo o <strong data-end=\"1309\" data-start=\"1287\">Jornal de Not\u00edcias<\/strong>, as atitudes do jovem t\u00eam sido <strong data-end=\"1394\" data-start=\"1341\">compat\u00edveis com sintomas obsessivos e compulsivos<\/strong>, podendo tratar-se de uma <strong data-end=\"1463\" data-start=\"1421\">perturba\u00e7\u00e3o obsessivo-compulsiva (TOC)<\/strong> ainda n\u00e3o diagnosticada.<\/p>\n<p data-end=\"1863\" data-start=\"1687\">As pr\u00f3ximas horas ser\u00e3o consideradas <strong data-end=\"1747\" data-start=\"1724\">uma \u201cprova de fogo\u201d<\/strong> para os t\u00e9cnicos que o acompanham, j\u00e1 que ser\u00e1 avaliado o comportamento e o n\u00edvel de estabilidade do adolescente.<\/p>\n<p data-end=\"2160\" data-start=\"1865\">A morte de <strong data-end=\"1894\" data-start=\"1876\">Susana Gravato<\/strong>, vereadora de 49 anos, continua sob investiga\u00e7\u00e3o do <strong data-end=\"2009\" data-start=\"1947\">Departamento de Investiga\u00e7\u00e3o e A\u00e7\u00e3o Penal (DIAP) de Aveiro<\/strong>.<\/p>\n","protected":false},"excerpt":{"rendered":"A morte de Susana Gravato, vereadora da C\u00e2mara Municipal de Vagos, \u00e0s m\u00e3os do pr\u00f3prio filho, continua a&hellip;\n","protected":false},"author":2,"featured_media":133548,"comment_status":"","ping_status":"","sticky":false,"template":"","format":"standard","meta":{"footnotes":""},"categories":[8],"tags":[27,28,329,166,3412,3406,3409,801,3410,3411,3407,3408,15,16,14,25,26,21,22,3413,338,12,13,19,20,32,23,24,33,28330,17,18,162,29,30,31,28497],"class_list":{"0":"post-133547","1":"post","2":"type-post","3":"status-publish","4":"format-standard","5":"has-post-thumbnail","7":"category-principais-noticias","8":"tag-breaking-news","9":"tag-breakingnews","10":"tag-claudio-ramos","11":"tag-cristina-ferreira","12":"tag-dois-10","13":"tag-dois-a-s-10-dois-a-s-10","14":"tag-dois-a-s-dez","15":"tag-dois-as-10","16":"tag-dois-as-dez","17":"tag-dois-dez","18":"tag-doisas10","19":"tag-doisasdez","20":"tag-featured-news","21":"tag-featurednews","22":"tag-headlines","23":"tag-latest-news","24":"tag-latestnews","25":"tag-main-news","26":"tag-mainnews","27":"tag-manha-tvi","28":"tag-maria-botelho-moniz","29":"tag-news","30":"tag-noticias","31":"tag-noticias-principais","32":"tag-noticiasprincipais","33":"tag-portugal","34":"tag-principais-noticias","35":"tag-principaisnoticias","36":"tag-pt","37":"tag-susana-gravato","38":"tag-top-stories","39":"tag-topstories","40":"tag-tvi","41":"tag-ultimas","42":"tag-ultimas-noticias","43":"tag-ultimasnoticias","44":"tag-vereadora-de-vagos"},"share_on_mastodon":{"url":"","error":"Validation failed: Text character limit of 500 exceeded"},"_links":{"self":[{"href":"https:\/\/www.europesays.com\/pt\/wp-json\/wp\/v2\/posts\/133547","targetHints":{"allow":["GET"]}}],"collection":[{"href":"https:\/\/www.europesays.com\/pt\/wp-json\/wp\/v2\/posts"}],"about":[{"href":"https:\/\/www.europesays.com\/pt\/wp-json\/wp\/v2\/types\/post"}],"author":[{"embeddable":true,"href":"https:\/\/www.europesays.com\/pt\/wp-json\/wp\/v2\/users\/2"}],"replies":[{"embeddable":true,"href":"https:\/\/www.europesays.com\/pt\/wp-json\/wp\/v2\/comments?post=133547"}],"version-history":[{"count":0,"href":"https:\/\/www.europesays.com\/pt\/wp-json\/wp\/v2\/posts\/133547\/revisions"}],"wp:featuredmedia":[{"embeddable":true,"href":"https:\/\/www.europesays.com\/pt\/wp-json\/wp\/v2\/media\/133548"}],"wp:attachment":[{"href":"https:\/\/www.europesays.com\/pt\/wp-json\/wp\/v2\/media?parent=133547"}],"wp:term":[{"taxonomy":"category","embeddable":true,"href":"https:\/\/www.europesays.com\/pt\/wp-json\/wp\/v2\/categories?post=133547"},{"taxonomy":"post_tag","embeddable":true,"href":"https:\/\/www.europesays.com\/pt\/wp-json\/wp\/v2\/tags?post=133547"}],"curies":[{"name":"wp","href":"https:\/\/api.w.org\/{rel}","templated":true}]}}