{"id":133551,"date":"2025-10-31T04:51:09","date_gmt":"2025-10-31T04:51:09","guid":{"rendered":"https:\/\/www.europesays.com\/pt\/133551\/"},"modified":"2025-10-31T04:51:09","modified_gmt":"2025-10-31T04:51:09","slug":"grupo-passarela-celebra-parcerias-em-noite-especial-confira-os-bastidores-radio-rural","status":"publish","type":"post","link":"https:\/\/www.europesays.com\/pt\/133551\/","title":{"rendered":"Grupo Passarela celebra parcerias em noite especial. Confira os bastidores! &#8211; R\u00e1dio Rural"},"content":{"rendered":"<ol>\n<li><a href=\"https:\/\/news.google.com\/rss\/articles\/CBMiygFBVV95cUxQU3Bsb2wzRmRDa3E2djNEdzhISGE0TnUtUnZNSVBYNGUyY0J0TkVwVEhCWFZfRjNZTEk2eG1OODlWNVJXMmNGbmRwS3hSdWEwT3dWRFJDbW5uSS1pX29lclJiV29fSnVYYlZTQWtoX2YyQmlwMnVzRlBZQW1sTjlpVmprTUE0REhXNzJSaXItNnJxU3J4Z1BYb29FSWVqYzV2RXloTDZRQjZITXRzQm1wWEVhdnV5M0N5UUtxTW5oYW9scmQ5N1ZnV0V3?oc=5\" target=\"_blank\" rel=\"nofollow noopener\">Grupo Passarela celebra parcerias em noite especial. Confira os bastidores!<\/a>&nbsp;&nbsp;R\u00e1dio Rural<\/li>\n<li><a href=\"https:\/\/news.google.com\/rss\/articles\/CBMingFBVV95cUxQcVVhOGRHdTdtdmRTY0h4NFdoRHRramVjQ0JwNUVKVTFfcGg0TUkzTlBFdUtjaVFWRS1XY1Z4QnpmQzZwblZTN1N6NTRHSEpGOUJBajFjQk50Zm1PZVducEZ0UVZ0bWlOQ0xoYTFhaE4zMTVJeUlVMDNpMUQ4ZlJjNFVIUTdNWnllemhoY29maE1Td2VpYktCbldrdTRPZw?oc=5\" target=\"_blank\" rel=\"nofollow noopener\">Grupo Passarela apresenta novo ciclo de investimentos at\u00e9 2028<\/a>&nbsp;&nbsp;Giro News<\/li>\n<li><a href=\"https:\/\/news.google.com\/rss\/articles\/CBMigAFBVV95cUxNZmFNLUhwU2xyMXdYcXo1NVVUellPNEY5dG1qQ0gyekJ3eEJ5TGgzRkhXRTVUSS11TFFlY0dQblN3S0d2Vm5XMFRMajVhT1NyTHhCZk4yYllQYWZsSnQ2ckdOQllHS1ltcmdERVRGWUNlQm1WVmU2dlVmM0dveWNKNQ?oc=5\" target=\"_blank\" rel=\"nofollow noopener\">Est\u00e2ncia Velha receber\u00e1 unidade da Rede Via Atacadista<\/a>&nbsp;&nbsp;expansao.co<\/li>\n<li><a href=\"https:\/\/news.google.com\/rss\/articles\/CBMipAFBVV95cUxOdFgtUmZOcXdUMlFJdVhpLWJYdG40bHpqUDUyWEpZWlNqb0VETU5EZlhvNGRPTzNiNVR3bk0tUzdjX3RCVUM4MUxVV0xjY0ZOSEY1LVlfTWNUeGxyYV9uSEw0U0FmeDktRS1uS1cwM2N5ZFpmallhSFNIbHA0c3kzSlZyd0VZdUc3UlQ3Uk01YkxuTklmTWpvWmgwTUJKajFRb1BmYg?oc=5\" target=\"_blank\" rel=\"nofollow noopener\">ATACAREJO: Grupo anuncia mais um atacarejo na regi\u00e3o; confira novidade<\/a>&nbsp;&nbsp;abcmais.com<\/li>\n<li><a href=\"https:\/\/news.google.com\/rss\/articles\/CBMixgFBVV95cUxPb29iSmpjbTJ2WDRIMmFDeVQ4QTN1YTE3aVN0UWRmRzJnQnBDN3RCaUp6YmxhTWZlYXpnY2RMRG84blN6UWFtWTFxXzNwUTdKWmJFbXhCYUpFaS02UjB3aVliSmQwT185czFNcEhZeDB6U2pyMnMxMUJCaWtwdFBWUTh5V1JobnFkSU5GdnpNT3d0eXlvMUprcFBjamNLWnZjSm45eGk1WnA2d0Y1NUZXdTR5Ymc5NlZPUHJaYno0TnNMZDc4M1E?oc=5\" target=\"_blank\" rel=\"nofollow noopener\">Via Atacadista no S\u00e3o Crist\u00f3v\u00e3o: Longhini registra cada momento hist\u00f3rico. Veja!<\/a>&nbsp;&nbsp;R\u00e1dio 96 FM<\/li>\n<\/ol>\n","protected":false},"excerpt":{"rendered":"Grupo Passarela celebra parcerias em noite especial. Confira os bastidores!&nbsp;&nbsp;R\u00e1dio Rural Grupo Passarela apresenta novo ciclo de investimentos&hellip;\n","protected":false},"author":2,"featured_media":133552,"comment_status":"","ping_status":"","sticky":false,"template":"","format":"standard","meta":{"footnotes":""},"categories":[141],"tags":[562,726,2733,2731,476,539,2258,114,115,1062,986,2732,149,150,1086,52,32,33,3551,117],"class_list":{"0":"post-133551","1":"post","2":"type-post","3":"status-publish","4":"format-standard","5":"has-post-thumbnail","7":"category-musica","8":"tag-agricultura","9":"tag-brasil","10":"tag-carnaval","11":"tag-dicas-do-dia","12":"tag-economia","13":"tag-educacao","14":"tag-eleicoes","15":"tag-entertainment","16":"tag-entretenimento","17":"tag-esportes","18":"tag-estado","19":"tag-geral","20":"tag-music","21":"tag-musica","22":"tag-policia","23":"tag-politica","24":"tag-portugal","25":"tag-pt","26":"tag-regiao","27":"tag-saude"},"share_on_mastodon":{"url":"https:\/\/pubeurope.com\/@pt\/115466985990533951","error":""},"_links":{"self":[{"href":"https:\/\/www.europesays.com\/pt\/wp-json\/wp\/v2\/posts\/133551","targetHints":{"allow":["GET"]}}],"collection":[{"href":"https:\/\/www.europesays.com\/pt\/wp-json\/wp\/v2\/posts"}],"about":[{"href":"https:\/\/www.europesays.com\/pt\/wp-json\/wp\/v2\/types\/post"}],"author":[{"embeddable":true,"href":"https:\/\/www.europesays.com\/pt\/wp-json\/wp\/v2\/users\/2"}],"replies":[{"embeddable":true,"href":"https:\/\/www.europesays.com\/pt\/wp-json\/wp\/v2\/comments?post=133551"}],"version-history":[{"count":0,"href":"https:\/\/www.europesays.com\/pt\/wp-json\/wp\/v2\/posts\/133551\/revisions"}],"wp:featuredmedia":[{"embeddable":true,"href":"https:\/\/www.europesays.com\/pt\/wp-json\/wp\/v2\/media\/133552"}],"wp:attachment":[{"href":"https:\/\/www.europesays.com\/pt\/wp-json\/wp\/v2\/media?parent=133551"}],"wp:term":[{"taxonomy":"category","embeddable":true,"href":"https:\/\/www.europesays.com\/pt\/wp-json\/wp\/v2\/categories?post=133551"},{"taxonomy":"post_tag","embeddable":true,"href":"https:\/\/www.europesays.com\/pt\/wp-json\/wp\/v2\/tags?post=133551"}],"curies":[{"name":"wp","href":"https:\/\/api.w.org\/{rel}","templated":true}]}}