{"id":133557,"date":"2025-10-31T04:55:23","date_gmt":"2025-10-31T04:55:23","guid":{"rendered":"https:\/\/www.europesays.com\/pt\/133557\/"},"modified":"2025-10-31T04:55:23","modified_gmt":"2025-10-31T04:55:23","slug":"estados-unidos-revogam-visto-ao-escritor-wole-soyinka-nobel-da-literatura-literatura","status":"publish","type":"post","link":"https:\/\/www.europesays.com\/pt\/133557\/","title":{"rendered":"Estados Unidos revogam visto ao escritor Wole Soyinka, Nobel da Literatura | Literatura"},"content":{"rendered":"<p>O escritor nigeriano <a href=\"https:\/\/www.publico.pt\/2022\/10\/21\/culturaipsilon\/entrevista\/wole-soyinka-nao-propus-dar-esperanca-nao-irrealista-injusto-2024542\" rel=\"nofollow noopener\" target=\"_blank\">Wole Soyinka<\/a>, laureado com o Pr\u00e9mio Nobel em 1986, afirmou na ter\u00e7a-feira que os Estados Unidos revogaram o seu visto de n\u00e3o imigrante emitido no ano passado e que lhe foi dito para se recandidatar se quisesse tentar visitar os EUA novamente.<\/p>\n<p>O escritor de 91 anos afirmou em 2016 ter rasgado o seu green card dos EUA e renunciado \u00e0 sua resid\u00eancia americana permanente em protesto contra a primeira elei\u00e7\u00e3o do Presidente <a href=\"https:\/\/www.publico.pt\/donald-trump\" rel=\"nofollow noopener\" target=\"_blank\">Donald Trump<\/a>.<\/p>\n<p>O laureado com o Pr\u00e9mio Nobel tem leccionado regularmente em universidades da Ivy League desde meados da d\u00e9cada de 1990, ap\u00f3s receber o Pr\u00e9mio Nobel da Literatura.<\/p>\n<p>Na ter\u00e7a-feira, numa confer\u00eancia de imprensa em Lagos, Soyinka mostrou aos rep\u00f3rteres a c\u00f3pia de uma carta do Consulado Geral dos Estados Unidos na cidade nigeriana, em que lhe que era requisitado que se deslocasse ao consulado com o seu passaporte para o cancelamento f\u00edsico do visto.<\/p>\n<p>Na carta, datada de 23 de Outubro, era dito que &#8220;informa\u00e7\u00f5es adicionais se tornaram dispon\u00edveis&#8221; ap\u00f3s a emiss\u00e3o do visto. \u201cQuero garantir ao consulado que estou muito satisfeito com a revoga\u00e7\u00e3o do meu visto&#8221;, disse Soyinka. \u201c\u00c9 uma carta de amor bastante curiosa, vinda de uma embaixada\u201d, ironizou o Nobel da Literatura.<\/p>\n<p>O autor de <a href=\"https:\/\/www.publico.pt\/2022\/10\/12\/culturaipsilon\/critica\/wole-soyinka-parodia-alegoria-loucura-2023737\" rel=\"nofollow noopener\" target=\"_blank\">Cr\u00f3nicas do Lugar do Povo Mais Feliz da Terra<\/a> acredita que o cancelamento do seu visto est\u00e1 relacionado com declara\u00e7\u00f5es em que comparou <a href=\"https:\/\/www.publico.pt\/donald-trump\" rel=\"nofollow noopener\" target=\"_blank\">Donald Trump<\/a> a <a href=\"https:\/\/www.publico.pt\/2003\/08\/16\/mundo\/noticia\/morreu-antigo-ditador-do-uganda-idi-amin-1161850\" rel=\"nofollow noopener\" target=\"_blank\">Idi Amin<\/a>, terceiro presidente do Uganda, que liderou o pa\u00eds entre 1971 e 1979, sendo considerado um dos mais brutais ditadores do continente africano. Soyinka afirma que Trump deveria sentir-se \u201corgulhoso\u201d com a compara\u00e7\u00e3o. \u201cIdi Amin era um homem com estatuto internacional, um estadista, portanto quando chamei Idi Amin a Donald Trump, julguei estar a fazer-lhe um elogio\u201d, afirmou o escritor, citado pelo Guardian. \u201cEle tem-se comportado com um ditador.\u201d<\/p>\n<p>A Embaixada dos EUA na Nig\u00e9ria n\u00e3o respondeu a um pedido de coment\u00e1rio.<\/p>\n<p>&#8220;N\u00e3o tenho visto, estou obviamente banido dos Estados Unidos e, se me quiserem ver, sabem onde me encontrar&#8221;, disse Soyinka. Est\u00e1 aberto a regressar aos Estados Unidos caso as autoridades do pa\u00eds reconsiderem a posi\u00e7\u00e3o agora tomada, mas s\u00f3 far\u00e1 a viagem se for convidado. \u201cN\u00e3o tomaria eu pr\u00f3prio essa iniciativa porque n\u00e3o h\u00e1 nada l\u00e1 que eu queira. Nada.\u201d Wole Soyinka critica, em particular, a pol\u00edtica de <a href=\"https:\/\/www.publico.pt\/2025\/10\/16\/mundo\/noticia\/repressao-migratoria-operacoes-ice-reacendem-tensao-social-cidades-estados-unidos-2150922\" rel=\"nofollow noopener\" target=\"_blank\">deten\u00e7\u00e3o de imigrantes<\/a> que tem sido seguida pela administra\u00e7\u00e3o americana. \u201cQuando vemos pessoas a serem detidas nas ruas \u2014 pessoas a serem levadas e a desaparecerem por um m\u00eas&#8230; mulheres idosas, crian\u00e7as a serem separadas. \u00c9 isso que realmente me preocupa.&#8221;<\/p>\n<p>A Embaixada dos EUA na Nig\u00e9ria informou em Julho que os nigerianos que desejassem viajar para os EUA com vistos de n\u00e3o imigrante passariam a receber autoriza\u00e7\u00f5es de entrada \u00fanica de tr\u00eas meses, revertendo os vistos de m\u00faltiplas entradas de at\u00e9 cinco anos de que desfrutavam anteriormente.<\/p>\n","protected":false},"excerpt":{"rendered":"O escritor nigeriano Wole Soyinka, laureado com o Pr\u00e9mio Nobel em 1986, afirmou na ter\u00e7a-feira que os Estados&hellip;\n","protected":false},"author":2,"featured_media":133558,"comment_status":"","ping_status":"","sticky":false,"template":"","format":"standard","meta":{"footnotes":""},"categories":[85],"tags":[315,1413,92,114,115,7618,864,25046,542,32,33],"class_list":{"0":"post-133557","1":"post","2":"type-post","3":"status-publish","4":"format-standard","5":"has-post-thumbnail","7":"category-entretenimento","8":"tag-cultura","9":"tag-cultura-ipsilon","10":"tag-donald-trump","11":"tag-entertainment","12":"tag-entretenimento","13":"tag-estados-unidos-da-america","14":"tag-literatura","15":"tag-nobel-da-literatura","16":"tag-para-redes","17":"tag-portugal","18":"tag-pt"},"share_on_mastodon":{"url":"https:\/\/pubeurope.com\/@pt\/115467002839157089","error":""},"_links":{"self":[{"href":"https:\/\/www.europesays.com\/pt\/wp-json\/wp\/v2\/posts\/133557","targetHints":{"allow":["GET"]}}],"collection":[{"href":"https:\/\/www.europesays.com\/pt\/wp-json\/wp\/v2\/posts"}],"about":[{"href":"https:\/\/www.europesays.com\/pt\/wp-json\/wp\/v2\/types\/post"}],"author":[{"embeddable":true,"href":"https:\/\/www.europesays.com\/pt\/wp-json\/wp\/v2\/users\/2"}],"replies":[{"embeddable":true,"href":"https:\/\/www.europesays.com\/pt\/wp-json\/wp\/v2\/comments?post=133557"}],"version-history":[{"count":0,"href":"https:\/\/www.europesays.com\/pt\/wp-json\/wp\/v2\/posts\/133557\/revisions"}],"wp:featuredmedia":[{"embeddable":true,"href":"https:\/\/www.europesays.com\/pt\/wp-json\/wp\/v2\/media\/133558"}],"wp:attachment":[{"href":"https:\/\/www.europesays.com\/pt\/wp-json\/wp\/v2\/media?parent=133557"}],"wp:term":[{"taxonomy":"category","embeddable":true,"href":"https:\/\/www.europesays.com\/pt\/wp-json\/wp\/v2\/categories?post=133557"},{"taxonomy":"post_tag","embeddable":true,"href":"https:\/\/www.europesays.com\/pt\/wp-json\/wp\/v2\/tags?post=133557"}],"curies":[{"name":"wp","href":"https:\/\/api.w.org\/{rel}","templated":true}]}}