{"id":133561,"date":"2025-10-31T05:00:23","date_gmt":"2025-10-31T05:00:23","guid":{"rendered":"https:\/\/www.europesays.com\/pt\/133561\/"},"modified":"2025-10-31T05:00:23","modified_gmt":"2025-10-31T05:00:23","slug":"rob-jetten-lider-do-d66-devera-ser-o-proximo-primeiro-ministro-dos-paises-baixos","status":"publish","type":"post","link":"https:\/\/www.europesays.com\/pt\/133561\/","title":{"rendered":"Rob Jetten, l\u00edder do D66, dever\u00e1 ser o pr\u00f3ximo primeiro-ministro dos Pa\u00edses Baixos"},"content":{"rendered":"<p>        Os liberais t\u00eam uma vantagem m\u00ednima sobre a extrema-direita, mas uma capacidade incomensuravelmente maior de estabelecer coliga\u00e7\u00f5es. Geert Winders viu a sua estrat\u00e9gia sair derrotada.    <\/p>\n<p>Rob Jetten, l\u00edder do D66 Democratas 66, o ano da funda\u00e7\u00e3o), o partido liberal-progressista ter\u00e1 conquistado 26 lugares no parlamento neerland\u00eas (de 150 membros), numa altura em que a contagem dos votos est\u00e1 muito pr\u00f3xima do fim \u2013 esta quinta-feira, tinha uma vantagem de 15 mil votos sobre o Partido Pela Liberdade (PVV), de Geert Wilders. O PVV dever\u00e1 alcan\u00e7ar o mesmo n\u00famero de lugares no parlamento \u2013 mas, mesmo que o consiga, dificilmente o pr\u00f3ximo primeiro-ministro n\u00e3o ser\u00e1 Rob Jetten.<\/p>\n<p>Quando h\u00e1 dois anos o PVV obteve uma vit\u00f3ria expressiva nas elei\u00e7\u00f5es, Wilders s\u00f3 conseguiu formar governo ao cabo de mais de meio ano e depois de aceitar n\u00e3o fazer parte do elenco. Dois anos volvidos, o l\u00edder dos extremistas de direita entendeu que estava chegada a hora de provocar elei\u00e7\u00f5es antecipadas, considerando que o seu partido podia chegar \u00e0 maioria absoluta. Arranjou por isso um expediente \u2013 foi a imigra\u00e7\u00e3o, o motivo mais f\u00e1cil, mas podia ter sido outro qualquer \u2013 mas as elei\u00e7\u00f5es acabaram por n\u00e3o lhe correr bem: n\u00e3o tem maioria absoluta e arrisca ficar de fora do pr\u00f3ximo governo.<\/p>\n<p>\u00c9 que, tal como sucedeu h\u00e1 dois anos, Wilders ter\u00e1 dificuldade em conseguir encontrar parceiros para uma coliga\u00e7\u00e3o \u2013 e isto se ganhar as elei\u00e7\u00f5es, o que ainda n\u00e3o \u00e9 certo. As dificuldades ser\u00e3o ainda maiores que h\u00e1 dois anos: o partido que ent\u00e3o lhe \u2018deu a m\u00e3o\u2019, o Partido Popular para a Liberdade e Democracia (VVD), sofreu um rev\u00e9s nas elei\u00e7\u00f5es desta quarta-feira, exatamente penalizado por ter \u2018embarcado\u2019 na aventura com os extremistas.<\/p>\n<p>Do outro lado, o D66 s\u00f3 ter\u00e1 de escolher com quem far\u00e1 coliga\u00e7\u00e3o: com o pr\u00f3prio VVD, com os trabalhistas (coligados com os Verdes), que, tal como no Reino Unido, s\u00e3o os socialistas l\u00e1 do s\u00edtio, ou mesmo o Apelo Democrata-Crist\u00e3o (CDA), que se tem mostrado dispon\u00edvel. Chamando a si os neerlandeses pr\u00f3-europeus, urbanos e de alto rendimento, o D66 tem todas as condi\u00e7\u00f5es para formar governo. Concentrou a sua campanha em solu\u00e7\u00f5es para a crise habitacional, nomeadamente com um plano para construir novas cidades e escolheu um slogan otimista: \u201c\u00c9 poss\u00edvel\u201d, que evoca o otimismo do \u201cSim, n\u00f3s podemos\u201d do ex-presidente norte-americano Barack Obama. Energia verde e acess\u00edvel, \u201cproveniente do nosso pr\u00f3prio solo\u201d, aposta na preven\u00e7\u00e3o na \u00e1rea da sa\u00fade e uma melhor educa\u00e7\u00e3o, faziam parte do menu servido aos neerlandeses. Que o \u2018compraram\u2019. Quanto \u00e0 imigra\u00e7\u00e3o \u2013 um tema que se revela fraturante nos Pa\u00edses Baixos. Rob Jetten defende um sistema que permita a apresenta\u00e7\u00e3o de pedidos de asilo fora da Europa, o que tem a vantagem de \u2018esvaziar\u2019 o problema, ou parte dele, nos pa\u00edses europeus.<\/p>\n<p>Para os analistas, a melhor op\u00e7\u00e3o de Rob Jetten \u00e9 tentar uma ampla coliga\u00e7\u00e3o com o VVD e com os trabalhista\/verdes. Mas tem pelo menos um problema: os dois passaram a campanha a guerrearem-se fortemente.<\/p>\n<p>Conhecido como \u2018Rob\u00f4 Jetten\u2019 devido \u00e0 forma desajeitada como responde \u00e0s perguntas, o l\u00edder do D66, de 38 anos, assumidamente gay, esteve para assumir a lideran\u00e7a do partido em 2018, antes de decidir ceder o cargo \u00e0 diplomata veterana Sigrid Kaag. S\u00f3 veio a substitu\u00ed-la depois dos resultados dececionantes de 2023. O D66 faz parte do grupo Renew Europe no Parlamento Europeu.<\/p>\n","protected":false},"excerpt":{"rendered":"Os liberais t\u00eam uma vantagem m\u00ednima sobre a extrema-direita, mas uma capacidade incomensuravelmente maior de estabelecer coliga\u00e7\u00f5es. Geert&hellip;\n","protected":false},"author":2,"featured_media":133562,"comment_status":"","ping_status":"","sticky":false,"template":"","format":"standard","meta":{"footnotes":""},"categories":[8],"tags":[27,28,30200,9041,30201,15,16,14712,14,25,26,21,22,12,13,19,20,3914,32,23,24,33,30099,17,18,29,30,31],"class_list":{"0":"post-133561","1":"post","2":"type-post","3":"status-publish","4":"format-standard","5":"has-post-thumbnail","7":"category-principais-noticias","8":"tag-breaking-news","9":"tag-breakingnews","10":"tag-eleicoes-nos-paises-baixos","11":"tag-extrema-direita","12":"tag-extrema-direita-europeia","13":"tag-featured-news","14":"tag-featurednews","15":"tag-geert-wilders","16":"tag-headlines","17":"tag-latest-news","18":"tag-latestnews","19":"tag-main-news","20":"tag-mainnews","21":"tag-news","22":"tag-noticias","23":"tag-noticias-principais","24":"tag-noticiasprincipais","25":"tag-paises-baixos","26":"tag-portugal","27":"tag-principais-noticias","28":"tag-principaisnoticias","29":"tag-pt","30":"tag-rob-jetten","31":"tag-top-stories","32":"tag-topstories","33":"tag-ultimas","34":"tag-ultimas-noticias","35":"tag-ultimasnoticias"},"share_on_mastodon":{"url":"https:\/\/pubeurope.com\/@pt\/115467021605662926","error":""},"_links":{"self":[{"href":"https:\/\/www.europesays.com\/pt\/wp-json\/wp\/v2\/posts\/133561","targetHints":{"allow":["GET"]}}],"collection":[{"href":"https:\/\/www.europesays.com\/pt\/wp-json\/wp\/v2\/posts"}],"about":[{"href":"https:\/\/www.europesays.com\/pt\/wp-json\/wp\/v2\/types\/post"}],"author":[{"embeddable":true,"href":"https:\/\/www.europesays.com\/pt\/wp-json\/wp\/v2\/users\/2"}],"replies":[{"embeddable":true,"href":"https:\/\/www.europesays.com\/pt\/wp-json\/wp\/v2\/comments?post=133561"}],"version-history":[{"count":0,"href":"https:\/\/www.europesays.com\/pt\/wp-json\/wp\/v2\/posts\/133561\/revisions"}],"wp:featuredmedia":[{"embeddable":true,"href":"https:\/\/www.europesays.com\/pt\/wp-json\/wp\/v2\/media\/133562"}],"wp:attachment":[{"href":"https:\/\/www.europesays.com\/pt\/wp-json\/wp\/v2\/media?parent=133561"}],"wp:term":[{"taxonomy":"category","embeddable":true,"href":"https:\/\/www.europesays.com\/pt\/wp-json\/wp\/v2\/categories?post=133561"},{"taxonomy":"post_tag","embeddable":true,"href":"https:\/\/www.europesays.com\/pt\/wp-json\/wp\/v2\/tags?post=133561"}],"curies":[{"name":"wp","href":"https:\/\/api.w.org\/{rel}","templated":true}]}}