{"id":133567,"date":"2025-10-31T05:07:11","date_gmt":"2025-10-31T05:07:11","guid":{"rendered":"https:\/\/www.europesays.com\/pt\/133567\/"},"modified":"2025-10-31T05:07:11","modified_gmt":"2025-10-31T05:07:11","slug":"inglaterra-ruben-amorim-nomeado-para-treinador-do-mes-de-outubro","status":"publish","type":"post","link":"https:\/\/www.europesays.com\/pt\/133567\/","title":{"rendered":"Inglaterra: Ruben Amorim nomeado para treinador do m\u00eas de outubro"},"content":{"rendered":"<p>Ruben Amorim est\u00e1 nomeado para melhor treinador do m\u00eas de outubro na Premier League, a primeira vez que est\u00e1 na corrida desta distin\u00e7\u00e3o desde que chegou ao Manchester United.<\/p>\n<p>O treinador luso levou o Manchester United ao sexto lugar a um ponto da \u00abzona Champions\u00bb, ap\u00f3s um m\u00eas 100 por cento vitorioso, fruto dos triunfos diante do Sunderland (2-0), Brighton (4-2) e por \u00faltimo, no cl\u00e1ssico contra o Liverpool (2-1).<\/p>\n<p>Mikel Arteta (Arsenal), Unai Emery (Aston Villa) e Andoni Iraola (Bournemouth) s\u00e3o os outros nomeados. O vencedor ser\u00e1 anunciado na pr\u00f3xima semana, ap\u00f3s a combina\u00e7\u00e3o dos votos dos adeptos com os de um painel de especialistas.<\/p>\n<blockquote class=\"twitter-tweet\">\n<p lang=\"en\">Four managers guiding their sides to unbeaten months \ud83d\udc4f<\/p>\n<p>Who gets your vote for <a href=\"https:\/\/twitter.com\/BarclaysFooty?ref_src=twsrc%5Etfw\" rel=\"nofollow noopener\" target=\"_blank\">@BarclaysFooty<\/a> Manager of the Month? \ud83d\udc40<\/p>\n<p> \u2014 Premier League (@premierleague)<br \/>\n  <a href=\"https:\/\/twitter.com\/premierleague\/status\/1983866477796315511?ref_src=twsrc%5Etfw\" rel=\"nofollow noopener\" target=\"_blank\">October 30, 2025<\/a>\n <\/p><\/blockquote>\n<p>                                <script async src=\"https:\/\/platform.twitter.com\/widgets.js\" charset=\"utf-8\"><\/script><\/p>\n","protected":false},"excerpt":{"rendered":"Ruben Amorim est\u00e1 nomeado para melhor treinador do m\u00eas de outubro na Premier League, a primeira vez que&hellip;\n","protected":false},"author":2,"featured_media":118000,"comment_status":"","ping_status":"","sticky":false,"template":"","format":"standard","meta":{"footnotes":""},"categories":[87],"tags":[135,665,436,46,663,32,666,33,47,1052,134,30202],"class_list":{"0":"post-133567","1":"post","2":"type-post","3":"status-publish","4":"format-standard","5":"has-post-thumbnail","7":"category-desporto","8":"tag-desporto","9":"tag-inglaterra","10":"tag-made-in","11":"tag-maisfutebol","12":"tag-manchester-united","13":"tag-portugal","14":"tag-premier-league","15":"tag-pt","16":"tag-pura-paixao","17":"tag-ruben-amorim","18":"tag-sports","19":"tag-treinador-do-mes"},"share_on_mastodon":{"url":"https:\/\/pubeurope.com\/@pt\/115467048946016418","error":""},"_links":{"self":[{"href":"https:\/\/www.europesays.com\/pt\/wp-json\/wp\/v2\/posts\/133567","targetHints":{"allow":["GET"]}}],"collection":[{"href":"https:\/\/www.europesays.com\/pt\/wp-json\/wp\/v2\/posts"}],"about":[{"href":"https:\/\/www.europesays.com\/pt\/wp-json\/wp\/v2\/types\/post"}],"author":[{"embeddable":true,"href":"https:\/\/www.europesays.com\/pt\/wp-json\/wp\/v2\/users\/2"}],"replies":[{"embeddable":true,"href":"https:\/\/www.europesays.com\/pt\/wp-json\/wp\/v2\/comments?post=133567"}],"version-history":[{"count":0,"href":"https:\/\/www.europesays.com\/pt\/wp-json\/wp\/v2\/posts\/133567\/revisions"}],"wp:featuredmedia":[{"embeddable":true,"href":"https:\/\/www.europesays.com\/pt\/wp-json\/wp\/v2\/media\/118000"}],"wp:attachment":[{"href":"https:\/\/www.europesays.com\/pt\/wp-json\/wp\/v2\/media?parent=133567"}],"wp:term":[{"taxonomy":"category","embeddable":true,"href":"https:\/\/www.europesays.com\/pt\/wp-json\/wp\/v2\/categories?post=133567"},{"taxonomy":"post_tag","embeddable":true,"href":"https:\/\/www.europesays.com\/pt\/wp-json\/wp\/v2\/tags?post=133567"}],"curies":[{"name":"wp","href":"https:\/\/api.w.org\/{rel}","templated":true}]}}