{"id":133577,"date":"2025-10-31T05:21:08","date_gmt":"2025-10-31T05:21:08","guid":{"rendered":"https:\/\/www.europesays.com\/pt\/133577\/"},"modified":"2025-10-31T05:21:08","modified_gmt":"2025-10-31T05:21:08","slug":"eleicoes-no-benfica-noronha-a-pedalar-e-rui-costa-a-puxar-o-brilho-a-bicicleta-futebol-nacional","status":"publish","type":"post","link":"https:\/\/www.europesays.com\/pt\/133577\/","title":{"rendered":"Elei\u00e7\u00f5es no Benfica: Noronha a pedalar e Rui Costa a puxar o brilho \u00e0 bicicleta | Futebol nacional"},"content":{"rendered":"<p>Rui Costa e Noronha Lopes, os dois candidatos que disputam a segunda volta das elei\u00e7\u00f5es do Benfica, a 8 de Novembro, encontraram-se nesta quinta-feira, no Est\u00e1dio da Luz, para um debate de uma hora, acompanhado por quatro esta\u00e7\u00f5es de televis\u00e3o, em que ambos reafirmaram a convic\u00e7\u00e3o de que conseguir\u00e3o vencer o acto eleitoral.<\/p>\n<p>Numa campanha que, como disse Rui Costa, j\u00e1 vai longa, em que os projectos j\u00e1 foram amplamente avaliados, sobrou muito pouco para al\u00e9m de uma discuss\u00e3o sobre a m\u00e1goa pessoal depois do que os entrevistadores \u201capelidaram\u201d de campanha suja.<\/p>\n<p>Rui Costa e <a href=\"https:\/\/www.publico.pt\/2025\/10\/18\/desporto\/entrevista\/noronha-lopes-candidato-nao-sei-comigo-bernardo-volta-certeza-2151195\" rel=\"nofollow noopener\" target=\"_blank\">Noronha Lopes<\/a> comungam da ideia de for\u00e7a dos benfiquistas, sobretudo no que se refere \u00e0 manifesta\u00e7\u00e3o dada nas elei\u00e7\u00f5es mais concorridas de sempre. Ambos defenderam a continuidade de Jos\u00e9 Mourinho, mas divergiram quando tocaram na ferida aberta por trocas de acusa\u00e7\u00f5es de car\u00e1cter pessoal e excessos imputados \u00e0s duas candidaturas.<\/p>\n<p>O debate foi precedido de breves interven\u00e7\u00f5es de Jo\u00e3o Noronha Lopes e <a href=\"https:\/\/www.publico.pt\/2025\/10\/22\/desporto\/entrevista\/rui-costa-nao-irei-prometer-nao-vender-jogadores-2151698\" rel=\"nofollow noopener\" target=\"_blank\">Rui Costa<\/a>. O candidato que ficou em segundo lugar na primeira volta (30,26% dos votos) disse esperar \u201cuma conversa \u00e0 Benfica\u201d. \u201cPartimos para uma segunda etapa, que come\u00e7a do zero, ainda que com Rui Costa \u00e0 frente [42,13%]. Por isso tenho de pedalar um bocadinho mais\u201d, vincou, garantindo que n\u00e3o ceder\u00e1 \u00e0 tenta\u00e7\u00e3o de reclamar os votos de Jo\u00e3o Diogo Manteigas \u2014 que <a href=\"https:\/\/www.publico.pt\/2025\/10\/27\/desporto\/noticia\/joao-diogo-manteigas-vai-votar-noronha-lopes-eleicoes-benfica-2152300?ref=sl-benfica&amp;cx=page__content\" rel=\"nofollow noopener\" target=\"_blank\">j\u00e1 lhe endere\u00e7ou apoio<\/a> a n\u00edvel estritamente pessoal.<\/p>\n<p>        &#13;<\/p>\n<p>&#13;<br \/>\n                &#13;\n            <\/p>\n<p>&#13;<\/p>\n<p>Rui Costa, que chegou depois ao palco do debate, colocou a discuss\u00e3o na estaca zero, apesar da <a href=\"https:\/\/www.publico.pt\/2025\/10\/26\/desporto\/noticia\/rui-costa-ganhou-noronha-lopes-escapou-ko-2152215?ref=sl-benfica&amp;cx=page__content\" rel=\"nofollow noopener\" target=\"_blank\">vantagem de mais de 200 mil votos<\/a> conseguida na primeira volta. E aproveitou prontamente para corrigir o seu opositor no uso da express\u00e3o \u201cpresidente do quase\u201d, numa refer\u00eancia aos t\u00edtulos falhados nos \u00faltimos quatro anos.<\/p>\n<p>Sem esconder a frustra\u00e7\u00e3o, Rui Costa lembrou a Noronha Lopes que n\u00e3o foi um campeonato e uma Superta\u00e7a que o Benfica conquistou no seu consulado, mas sim um campeonato, duas Superta\u00e7as e <a href=\"https:\/\/www.publico.pt\/2025\/01\/11\/desporto\/cronica_de_jogo\/benfica-vence-derby-penaltis-fica-taca-liga-2118472\" rel=\"nofollow noopener\" target=\"_blank\">uma Ta\u00e7a da Liga<\/a>. \u201c[Isto] Depois de ter pegado no Benfica como peguei e da imensa remodela\u00e7\u00e3o feita\u201d, contextualizou, garantindo que o Benfica \u201cest\u00e1 muito melhor do que h\u00e1 quatro anos e os s\u00f3cios t\u00eam no\u00e7\u00e3o disso\u201d.<\/p>\n<p>Noronha Lopes, que defendeu a continuidade de Jos\u00e9 Mourinho, aproveitou para atacar Rui Costa por n\u00e3o ter dado nem condi\u00e7\u00f5es nem tempo a Bruno Lage, defendendo o exemplo de Lu\u00eds Filipe Vieira quando manteve Jorge Jesus e depois foi campe\u00e3o. Apesar dos reparos, reafirmou n\u00e3o ter \u201cuma candidatura contra ningu\u00e9m, mas a favor do Benfica\u201d.<\/p>\n<p>Na parte menos dignificante do debate, que come\u00e7ou pela quest\u00e3o do mail da candidatura de Noronha Lopes enviado no dia das elei\u00e7\u00f5es aos volunt\u00e1rios\/s\u00f3cios (que o candidato insistiu ser \u201cru\u00eddo\u201d desnecess\u00e1rio, mas que motivou <a href=\"https:\/\/www.publico.pt\/2025\/10\/28\/desporto\/noticia\/eleicoes-benfica-avanca-queixa-comissao-nacional-proteccao-dados-2152500?ref=sl-benfica&amp;cx=page__content\" rel=\"nofollow noopener\" target=\"_blank\">uma queixa que o Benfica encaminhou<\/a> para a Comiss\u00e3o Nacional de Protec\u00e7\u00e3o de Dados), ambos concordaram com a forma \u201cabomin\u00e1vel\u201d como decorreram ataques nas redes sociais.<\/p>\n<p>\u201cN\u00e3o estamos em partidos, estas elei\u00e7\u00f5es n\u00e3o podem ser vista como uma campanha pol\u00edtica. Somos o maior clube do mundo, mas s\u00f3 somos grandes se conseguirmos estar juntos. N\u00e3o consigo compreender e abomino este comportamento\u201d, condenou Rui Costa, enquanto Noronha lembrou que j\u00e1 foi \u201cacusado praticamente de tudo, de ser o novo Vale e Azevedo, de precisar do Benfica para viver, de n\u00e3o ter rendimentos\u201d.<\/p>\n<p>\u201cSabemos como funcionam as redes sociais, mas, no final, somos todos do mesmo clube\u201d, concluiu o actual l\u00edder dos \u201cencarnados\u201d.<\/p>\n","protected":false},"excerpt":{"rendered":"Rui Costa e Noronha Lopes, os dois candidatos que disputam a segunda volta das elei\u00e7\u00f5es do Benfica, a&hellip;\n","protected":false},"author":2,"featured_media":133578,"comment_status":"","ping_status":"","sticky":false,"template":"","format":"standard","meta":{"footnotes":""},"categories":[87],"tags":[135,280,32,33,6058,3099,134],"class_list":{"0":"post-133577","1":"post","2":"type-post","3":"status-publish","4":"format-standard","5":"has-post-thumbnail","7":"category-desporto","8":"tag-desporto","9":"tag-futebol-nacional","10":"tag-portugal","11":"tag-pt","12":"tag-rui-costa","13":"tag-sl-benfica","14":"tag-sports"},"share_on_mastodon":{"url":"https:\/\/pubeurope.com\/@pt\/115467104016085817","error":""},"_links":{"self":[{"href":"https:\/\/www.europesays.com\/pt\/wp-json\/wp\/v2\/posts\/133577","targetHints":{"allow":["GET"]}}],"collection":[{"href":"https:\/\/www.europesays.com\/pt\/wp-json\/wp\/v2\/posts"}],"about":[{"href":"https:\/\/www.europesays.com\/pt\/wp-json\/wp\/v2\/types\/post"}],"author":[{"embeddable":true,"href":"https:\/\/www.europesays.com\/pt\/wp-json\/wp\/v2\/users\/2"}],"replies":[{"embeddable":true,"href":"https:\/\/www.europesays.com\/pt\/wp-json\/wp\/v2\/comments?post=133577"}],"version-history":[{"count":0,"href":"https:\/\/www.europesays.com\/pt\/wp-json\/wp\/v2\/posts\/133577\/revisions"}],"wp:featuredmedia":[{"embeddable":true,"href":"https:\/\/www.europesays.com\/pt\/wp-json\/wp\/v2\/media\/133578"}],"wp:attachment":[{"href":"https:\/\/www.europesays.com\/pt\/wp-json\/wp\/v2\/media?parent=133577"}],"wp:term":[{"taxonomy":"category","embeddable":true,"href":"https:\/\/www.europesays.com\/pt\/wp-json\/wp\/v2\/categories?post=133577"},{"taxonomy":"post_tag","embeddable":true,"href":"https:\/\/www.europesays.com\/pt\/wp-json\/wp\/v2\/tags?post=133577"}],"curies":[{"name":"wp","href":"https:\/\/api.w.org\/{rel}","templated":true}]}}