{"id":133615,"date":"2025-10-31T06:50:33","date_gmt":"2025-10-31T06:50:33","guid":{"rendered":"https:\/\/www.europesays.com\/pt\/133615\/"},"modified":"2025-10-31T06:50:33","modified_gmt":"2025-10-31T06:50:33","slug":"foz-do-iguacu-vai-usar-ia-para-monitorar-dengue-em-tempo-real","status":"publish","type":"post","link":"https:\/\/www.europesays.com\/pt\/133615\/","title":{"rendered":"Foz do Igua\u00e7u vai usar IA para monitorar dengue em tempo real"},"content":{"rendered":"<p class=\"postParagraph_post-paragraph__juWZN\">Foz do Igua\u00e7u (PR) vai contar com um sistema inteligente de monitoramento do mosquito transmissor da dengue. A iniciativa \u00e9 resultado de uma parceria entre a Universidade Estadual do Oeste do Paran\u00e1 (Unioeste) e a prefeitura que promete revolucionar o controle da doen\u00e7a com o uso de intelig\u00eancia artificial e sensores de alta precis\u00e3o.<\/p>\n<p class=\"postParagraph_post-paragraph-innerHtml__Q5vwc\"><a href=\"https:\/\/chat.whatsapp.com\/H7ozD2alPDA1a3twUX7jw7\" target=\"_blank\" rel=\"noreferrer noopener nofollow\">Receba as principais not\u00edcias do Paran\u00e1 pelo WhatsApp<\/a><\/p>\n<p class=\"postParagraph_post-paragraph__juWZN\">O projeto ser\u00e1 conduzido pela Unioeste, campus Foz do Igua\u00e7u, sob coordena\u00e7\u00e3o do professor Andr\u00e9 Gustavo Maletzke, do curso de Ci\u00eancias da Computa\u00e7\u00e3o. O trabalho contar\u00e1 com apoio t\u00e9cnico e log\u00edstico do Centro de Zoonoses do munic\u00edpio.<\/p>\n<p class=\"postParagraph_post-paragraph__juWZN\">\u201cUma das grandes dificuldades no combate \u00e0 dengue \u00e9 saber o tamanho da popula\u00e7\u00e3o de mosquitos. Quando conseguimos medir isso com precis\u00e3o, podemos agir de forma mais r\u00e1pida e eficiente diante de um poss\u00edvel surto\u201d, aponta Maletzke.<\/p>\n<p class=\"postParagraph_post-paragraph-innerHtml__Q5vwc\">O sistema funciona por meio de sensores \u00f3ticos capazes de identificar o mosquito no momento em que ele entra na armadilha. A tecnologia usa algoritmos de intelig\u00eancia artificial para reconhecer a esp\u00e9cie e suas caracter\u00edsticas biol\u00f3gicas, inclusive diferenciando o Aedes aegypti de outros insetos.<\/p>\n<p class=\"postParagraph_post-paragraph__juWZN\">Tudo \u00e9 feito de forma autom\u00e1tica e em tempo real, eliminando a necessidade de coleta manual de dados. \u201cPesquisas como essa mostram a for\u00e7a da ci\u00eancia feita aqui e seu impacto direto na vida das pessoas\u201d, destacou o diretor-geral da Unioeste Foz, S\u00e9rgio Moacir Fabriz.<\/p>\n<p><img alt=\"Tecnologia usa algoritmos de intelig\u00eancia artificial para reconhecer a esp\u00e9cie e suas caracter\u00edsticas biol\u00f3gicas, inclusive diferenciando o mosquito da dengue Aedes aegypti de outros insetos.\" loading=\"lazy\" width=\"638\" height=\"359\" decoding=\"async\" data-nimg=\"1\" class=\"imageDefault_image-item__lU2Dk\" style=\"color:transparent\" src=\"https:\/\/www.europesays.com\/pt\/wp-content\/uploads\/2025\/10\/IMG_3490-scaled.jpg.webp.webp\"\/>Tecnologia usa algoritmos de intelig\u00eancia artificial para reconhecer a esp\u00e9cie e suas caracter\u00edsticas biol\u00f3gicas, inclusive diferenciando o Aedes aegypti de outros insetos. (Foto: Mohammad Fayed\/Unioeste)Padr\u00e3o de comportamento dos mosquitos ajuda a prever surtos da doen\u00e7a <\/p>\n<p class=\"postParagraph_post-paragraph__juWZN\">Com custo estimado em at\u00e9 dez vezes menor que o de equipamentos similares dispon\u00edveis no mercado, os sensores permitir\u00e3o a instala\u00e7\u00e3o de uma ampla rede de monitoramento na cidade de Foz do Igua\u00e7u a partir de 2026, como projeto-piloto. O sistema vai gerar informa\u00e7\u00f5es sobre densidade populacional, hor\u00e1rios de maior atividade e \u00e1reas mais afetadas, al\u00e9m de prever surtos com base em padr\u00f5es de comportamento dos mosquitos.<\/p>\n<p class=\"postParagraph_post-paragraph__juWZN\">A pesquisa foi desenvolvida ao longo de uma d\u00e9cada pela Unioeste em colabora\u00e7\u00e3o com institui\u00e7\u00f5es de refer\u00eancia, como a Universidade de S\u00e3o Paulo (USP), a North Carolina State University (EUA) e a Universidade de Nova Gales do Sul (Austr\u00e1lia). A tecnologia \u00e9 capaz de identificar cerca de 3,5 mil esp\u00e9cies de mosquitos, sendo 200 delas transmissoras de doen\u00e7as.<\/p>\n<p class=\"postParagraph_post-paragraph__juWZN\">A intelig\u00eancia artificial reconhece o som das asas do inseto \u2014 cada esp\u00e9cie possui uma frequ\u00eancia espec\u00edfica \u2014 e pode at\u00e9 indicar se o mosquito j\u00e1 fez uma picada. Os dados s\u00e3o enviados automaticamente a uma central, onde s\u00e3o processados e utilizados para orientar a\u00e7\u00f5es de preven\u00e7\u00e3o.<\/p>\n<p><img alt=\"A intelig\u00eancia artificial reconhece o som das asas do inseto \u2014 cada esp\u00e9cie possui uma frequ\u00eancia espec\u00edfica \u2014 e pode at\u00e9 indicar se o mosquito causador da dengue j\u00e1 fez uma picada.\" loading=\"lazy\" width=\"638\" height=\"359\" decoding=\"async\" data-nimg=\"1\" class=\"imageDefault_image-item__lU2Dk\" style=\"color:transparent\" src=\"https:\/\/www.europesays.com\/pt\/wp-content\/uploads\/2025\/10\/IMG_3480-scaled.jpg.webp.webp\"\/>A intelig\u00eancia artificial reconhece o som das asas do inseto \u2014 cada esp\u00e9cie possui uma frequ\u00eancia espec\u00edfica \u2014 e pode at\u00e9 indicar se o mosquito j\u00e1 fez uma picada. (Foto: Mohammad Fayed\/Unioeste)<\/p>\n<p class=\"postParagraph_post-paragraph__juWZN\">Para o prefeito de Foz do Igua\u00e7u, Joaquim Silva e Luna (PL), o projeto representa um avan\u00e7o in\u00e9dito no combate \u00e0 dengue. \u201c\u00c9 um salto na preven\u00e7\u00e3o e na prote\u00e7\u00e3o da nossa popula\u00e7\u00e3o. Temos um desafio grande nessa \u00e1rea, e essa parceria com a universidade traz uma solu\u00e7\u00e3o tecnol\u00f3gica que vai ajudar muito a cidade\u201d, afirmou.<\/p>\n<p class=\"postParagraph_post-paragraph__juWZN\">A pior epidemia de dengue que a cidade \u2014 localizada na Tr\u00edplice Fronteira com Paraguai e Argentina \u2014 enfrentou foi em 2023, o que levou \u00e0 decreta\u00e7\u00e3o de estado de emerg\u00eancia em fevereiro e mar\u00e7o daquele ano.\u00a0Foram mais de 50 mil notifica\u00e7\u00f5es, 26 mil casos confirmados e 22 \u00f3bitos, al\u00e9m de mais de mil registros de chikungunya. O munic\u00edpio chegou a ser o segundo no Paran\u00e1 com mais mortes e casos da doen\u00e7a.<\/p>\n<p>Foz tem queda animadora nos casos de dengue<\/p>\n<p class=\"postParagraph_post-paragraph-innerHtml__Q5vwc\">No ano passado, apesar de os n\u00fameros serem mais modestos, o cen\u00e1rio seguiu desafiador com a cidade, ultrapassando a marca de 13 mil casos de dengue, com o registro de 10 \u00f3bitos e mais uma decreta\u00e7\u00e3o de estado de emerg\u00eancia, em mar\u00e7o. <strong>Neste ano, os n\u00fameros mostram uma retra\u00e7\u00e3o animadora nos n\u00fameros.<\/strong><\/p>\n<p class=\"postParagraph_post-paragraph-innerHtml__Q5vwc\">O cen\u00e1rio em 2025 \u00e9 drasticamente diferente. Entre janeiro e setembro, o munic\u00edpio contabilizou 7.443 notifica\u00e7\u00f5es, com apenas\u00a0943 casos confirmados, sem registro de \u00f3bitos. Isso representa uma <strong>queda recorde<\/strong> e um dos cen\u00e1rios mais positivos dos \u00faltimos anos no combate \u00e0 doen\u00e7a.<\/p>\n<p class=\"postParagraph_post-paragraph-innerHtml__Q5vwc\">Os t\u00e9cnicos do Centro de Controle de Zoonoses explicam que os moradores da cidade j\u00e1 est\u00e3o imunizados contra os sorotipos 1, 2 e 4 da doen\u00e7a. <strong>O que preocupa neste ano \u00e9 o tipo 3<\/strong>, que est\u00e1 em circula\u00e7\u00e3o no Paran\u00e1, com casos confirmados no estado. A \u00faltima vez que esse sorotipo havia circulado de forma predominante no Brasil foi antes de 2008, e no Paran\u00e1, especificamente, foi em 2016.<\/p>\n<p class=\"gp-styles-module-size-small-afeYRa gp-styles-module-font-family2-afeYRa gp-styles-module-color-secondary-afeYRa gp-styles-module-weight-bold-afeYRa\">VEJA TAMB\u00c9M:<\/p>\n<ul class=\"postViewMore_post-view-more-list__CU_CE\">\n<li class=\"postViewMore_post-view-more-item__2MzRb\"><img loading=\"lazy\" decoding=\"async\" class=\"imageDefault_image-item__lU2Dk\" src=\"https:\/\/www.europesays.com\/pt\/wp-content\/uploads\/2025\/10\/dengue-2_Jonatan-Rocha-380x214.jpg.webp.webp\" alt=\"Segundo o Minist\u00e9rio da Sa\u00fade, DENV-3 \u00e9 um dos tipos que tem maior potencial de causar formas graves da doen\u00e7a.\" width=\"72\" height=\"72\"\/><a class=\"postViewMore_post-view-more-link-hasImage__0lssj\" href=\"https:\/\/www.gazetadopovo.com.br\/santa-catarina\/casos-com-sorotipo-mais-perigoso-dengue-denv3-crescem-sc\/?ref=veja-tambem\" title=\"Veja tamb\u00e9m: Casos com sorotipo mais perigoso da dengue crescem 7.000% em Santa Catarina\" rel=\"nofollow noopener\" target=\"_blank\">Casos com sorotipo mais perigoso da dengue crescem 7.000% em Santa Catarina<\/a><\/li>\n<li class=\"postViewMore_post-view-more-item__2MzRb\"><img loading=\"lazy\" decoding=\"async\" class=\"imageDefault_image-item__lU2Dk\" src=\"https:\/\/www.europesays.com\/pt\/wp-content\/uploads\/2025\/10\/wolbito-brasil-380x214.jpg.webp.webp\" alt=\"Mosquito Wolbito\" width=\"72\" height=\"72\"\/><a class=\"postViewMore_post-view-more-link-hasImage__0lssj\" href=\"https:\/\/www.gazetadopovo.com.br\/vozes\/parana-sa\/parana-abre-a-maior-biofabrica-de-mosquitos-do-mundo-de-combate-a-dengue\/?ref=veja-tambem\" title=\"Veja tamb\u00e9m: Paran\u00e1 abre a maior biof\u00e1brica de mosquitos do mundo de combate \u00e0 dengue\" rel=\"nofollow noopener\" target=\"_blank\">Paran\u00e1 abre a maior biof\u00e1brica de mosquitos do mundo de combate \u00e0 dengue<\/a><\/li>\n<\/ul>\n","protected":false},"excerpt":{"rendered":"Foz do Igua\u00e7u (PR) vai contar com um sistema inteligente de monitoramento do mosquito transmissor da dengue. A&hellip;\n","protected":false},"author":2,"featured_media":133616,"comment_status":"","ping_status":"","sticky":false,"template":"","format":"standard","meta":{"footnotes":""},"categories":[86],"tags":[1896,1891,16295,116,933,4127,32,33,117,110,3062],"class_list":{"0":"post-133615","1":"post","2":"type-post","3":"status-publish","4":"format-standard","5":"has-post-thumbnail","7":"category-saude","8":"tag-aedes-aegypti","9":"tag-dengue","10":"tag-foz-do-iguacu","11":"tag-health","12":"tag-inteligencia-artificial","13":"tag-parana","14":"tag-portugal","15":"tag-pt","16":"tag-saude","17":"tag-tecnologia","18":"tag-universidade"},"share_on_mastodon":{"url":"https:\/\/pubeurope.com\/@pt\/115467454086239497","error":""},"_links":{"self":[{"href":"https:\/\/www.europesays.com\/pt\/wp-json\/wp\/v2\/posts\/133615","targetHints":{"allow":["GET"]}}],"collection":[{"href":"https:\/\/www.europesays.com\/pt\/wp-json\/wp\/v2\/posts"}],"about":[{"href":"https:\/\/www.europesays.com\/pt\/wp-json\/wp\/v2\/types\/post"}],"author":[{"embeddable":true,"href":"https:\/\/www.europesays.com\/pt\/wp-json\/wp\/v2\/users\/2"}],"replies":[{"embeddable":true,"href":"https:\/\/www.europesays.com\/pt\/wp-json\/wp\/v2\/comments?post=133615"}],"version-history":[{"count":0,"href":"https:\/\/www.europesays.com\/pt\/wp-json\/wp\/v2\/posts\/133615\/revisions"}],"wp:featuredmedia":[{"embeddable":true,"href":"https:\/\/www.europesays.com\/pt\/wp-json\/wp\/v2\/media\/133616"}],"wp:attachment":[{"href":"https:\/\/www.europesays.com\/pt\/wp-json\/wp\/v2\/media?parent=133615"}],"wp:term":[{"taxonomy":"category","embeddable":true,"href":"https:\/\/www.europesays.com\/pt\/wp-json\/wp\/v2\/categories?post=133615"},{"taxonomy":"post_tag","embeddable":true,"href":"https:\/\/www.europesays.com\/pt\/wp-json\/wp\/v2\/tags?post=133615"}],"curies":[{"name":"wp","href":"https:\/\/api.w.org\/{rel}","templated":true}]}}