{"id":133623,"date":"2025-10-31T07:12:10","date_gmt":"2025-10-31T07:12:10","guid":{"rendered":"https:\/\/www.europesays.com\/pt\/133623\/"},"modified":"2025-10-31T07:12:10","modified_gmt":"2025-10-31T07:12:10","slug":"ator-de-um-maluco-no-pedaco-floyd-roger-myers-jr-morre-aos-42-anos","status":"publish","type":"post","link":"https:\/\/www.europesays.com\/pt\/133623\/","title":{"rendered":"Ator de \u201cUm Maluco no Peda\u00e7o\u201d, Floyd Roger Myers Jr. morre aos 42 anos"},"content":{"rendered":"<p>O ator Floyd Roger Myers Jr., conhecido por interpretar a vers\u00e3o crian\u00e7a de Will Smith na s\u00e9rie \u201cUm Maluco no Peda\u00e7o\u201d, morreu aos 42 anos. A informa\u00e7\u00e3o foi confirmada por sua m\u00e3e, Renee Trice, ao site TMZ.<\/p>\n<p>Segundo ela, o filho sofreu um ataque card\u00edaco em casa, em Maryland, nos Estados Unidos, na \u00faltima quarta-feira, 29.<\/p>\n<p>Renee contou ao portal que havia falado com ele poucas horas antes de sua morte. Myers j\u00e1 havia enfrentado outros tr\u00eas ataques card\u00edacos nos \u00faltimos tr\u00eas anos. A m\u00e3e tamb\u00e9m lamentou a perda em uma publica\u00e7\u00e3o nas redes sociais, acompanhada de uma foto do ator com seus quatro filhos.<\/p>\n<p><strong>Quem foi Floyd Roger Myers Jr.<\/strong><\/p>\n<p>Myers come\u00e7ou a carreira como ator mirim nos anos 1990. Al\u00e9m da participa\u00e7\u00e3o em Um Maluco no Peda\u00e7o, em um epis\u00f3dio exibido em 1992, ele viveu o jovem Marlon Jackson na s\u00e9rie The Jacksons, que retratava a trajet\u00f3ria da fam\u00edlia Michael Jackson rumo ao estrelato. Posteriormente, participou de um epis\u00f3dio do drama juvenil Young Americans, exibido em 2000.<\/p>\n<p>O ator era pai de quatro crian\u00e7as &#8211; Taelyn, Kinsley, Tyler e Knox &#8211; e cofundador de uma organiza\u00e7\u00e3o voltada ao fortalecimento e apoio emocional de homens. O funeral do ator est\u00e1 marcado para segunda-feira, 3 de novembro.<\/p>\n<p>Veja Tamb\u00e9m<\/p>\n","protected":false},"excerpt":{"rendered":"O ator Floyd Roger Myers Jr., conhecido por interpretar a vers\u00e3o crian\u00e7a de Will Smith na s\u00e9rie \u201cUm&hellip;\n","protected":false},"author":2,"featured_media":133624,"comment_status":"","ping_status":"","sticky":false,"template":"","format":"standard","meta":{"footnotes":""},"categories":[145],"tags":[3428,211,210,114,115,30207,1437,32,33],"class_list":{"0":"post-133623","1":"post","2":"type-post","3":"status-publish","4":"format-standard","5":"has-post-thumbnail","7":"category-celebridades","8":"tag-arte-agenda","9":"tag-celebridades","10":"tag-celebrities","11":"tag-entertainment","12":"tag-entretenimento","13":"tag-floyd-roger-myers-jr","14":"tag-morte","15":"tag-portugal","16":"tag-pt"},"share_on_mastodon":{"url":"https:\/\/pubeurope.com\/@pt\/115467540480958157","error":""},"_links":{"self":[{"href":"https:\/\/www.europesays.com\/pt\/wp-json\/wp\/v2\/posts\/133623","targetHints":{"allow":["GET"]}}],"collection":[{"href":"https:\/\/www.europesays.com\/pt\/wp-json\/wp\/v2\/posts"}],"about":[{"href":"https:\/\/www.europesays.com\/pt\/wp-json\/wp\/v2\/types\/post"}],"author":[{"embeddable":true,"href":"https:\/\/www.europesays.com\/pt\/wp-json\/wp\/v2\/users\/2"}],"replies":[{"embeddable":true,"href":"https:\/\/www.europesays.com\/pt\/wp-json\/wp\/v2\/comments?post=133623"}],"version-history":[{"count":0,"href":"https:\/\/www.europesays.com\/pt\/wp-json\/wp\/v2\/posts\/133623\/revisions"}],"wp:featuredmedia":[{"embeddable":true,"href":"https:\/\/www.europesays.com\/pt\/wp-json\/wp\/v2\/media\/133624"}],"wp:attachment":[{"href":"https:\/\/www.europesays.com\/pt\/wp-json\/wp\/v2\/media?parent=133623"}],"wp:term":[{"taxonomy":"category","embeddable":true,"href":"https:\/\/www.europesays.com\/pt\/wp-json\/wp\/v2\/categories?post=133623"},{"taxonomy":"post_tag","embeddable":true,"href":"https:\/\/www.europesays.com\/pt\/wp-json\/wp\/v2\/tags?post=133623"}],"curies":[{"name":"wp","href":"https:\/\/api.w.org\/{rel}","templated":true}]}}